{"id":35268,"date":"2026-04-07T15:47:10","date_gmt":"2026-04-07T18:47:10","guid":{"rendered":"http:\/\/revistavitrineibiuna.com.br\/?p=35268"},"modified":"2026-04-08T04:24:23","modified_gmt":"2026-04-08T07:24:23","slug":"ibiuna-quem-e-quem-no-paco-municipal-2","status":"publish","type":"post","link":"https:\/\/revistavitrineibiuna.com.br\/?p=35268","title":{"rendered":"IBI\u00daNA \u2013 QUEM \u00c9 QUEM NO PA\u00c7O MUNICIPAL &#8211; 2"},"content":{"rendered":"\n<p class=\"has-drop-cap\">C<strong>om o objetivo de esclarecer a popula\u00e7\u00e3o como funciona a estrutura da Prefeitura de Ibi\u00fana, a revista vitrine online iniciou a publica\u00e7\u00e3o da s\u00e9rie de mat\u00e9rias \u201cIbi\u00fana \u2013 quem \u00e9 quem no Pa\u00e7o Municipal\u201d.  <\/strong><\/p>\n\n\n\n<p><strong>O prop\u00f3sito desse material \u00e9 tamb\u00e9m orientar os cidad\u00e3os que, por ventura, sintam a necessidade de reivindicar medidas para problemas de responsabilidade da municipalidade.<\/strong><\/p>\n\n\n\n<p><strong>Para que possam assegurar um retorno em suas peti\u00e7\u00f5es, os mun\u00edcipes \u00a0devem se dirigir ao Setor de Protocolo que fica no piso t\u00e9rreo do Pa\u00e7o Municipal, localizado na avenida Capit\u00e3o Manoel de Oliveira Carvalho, 51 \u2013 Centro \u2013 Ibi\u00fana, registrar suas demandas<\/strong> <strong>e acompanhar os resultados.<\/strong><\/p>\n\n\n\n<p><strong>Prefeito: advogado M\u00e1rio Pires de Oliveira<\/strong><\/p>\n\n\n\n<p><strong>Na condi\u00e7\u00e3o de atual chefe do Poder Executivo municipal, o prefeito tem a responsabilidade de administrar a cidade, garantindo a presta\u00e7\u00e3o de servi\u00e7os p\u00fablicos essenciais, o desenvolvimento urbano e a aplica\u00e7\u00e3o das leis municipais.<\/strong><\/p>\n\n\n\n<p><strong>As suas atribui\u00e7\u00f5es s\u00e3o definidas pela Lei Org\u00e2nica do Munic\u00edpio e incluem:<\/strong><\/p>\n\n\n\n<p><strong>. Gest\u00e3o de Servi\u00e7os B\u00e1sicos: Priorizar \u00e1reas como transporte p\u00fablico, sa\u00fade (incluindo a instala\u00e7\u00e3o e manuten\u00e7\u00e3o de unidades como a UPA) e melhorias na infraestrutura urbana<\/strong>;<\/p>\n\n\n\n<p><strong>. Administra\u00e7\u00e3o P\u00fablica: Gerir o funcionalismo municipal, incluindo decis\u00f5es sobre readmiss\u00e3o de servidores e organiza\u00e7\u00e3o das secretarias<\/strong>;<\/p>\n\n\n\n<p><strong>. Seguran\u00e7a e Ordem: Respons\u00e1vel pela organiza\u00e7\u00e3o e atribui\u00e7\u00f5es da Guarda Civil Municipal de Ibi\u00fana<\/strong>;<\/p>\n\n\n\n<p><strong>. Desenvolvimento e Meio Ambiente: Fomentar o desenvolvimento urbano e promover a sustentabilidade, como a preserva\u00e7\u00e3o de recursos naturais, como a Represa de Itupararanga<\/strong>;<\/p>\n\n\n\n<p><strong>. Fiscaliza\u00e7\u00e3o: Garantir o cumprimento do C\u00f3digo de Posturas, como a fiscaliza\u00e7\u00e3o de terrenos<\/strong>;<\/p>\n\n\n\n<p><strong>. Responsabilidade Legal: Responder pelos crimes de responsabilidade e infra\u00e7\u00f5es pol\u00edtico-administrativas, conforme o Decreto-Lei Federal n\u00ba 201\/67 e a legisla\u00e7\u00e3o municipal.<\/strong><\/p>\n","protected":false},"excerpt":{"rendered":"<p>Com o objetivo de esclarecer a popula\u00e7\u00e3o como funciona a estrutura da Prefeitura de Ibi\u00fana, a revista vitrine online iniciou<\/p>\n","protected":false},"author":1,"featured_media":35269,"comment_status":"open","ping_status":"open","sticky":false,"template":"","format":"standard","meta":[],"categories":[3],"tags":[],"yoast_head":"<!-- This site is optimized with the Yoast SEO plugin v15.8 - https:\/\/yoast.com\/wordpress\/plugins\/seo\/ -->\n<title>IBI\u00daNA \u2013 QUEM \u00c9 QUEM NO PA\u00c7O MUNICIPAL - 2 - Revista Vitrine Online<\/title>\n<meta name=\"robots\" content=\"index, follow, max-snippet:-1, max-image-preview:large, max-video-preview:-1\" \/>\n<link rel=\"canonical\" href=\"http:\/\/revistavitrineibiuna.com.br\/?p=35268\" \/>\n<meta property=\"og:locale\" content=\"pt_BR\" \/>\n<meta property=\"og:type\" content=\"article\" \/>\n<meta property=\"og:title\" content=\"IBI\u00daNA \u2013 QUEM \u00c9 QUEM NO PA\u00c7O MUNICIPAL - 2 - Revista Vitrine Online\" \/>\n<meta property=\"og:description\" content=\"Com o objetivo de esclarecer a popula\u00e7\u00e3o como funciona a estrutura da Prefeitura de Ibi\u00fana, a revista vitrine online iniciou\" \/>\n<meta property=\"og:url\" content=\"http:\/\/revistavitrineibiuna.com.br\/?p=35268\" \/>\n<meta property=\"og:site_name\" content=\"Revista Vitrine Online\" \/>\n<meta property=\"article:published_time\" content=\"2026-04-07T18:47:10+00:00\" \/>\n<meta property=\"article:modified_time\" content=\"2026-04-08T07:24:23+00:00\" \/>\n<meta property=\"og:image\" content=\"https:\/\/revistavitrineibiuna.com.br\/wp-content\/uploads\/2026\/04\/ca6cbe66-a2f2-4cd1-ac36-c796a62c2c03.jpg\" \/>\n\t<meta property=\"og:image:width\" content=\"716\" \/>\n\t<meta property=\"og:image:height\" content=\"461\" \/>\n<meta name=\"twitter:card\" content=\"summary\" \/>\n<meta name=\"twitter:label1\" content=\"Est. reading time\">\n\t<meta name=\"twitter:data1\" content=\"2 minutos\">\n<script type=\"application\/ld+json\" class=\"yoast-schema-graph\">{\"@context\":\"https:\/\/schema.org\",\"@graph\":[{\"@type\":\"WebSite\",\"@id\":\"https:\/\/revistavitrineibiuna.com.br\/#website\",\"url\":\"https:\/\/revistavitrineibiuna.com.br\/\",\"name\":\"Revista Vitrine Ibi\\u00fana\",\"description\":\"A Revista de Ibi\\u00fana e Regi\\u00e3o\",\"publisher\":{\"@id\":\"https:\/\/revistavitrineibiuna.com.br\/#\/schema\/person\/e51ef49d6d88170ea21ceabff3f73deb\"},\"potentialAction\":[{\"@type\":\"SearchAction\",\"target\":\"https:\/\/revistavitrineibiuna.com.br\/?s={search_term_string}\",\"query-input\":\"required name=search_term_string\"}],\"inLanguage\":\"pt-BR\"},{\"@type\":\"ImageObject\",\"@id\":\"http:\/\/revistavitrineibiuna.com.br\/?p=35268#primaryimage\",\"inLanguage\":\"pt-BR\",\"url\":\"https:\/\/revistavitrineibiuna.com.br\/wp-content\/uploads\/2026\/04\/ca6cbe66-a2f2-4cd1-ac36-c796a62c2c03.jpg\",\"width\":716,\"height\":461},{\"@type\":\"WebPage\",\"@id\":\"http:\/\/revistavitrineibiuna.com.br\/?p=35268#webpage\",\"url\":\"http:\/\/revistavitrineibiuna.com.br\/?p=35268\",\"name\":\"IBI\\u00daNA \\u2013 QUEM \\u00c9 QUEM NO PA\\u00c7O MUNICIPAL - 2 - Revista Vitrine Online\",\"isPartOf\":{\"@id\":\"https:\/\/revistavitrineibiuna.com.br\/#website\"},\"primaryImageOfPage\":{\"@id\":\"http:\/\/revistavitrineibiuna.com.br\/?p=35268#primaryimage\"},\"datePublished\":\"2026-04-07T18:47:10+00:00\",\"dateModified\":\"2026-04-08T07:24:23+00:00\",\"breadcrumb\":{\"@id\":\"http:\/\/revistavitrineibiuna.com.br\/?p=35268#breadcrumb\"},\"inLanguage\":\"pt-BR\",\"potentialAction\":[{\"@type\":\"ReadAction\",\"target\":[\"http:\/\/revistavitrineibiuna.com.br\/?p=35268\"]}]},{\"@type\":\"BreadcrumbList\",\"@id\":\"http:\/\/revistavitrineibiuna.com.br\/?p=35268#breadcrumb\",\"itemListElement\":[{\"@type\":\"ListItem\",\"position\":1,\"item\":{\"@type\":\"WebPage\",\"@id\":\"https:\/\/revistavitrineibiuna.com.br\/\",\"url\":\"https:\/\/revistavitrineibiuna.com.br\/\",\"name\":\"In\\u00edcio\"}},{\"@type\":\"ListItem\",\"position\":2,\"item\":{\"@type\":\"WebPage\",\"@id\":\"http:\/\/revistavitrineibiuna.com.br\/?p=35268\",\"url\":\"http:\/\/revistavitrineibiuna.com.br\/?p=35268\",\"name\":\"IBI\\u00daNA \\u2013 QUEM \\u00c9 QUEM NO PA\\u00c7O MUNICIPAL &#8211; 2\"}}]},{\"@type\":\"Article\",\"@id\":\"http:\/\/revistavitrineibiuna.com.br\/?p=35268#article\",\"isPartOf\":{\"@id\":\"http:\/\/revistavitrineibiuna.com.br\/?p=35268#webpage\"},\"author\":{\"@id\":\"https:\/\/revistavitrineibiuna.com.br\/#\/schema\/person\/e51ef49d6d88170ea21ceabff3f73deb\"},\"headline\":\"IBI\\u00daNA \\u2013 QUEM \\u00c9 QUEM NO PA\\u00c7O MUNICIPAL &#8211; 2\",\"datePublished\":\"2026-04-07T18:47:10+00:00\",\"dateModified\":\"2026-04-08T07:24:23+00:00\",\"mainEntityOfPage\":{\"@id\":\"http:\/\/revistavitrineibiuna.com.br\/?p=35268#webpage\"},\"commentCount\":0,\"publisher\":{\"@id\":\"https:\/\/revistavitrineibiuna.com.br\/#\/schema\/person\/e51ef49d6d88170ea21ceabff3f73deb\"},\"image\":{\"@id\":\"http:\/\/revistavitrineibiuna.com.br\/?p=35268#primaryimage\"},\"articleSection\":\"Not\\u00edcias\",\"inLanguage\":\"pt-BR\",\"potentialAction\":[{\"@type\":\"CommentAction\",\"name\":\"Comment\",\"target\":[\"http:\/\/revistavitrineibiuna.com.br\/?p=35268#respond\"]}]},{\"@type\":[\"Person\",\"Organization\"],\"@id\":\"https:\/\/revistavitrineibiuna.com.br\/#\/schema\/person\/e51ef49d6d88170ea21ceabff3f73deb\",\"name\":\"Carlos Rossini\",\"image\":{\"@type\":\"ImageObject\",\"@id\":\"https:\/\/revistavitrineibiuna.com.br\/#personlogo\",\"inLanguage\":\"pt-BR\",\"url\":\"https:\/\/secure.gravatar.com\/avatar\/4f2d0f99fac1f85c7d643f21f5c8d900?s=96&d=mm&r=g\",\"caption\":\"Carlos Rossini\"},\"logo\":{\"@id\":\"https:\/\/revistavitrineibiuna.com.br\/#personlogo\"},\"description\":\"Carlos Rossini \\u00e9 jornalista, soci\\u00f3logo, escritor e professor universit\\u00e1rio, tendo sido professor de jornalismo por vinte anos. Trabalhou em ve\\u00edculos de comunica\\u00e7\\u00e3o nas fun\\u00e7\\u00f5es de rep\\u00f3rter, redator, editor, articulista e colaborador, como Folha de S. Paulo, O Estado de S. Paulo, Di\\u00e1rio Popular, entre outros. Ao transferir a revista vitrine, vers\\u00e3o imprensa, de S\\u00e3o Paulo para Ibi\\u00fana h\\u00e1 alguns anos, iniciou uma nova experi\\u00eancia profissional, dedicando-se ao jornalismo regional, depois de cumprir uma trajet\\u00f3ria bem-sucedida na grande imprensa brasileira. Seu primeiro livro A Coragem de Comunicar foi lan\\u00e7ado na Bienal do Livro em S\\u00e3o Paulo no ano 2000, pela editora Madras.\"}]}<\/script>\n<!-- \/ Yoast SEO plugin. -->","_links":{"self":[{"href":"https:\/\/revistavitrineibiuna.com.br\/index.php?rest_route=\/wp\/v2\/posts\/35268"}],"collection":[{"href":"https:\/\/revistavitrineibiuna.com.br\/index.php?rest_route=\/wp\/v2\/posts"}],"about":[{"href":"https:\/\/revistavitrineibiuna.com.br\/index.php?rest_route=\/wp\/v2\/types\/post"}],"author":[{"embeddable":true,"href":"https:\/\/revistavitrineibiuna.com.br\/index.php?rest_route=\/wp\/v2\/users\/1"}],"replies":[{"embeddable":true,"href":"https:\/\/revistavitrineibiuna.com.br\/index.php?rest_route=%2Fwp%2Fv2%2Fcomments&post=35268"}],"version-history":[{"count":5,"href":"https:\/\/revistavitrineibiuna.com.br\/index.php?rest_route=\/wp\/v2\/posts\/35268\/revisions"}],"predecessor-version":[{"id":35280,"href":"https:\/\/revistavitrineibiuna.com.br\/index.php?rest_route=\/wp\/v2\/posts\/35268\/revisions\/35280"}],"wp:featuredmedia":[{"embeddable":true,"href":"https:\/\/revistavitrineibiuna.com.br\/index.php?rest_route=\/wp\/v2\/media\/35269"}],"wp:attachment":[{"href":"https:\/\/revistavitrineibiuna.com.br\/index.php?rest_route=%2Fwp%2Fv2%2Fmedia&parent=35268"}],"wp:term":[{"taxonomy":"category","embeddable":true,"href":"https:\/\/revistavitrineibiuna.com.br\/index.php?rest_route=%2Fwp%2Fv2%2Fcategories&post=35268"},{"taxonomy":"post_tag","embeddable":true,"href":"https:\/\/revistavitrineibiuna.com.br\/index.php?rest_route=%2Fwp%2Fv2%2Ftags&post=35268"}],"curies":[{"name":"wp","href":"https:\/\/api.w.org\/{rel}","templated":true}]}}