{"id":35281,"date":"2026-04-08T18:23:52","date_gmt":"2026-04-08T21:23:52","guid":{"rendered":"http:\/\/revistavitrineibiuna.com.br\/?p=35281"},"modified":"2026-04-08T19:46:09","modified_gmt":"2026-04-08T22:46:09","slug":"tvuna-completa-3-anos-nossa-palavra-para-todos-e-gratidao","status":"publish","type":"post","link":"https:\/\/revistavitrineibiuna.com.br\/?p=35281","title":{"rendered":"TVUNA COMPLETA 3 ANOS; NOSSA PALAVRA PARA TODOS \u00c9: GRATID\u00c3O!"},"content":{"rendered":"\n<p class=\"has-drop-cap\"><strong>Em 2023 nosso projeto para oferecer uma m\u00eddia diferenciada estava pronto e se resumia em duas palavras: jornalismo profissional.<\/strong><\/p>\n\n\n\n<p><strong>Sab\u00edamos do tamanho do desafio e at\u00e9 hoje, por amor \u00e0 profiss\u00e3o de servir \u00e0 comunidade, nos mantemos firmes nesse prop\u00f3sito.<\/strong><\/p>\n\n\n\n<p><strong>Come\u00e7amos no formato podcast, at\u00e9 compreendermos que t\u00ednhamos que ir ao campo aonde o povo e os fatos de fato acontecem.<\/strong><\/p>\n\n\n\n<p><strong>E \u00e9 isso. No pr\u00f3ximo dia 26, deste abril de 2026, a TVUNA comemora seu 3\u00ba anivers\u00e1rio, com energia que se renova a cada dia e uma vontade de melhorar sempre.<\/strong><\/p>\n\n\n\n<p><strong>Por isso, passamos a contar com uma nova produ\u00e7\u00e3o e o objetivo de oferecer produtos de alcance popular, com linguagem mais simples, direta e compreens\u00edvel.<\/strong><\/p>\n\n\n\n<p><strong>E ser\u00e1 maravilhoso se pudermos continuar com sua audi\u00eancia e conquistar parcelas cada vez mais amplas da popula\u00e7\u00e3o, sempre com o prop\u00f3sito de nos pautarmos pelas boas pr\u00e1ticas profissionais e respeito aos nossos telespectadores.<\/strong><\/p>\n\n\n\n<p><strong>Que assim seja! N\u00f3s continuamos fi\u00e9is aos nossos princ\u00edpios \u00e9ticos e morais porque acreditamos que essa \u00e9 a melhor forma de demonstrar nosso respeito a todos voc\u00eas.<\/strong><\/p>\n\n\n\n<p><strong>A foto que abre esta not\u00edcia mostra uma parte das pessoas que nos honraram com suas presen\u00e7as exatamente no dia da inaugura\u00e7\u00e3o da TVUNA, celebrada com um coquetel na sala da Ibi\u00fanacast, dos queridos pioneiros Tom e Fran Borges, ainda na avenida S\u00e3o Sebasti\u00e3o, com programas transmitidos ao vivo.<\/strong><\/p>\n\n\n\n<figure class=\"wp-block-image size-large\"><img loading=\"lazy\" width=\"1024\" height=\"768\" src=\"https:\/\/revistavitrineibiuna.com.br\/wp-content\/uploads\/2026\/04\/TVUNA-inauguracao-1024x768.jpg\" alt=\"\" class=\"wp-image-35285\" srcset=\"https:\/\/revistavitrineibiuna.com.br\/wp-content\/uploads\/2026\/04\/TVUNA-inauguracao-1024x768.jpg 1024w, https:\/\/revistavitrineibiuna.com.br\/wp-content\/uploads\/2026\/04\/TVUNA-inauguracao-300x225.jpg 300w, https:\/\/revistavitrineibiuna.com.br\/wp-content\/uploads\/2026\/04\/TVUNA-inauguracao-768x576.jpg 768w, https:\/\/revistavitrineibiuna.com.br\/wp-content\/uploads\/2026\/04\/TVUNA-inauguracao-1536x1152.jpg 1536w, https:\/\/revistavitrineibiuna.com.br\/wp-content\/uploads\/2026\/04\/TVUNA-inauguracao-320x240.jpg 320w, https:\/\/revistavitrineibiuna.com.br\/wp-content\/uploads\/2026\/04\/TVUNA-inauguracao.jpg 1600w\" sizes=\"(max-width: 1024px) 100vw, 1024px\" \/><figcaption>No programa inaugural &#8211; dia 26.4.2023: Lucas Pires, Naiane Pereira Leite, Jos\u00e9 Gomes Linense, Celia, Glauco e Carlos Rossini, Renan Godinho, Marcelo Zambardino, Bianca Camargo, Priscila Fernando e Fellipe Fernandes.<\/figcaption><\/figure>\n\n\n\n<p><strong>Com o \u00e2nimo renovado, n\u00f3s convidamos cada um de voc\u00eas que nos acompanhe no Instagram, Facebook, TikTok e Youtube; afinal, tudo o que fazemos \u00e9 destinado a voc\u00eas.<\/strong><\/p>\n\n\n\n<p><strong>N\u00f3s somos parceiros de toda a popula\u00e7\u00e3o ibiunense e da regi\u00e3o e queremos estar juntos em todas as conquistas para que tenhamos uma vida melhor.<\/strong><\/p>\n\n\n\n<p><strong>Queremos, por fim, dizer que nosso compromisso ser\u00e1 sempre com a verdade, que significa originalmente aquilo que n\u00e3o \u00e9 escondido, que aparece, e que, por isso mesmo, evoca essa palavrinha \u00e0 que estamos sempre nos referindo: transpar\u00eancia.<\/strong><\/p>\n\n\n\n<p><strong>Manifestamos de modo especial nossa gratid\u00e3o \u00e0s empresas que nos tem apoiado com grata fidelidade: Supermercado Ibi\u00fana, Feij\u00f5es M\u00e1gicos, Moya Engenharia, WTR Seguros. (<em>Carlos Rossini \u00e9 jornalista diretor da TVUNA e editor de vitrine online que est\u00e1 completando 13 anos<\/em>) &nbsp;<\/strong><\/p>\n\n\n\n<p><strong>IMAGENS REFLETEM A ATUA\u00c7\u00c3O DA TVUNA<\/strong><\/p>\n\n\n\n<figure class=\"wp-block-image size-large\"><img loading=\"lazy\" width=\"714\" height=\"399\" src=\"https:\/\/revistavitrineibiuna.com.br\/wp-content\/uploads\/2026\/04\/D.-Horacia.png\" alt=\"\" class=\"wp-image-35288\" srcset=\"https:\/\/revistavitrineibiuna.com.br\/wp-content\/uploads\/2026\/04\/D.-Horacia.png 714w, https:\/\/revistavitrineibiuna.com.br\/wp-content\/uploads\/2026\/04\/D.-Horacia-300x168.png 300w\" sizes=\"(max-width: 714px) 100vw, 714px\" \/><figcaption>Entrevista com d. Hor\u00e1cia, s\u00edmbolo da resist\u00eancia do povo do Parque Estadual do Jurupar\u00e1<\/figcaption><\/figure>\n\n\n\n<figure class=\"wp-block-image size-large\"><img loading=\"lazy\" width=\"800\" height=\"445\" src=\"https:\/\/revistavitrineibiuna.com.br\/wp-content\/uploads\/2026\/04\/donizete-e-oliveira-800x445-1.png\" alt=\"\" class=\"wp-image-35289\" srcset=\"https:\/\/revistavitrineibiuna.com.br\/wp-content\/uploads\/2026\/04\/donizete-e-oliveira-800x445-1.png 800w, https:\/\/revistavitrineibiuna.com.br\/wp-content\/uploads\/2026\/04\/donizete-e-oliveira-800x445-1-300x167.png 300w, https:\/\/revistavitrineibiuna.com.br\/wp-content\/uploads\/2026\/04\/donizete-e-oliveira-800x445-1-768x427.png 768w\" sizes=\"(max-width: 800px) 100vw, 800px\" \/><figcaption>Tributo a banda Lyra Unense<\/figcaption><\/figure>\n\n\n\n<figure class=\"wp-block-image size-large\"><img loading=\"lazy\" width=\"705\" height=\"445\" src=\"https:\/\/revistavitrineibiuna.com.br\/wp-content\/uploads\/2026\/04\/de-novo-dr.-Renan-705x445-1.png\" alt=\"\" class=\"wp-image-35290\" srcset=\"https:\/\/revistavitrineibiuna.com.br\/wp-content\/uploads\/2026\/04\/de-novo-dr.-Renan-705x445-1.png 705w, https:\/\/revistavitrineibiuna.com.br\/wp-content\/uploads\/2026\/04\/de-novo-dr.-Renan-705x445-1-300x189.png 300w\" sizes=\"(max-width: 705px) 100vw, 705px\" \/><figcaption>Entrevista com m\u00e9dicos: Dr. Renan, neurologista<\/figcaption><\/figure>\n\n\n\n<figure class=\"wp-block-image size-large\"><img loading=\"lazy\" width=\"800\" height=\"445\" src=\"https:\/\/revistavitrineibiuna.com.br\/wp-content\/uploads\/2026\/04\/fotos-novidade-dos-vereadores-800x445-1.png\" alt=\"\" class=\"wp-image-35291\" srcset=\"https:\/\/revistavitrineibiuna.com.br\/wp-content\/uploads\/2026\/04\/fotos-novidade-dos-vereadores-800x445-1.png 800w, https:\/\/revistavitrineibiuna.com.br\/wp-content\/uploads\/2026\/04\/fotos-novidade-dos-vereadores-800x445-1-300x167.png 300w, https:\/\/revistavitrineibiuna.com.br\/wp-content\/uploads\/2026\/04\/fotos-novidade-dos-vereadores-800x445-1-768x427.png 768w\" sizes=\"(max-width: 800px) 100vw, 800px\" \/><figcaption>Vereadores eleitos pela primeira vez em 2024<\/figcaption><\/figure>\n\n\n\n<figure class=\"wp-block-image size-large\"><img loading=\"lazy\" width=\"800\" height=\"445\" src=\"https:\/\/revistavitrineibiuna.com.br\/wp-content\/uploads\/2026\/04\/4c6e1dc6-f63b-4966-8963-8614c1008212.jpg\" alt=\"\" class=\"wp-image-35293\" srcset=\"https:\/\/revistavitrineibiuna.com.br\/wp-content\/uploads\/2026\/04\/4c6e1dc6-f63b-4966-8963-8614c1008212.jpg 800w, https:\/\/revistavitrineibiuna.com.br\/wp-content\/uploads\/2026\/04\/4c6e1dc6-f63b-4966-8963-8614c1008212-300x167.jpg 300w, https:\/\/revistavitrineibiuna.com.br\/wp-content\/uploads\/2026\/04\/4c6e1dc6-f63b-4966-8963-8614c1008212-768x427.jpg 768w\" sizes=\"(max-width: 800px) 100vw, 800px\" \/><figcaption>Cobertura do grande debate sobre perturba\u00e7\u00e3o do sossego em Ibi\u00fana, na C\u00e2mara Municipal<\/figcaption><\/figure>\n\n\n\n<figure class=\"wp-block-image size-large\"><img loading=\"lazy\" width=\"717\" height=\"403\" src=\"https:\/\/revistavitrineibiuna.com.br\/wp-content\/uploads\/2026\/04\/entrevista-com-mario-naldo-e-senhoras.png\" alt=\"\" class=\"wp-image-35295\" srcset=\"https:\/\/revistavitrineibiuna.com.br\/wp-content\/uploads\/2026\/04\/entrevista-com-mario-naldo-e-senhoras.png 717w, https:\/\/revistavitrineibiuna.com.br\/wp-content\/uploads\/2026\/04\/entrevista-com-mario-naldo-e-senhoras-300x169.png 300w\" sizes=\"(max-width: 717px) 100vw, 717px\" \/><figcaption>Entrevista com os eleitos a prefeito e vice em 2024, com respectiva esposas<\/figcaption><\/figure>\n\n\n\n<figure class=\"wp-block-image size-large\"><img loading=\"lazy\" width=\"740\" height=\"445\" src=\"https:\/\/revistavitrineibiuna.com.br\/wp-content\/uploads\/2026\/04\/foto-represa-22.9-740x445-1.jpg\" alt=\"\" class=\"wp-image-35298\" srcset=\"https:\/\/revistavitrineibiuna.com.br\/wp-content\/uploads\/2026\/04\/foto-represa-22.9-740x445-1.jpg 740w, https:\/\/revistavitrineibiuna.com.br\/wp-content\/uploads\/2026\/04\/foto-represa-22.9-740x445-1-300x180.jpg 300w\" sizes=\"(max-width: 740px) 100vw, 740px\" \/><figcaption>Firme defesa da prote\u00e7\u00e3o da represa Itupararanga, sobretudo nos momentos de crise por falta de \u00e1gua<\/figcaption><\/figure>\n\n\n\n<figure class=\"wp-block-image size-large\"><img loading=\"lazy\" width=\"1024\" height=\"596\" src=\"https:\/\/revistavitrineibiuna.com.br\/wp-content\/uploads\/2026\/04\/a-maldicao-do-padre-e-os-politicos-de-ibiuna-1024x596.png\" alt=\"\" class=\"wp-image-35301\" srcset=\"https:\/\/revistavitrineibiuna.com.br\/wp-content\/uploads\/2026\/04\/a-maldicao-do-padre-e-os-politicos-de-ibiuna-1024x596.png 1024w, https:\/\/revistavitrineibiuna.com.br\/wp-content\/uploads\/2026\/04\/a-maldicao-do-padre-e-os-politicos-de-ibiuna-300x175.png 300w, https:\/\/revistavitrineibiuna.com.br\/wp-content\/uploads\/2026\/04\/a-maldicao-do-padre-e-os-politicos-de-ibiuna-768x447.png 768w, https:\/\/revistavitrineibiuna.com.br\/wp-content\/uploads\/2026\/04\/a-maldicao-do-padre-e-os-politicos-de-ibiuna-1536x895.png 1536w, https:\/\/revistavitrineibiuna.com.br\/wp-content\/uploads\/2026\/04\/a-maldicao-do-padre-e-os-politicos-de-ibiuna.png 1595w\" sizes=\"(max-width: 1024px) 100vw, 1024px\" \/><figcaption>Cobertura dos acontecimentos em tornos dos poderes Executivo e Legislativo envolvendo contriui\u00e7\u00f5es cr\u00edticas<\/figcaption><\/figure>\n\n\n\n<figure class=\"wp-block-image size-large\"><img loading=\"lazy\" width=\"800\" height=\"445\" src=\"https:\/\/revistavitrineibiuna.com.br\/wp-content\/uploads\/2026\/04\/Machado-Zambardino-e-Moraes-800x445-1.png\" alt=\"\" class=\"wp-image-35304\" srcset=\"https:\/\/revistavitrineibiuna.com.br\/wp-content\/uploads\/2026\/04\/Machado-Zambardino-e-Moraes-800x445-1.png 800w, https:\/\/revistavitrineibiuna.com.br\/wp-content\/uploads\/2026\/04\/Machado-Zambardino-e-Moraes-800x445-1-300x167.png 300w, https:\/\/revistavitrineibiuna.com.br\/wp-content\/uploads\/2026\/04\/Machado-Zambardino-e-Moraes-800x445-1-768x427.png 768w\" sizes=\"(max-width: 800px) 100vw, 800px\" \/><figcaption>Entrevistas com autoridades da seguran\u00e7a p\u00fablica<\/figcaption><\/figure>\n\n\n\n<figure class=\"wp-block-image size-large\"><img loading=\"lazy\" width=\"594\" height=\"409\" src=\"https:\/\/revistavitrineibiuna.com.br\/wp-content\/uploads\/2026\/04\/M..jpg\" alt=\"\" class=\"wp-image-35307\" srcset=\"https:\/\/revistavitrineibiuna.com.br\/wp-content\/uploads\/2026\/04\/M..jpg 594w, https:\/\/revistavitrineibiuna.com.br\/wp-content\/uploads\/2026\/04\/M.-300x207.jpg 300w, https:\/\/revistavitrineibiuna.com.br\/wp-content\/uploads\/2026\/04\/M.-130x90.jpg 130w\" sizes=\"(max-width: 594px) 100vw, 594px\" \/><figcaption>Coberturas sobre os problemas com atendimento insatisfat\u00f3rio no Hospital Municipal<\/figcaption><\/figure>\n\n\n\n<figure class=\"wp-block-image size-large\"><img loading=\"lazy\" width=\"718\" height=\"435\" src=\"https:\/\/revistavitrineibiuna.com.br\/wp-content\/uploads\/2026\/04\/manifesto-2.png\" alt=\"\" class=\"wp-image-35310\" srcset=\"https:\/\/revistavitrineibiuna.com.br\/wp-content\/uploads\/2026\/04\/manifesto-2.png 718w, https:\/\/revistavitrineibiuna.com.br\/wp-content\/uploads\/2026\/04\/manifesto-2-300x182.png 300w\" sizes=\"(max-width: 718px) 100vw, 718px\" \/><figcaption>Apoio aos movimentos das pessoas expulsas de suas terras no Parque Jurupar\u00e1<\/figcaption><\/figure>\n\n\n\n<figure class=\"wp-block-image size-large\"><img loading=\"lazy\" width=\"717\" height=\"413\" src=\"https:\/\/revistavitrineibiuna.com.br\/wp-content\/uploads\/2026\/04\/correio-ibiuna.png\" alt=\"\" class=\"wp-image-35311\" srcset=\"https:\/\/revistavitrineibiuna.com.br\/wp-content\/uploads\/2026\/04\/correio-ibiuna.png 717w, https:\/\/revistavitrineibiuna.com.br\/wp-content\/uploads\/2026\/04\/correio-ibiuna-300x173.png 300w\" sizes=\"(max-width: 717px) 100vw, 717px\" \/><figcaption>Not\u00edcias sobre o sofrimento da popula\u00e7\u00e3o e a fal\u00eancia dos Correrios<\/figcaption><\/figure>\n\n\n\n<figure class=\"wp-block-image size-large\"><img loading=\"lazy\" width=\"719\" height=\"503\" src=\"https:\/\/revistavitrineibiuna.com.br\/wp-content\/uploads\/2026\/04\/murinho-da-verdade.png\" alt=\"\" class=\"wp-image-35314\" srcset=\"https:\/\/revistavitrineibiuna.com.br\/wp-content\/uploads\/2026\/04\/murinho-da-verdade.png 719w, https:\/\/revistavitrineibiuna.com.br\/wp-content\/uploads\/2026\/04\/murinho-da-verdade-300x210.png 300w, https:\/\/revistavitrineibiuna.com.br\/wp-content\/uploads\/2026\/04\/murinho-da-verdade-130x90.png 130w\" sizes=\"(max-width: 719px) 100vw, 719px\" \/><figcaption>Murinho da Verdade marcou \u00e9poca e pode voltar, agora para a popula\u00e7\u00e3o em pra\u00e7a p\u00fablica<\/figcaption><\/figure>\n\n\n\n<figure class=\"wp-block-image size-large\"><img loading=\"lazy\" width=\"620\" height=\"350\" src=\"https:\/\/revistavitrineibiuna.com.br\/wp-content\/uploads\/2026\/04\/comunicado-da-sabesp-falta-de-agua-25.12.2023.png\" alt=\"\" class=\"wp-image-35317\" srcset=\"https:\/\/revistavitrineibiuna.com.br\/wp-content\/uploads\/2026\/04\/comunicado-da-sabesp-falta-de-agua-25.12.2023.png 620w, https:\/\/revistavitrineibiuna.com.br\/wp-content\/uploads\/2026\/04\/comunicado-da-sabesp-falta-de-agua-25.12.2023-300x169.png 300w\" sizes=\"(max-width: 620px) 100vw, 620px\" \/><figcaption>Os problemas repetitivos com a falta d&#8217;\u00e1gua ou problemas com a qualidade da \u00e1gua<\/figcaption><\/figure>\n\n\n\n<figure class=\"wp-block-image size-large\"><img loading=\"lazy\" width=\"717\" height=\"656\" src=\"https:\/\/revistavitrineibiuna.com.br\/wp-content\/uploads\/2026\/04\/calinho-novo-tvuna.png\" alt=\"\" class=\"wp-image-35319\" srcset=\"https:\/\/revistavitrineibiuna.com.br\/wp-content\/uploads\/2026\/04\/calinho-novo-tvuna.png 717w, https:\/\/revistavitrineibiuna.com.br\/wp-content\/uploads\/2026\/04\/calinho-novo-tvuna-300x274.png 300w\" sizes=\"(max-width: 717px) 100vw, 717px\" \/><figcaption>A primeira grava\u00e7\u00e3o sobre a duplica\u00e7\u00e3o da Bunjiro Nakao e como se proteger do forte calor<\/figcaption><\/figure>\n\n\n\n<figure class=\"wp-block-image size-large\"><img loading=\"lazy\" width=\"1024\" height=\"661\" src=\"https:\/\/revistavitrineibiuna.com.br\/wp-content\/uploads\/2026\/04\/as-nuvens-foto-1024x661.png\" alt=\"\" class=\"wp-image-35322\" srcset=\"https:\/\/revistavitrineibiuna.com.br\/wp-content\/uploads\/2026\/04\/as-nuvens-foto-1024x661.png 1024w, https:\/\/revistavitrineibiuna.com.br\/wp-content\/uploads\/2026\/04\/as-nuvens-foto-300x194.png 300w, https:\/\/revistavitrineibiuna.com.br\/wp-content\/uploads\/2026\/04\/as-nuvens-foto-768x496.png 768w, https:\/\/revistavitrineibiuna.com.br\/wp-content\/uploads\/2026\/04\/as-nuvens-foto.png 1193w\" sizes=\"(max-width: 1024px) 100vw, 1024px\" \/><figcaption>A evoca\u00e7\u00e3o das belezas naturais de Ibi\u00fana, com o objetivo de preserva\u00e7\u00e3o<\/figcaption><\/figure>\n\n\n\n<figure class=\"wp-block-image size-large\"><img loading=\"lazy\" width=\"708\" height=\"445\" src=\"https:\/\/revistavitrineibiuna.com.br\/wp-content\/uploads\/2026\/04\/jornalismo-de-qualidade-Facebook-2-708x445-1.png\" alt=\"\" class=\"wp-image-35323\" srcset=\"https:\/\/revistavitrineibiuna.com.br\/wp-content\/uploads\/2026\/04\/jornalismo-de-qualidade-Facebook-2-708x445-1.png 708w, https:\/\/revistavitrineibiuna.com.br\/wp-content\/uploads\/2026\/04\/jornalismo-de-qualidade-Facebook-2-708x445-1-300x189.png 300w\" sizes=\"(max-width: 708px) 100vw, 708px\" \/><figcaption>O reconhecimento do nosso trabalho<\/figcaption><\/figure>\n\n\n\n<figure class=\"wp-block-image size-large\"><img loading=\"lazy\" width=\"711\" height=\"405\" src=\"https:\/\/revistavitrineibiuna.com.br\/wp-content\/uploads\/2026\/04\/compromisso-com-a-verdade.png\" alt=\"\" class=\"wp-image-35326\" srcset=\"https:\/\/revistavitrineibiuna.com.br\/wp-content\/uploads\/2026\/04\/compromisso-com-a-verdade.png 711w, https:\/\/revistavitrineibiuna.com.br\/wp-content\/uploads\/2026\/04\/compromisso-com-a-verdade-300x171.png 300w\" sizes=\"(max-width: 711px) 100vw, 711px\" \/><figcaption>A vinheta de abertura das entrevistas<\/figcaption><\/figure>\n\n\n\n<figure class=\"wp-block-image size-large\"><img loading=\"lazy\" width=\"718\" height=\"402\" src=\"https:\/\/revistavitrineibiuna.com.br\/wp-content\/uploads\/2026\/04\/nelio-na-tvuna.png\" alt=\"\" class=\"wp-image-35329\" srcset=\"https:\/\/revistavitrineibiuna.com.br\/wp-content\/uploads\/2026\/04\/nelio-na-tvuna.png 718w, https:\/\/revistavitrineibiuna.com.br\/wp-content\/uploads\/2026\/04\/nelio-na-tvuna-300x168.png 300w\" sizes=\"(max-width: 718px) 100vw, 718px\" \/><figcaption>A entrevista com o presidente da Cetril, N\u00e9lio Leite, para esclarecer sobre os graves danos da mais devastadora tempestade em Ibi\u00fana nos \u00faltimos 50 anos. Ocorreu no dia 3.11.2023. A Cetril investiu todos os seus esfor\u00e7os para regularizar o fornecimento de energia o mais breve poss\u00edvel, e foi elogiada pelos resultados obtidos.<\/figcaption><\/figure>\n\n\n\n<figure class=\"wp-block-image size-large\"><img loading=\"lazy\" width=\"799\" height=\"444\" src=\"https:\/\/revistavitrineibiuna.com.br\/wp-content\/uploads\/2026\/04\/647d573e-762e-4f0b-b76a-cd8146a7b6bf.jpg\" alt=\"\" class=\"wp-image-35330\" srcset=\"https:\/\/revistavitrineibiuna.com.br\/wp-content\/uploads\/2026\/04\/647d573e-762e-4f0b-b76a-cd8146a7b6bf.jpg 799w, https:\/\/revistavitrineibiuna.com.br\/wp-content\/uploads\/2026\/04\/647d573e-762e-4f0b-b76a-cd8146a7b6bf-300x167.jpg 300w, https:\/\/revistavitrineibiuna.com.br\/wp-content\/uploads\/2026\/04\/647d573e-762e-4f0b-b76a-cd8146a7b6bf-768x427.jpg 768w\" sizes=\"(max-width: 799px) 100vw, 799px\" \/><figcaption>A cobertura da pol\u00eamica quest\u00e3o dos dois pedagios free flow na rodovia Bunjiro Nakao<\/figcaption><\/figure>\n\n\n\n<figure class=\"wp-block-image size-large\"><img loading=\"lazy\" width=\"800\" height=\"445\" src=\"https:\/\/revistavitrineibiuna.com.br\/wp-content\/uploads\/2026\/04\/seo-ciro-na-frente-da-loja-800x445-1.png\" alt=\"\" class=\"wp-image-35333\" srcset=\"https:\/\/revistavitrineibiuna.com.br\/wp-content\/uploads\/2026\/04\/seo-ciro-na-frente-da-loja-800x445-1.png 800w, https:\/\/revistavitrineibiuna.com.br\/wp-content\/uploads\/2026\/04\/seo-ciro-na-frente-da-loja-800x445-1-300x167.png 300w, https:\/\/revistavitrineibiuna.com.br\/wp-content\/uploads\/2026\/04\/seo-ciro-na-frente-da-loja-800x445-1-768x427.png 768w\" sizes=\"(max-width: 800px) 100vw, 800px\" \/><figcaption>Entrevistas com personalidades ibiunenses, como a do sr. Ciro do G\u00e1s, com milhares de visualiza\u00e7\u00f5es e coment\u00e1rios carinhosos<\/figcaption><\/figure>\n\n\n\n<figure class=\"wp-block-image size-large\"><img loading=\"lazy\" width=\"800\" height=\"445\" src=\"https:\/\/revistavitrineibiuna.com.br\/wp-content\/uploads\/2026\/04\/thay-biatriz-25.8.2024-800x445-1.png\" alt=\"\" class=\"wp-image-35334\" srcset=\"https:\/\/revistavitrineibiuna.com.br\/wp-content\/uploads\/2026\/04\/thay-biatriz-25.8.2024-800x445-1.png 800w, https:\/\/revistavitrineibiuna.com.br\/wp-content\/uploads\/2026\/04\/thay-biatriz-25.8.2024-800x445-1-300x167.png 300w, https:\/\/revistavitrineibiuna.com.br\/wp-content\/uploads\/2026\/04\/thay-biatriz-25.8.2024-800x445-1-768x427.png 768w\" sizes=\"(max-width: 800px) 100vw, 800px\" \/><figcaption>A nossa rouxinol foi entrevistada v\u00e1rias vezes pela TVUNA, com recordes de visualiza\u00e7\u00f5es. <\/figcaption><\/figure>\n\n\n\n<figure class=\"wp-block-image size-large\"><img loading=\"lazy\" width=\"672\" height=\"611\" src=\"https:\/\/revistavitrineibiuna.com.br\/wp-content\/uploads\/2026\/04\/2ca2c5bd-22fc-4893-ac0c-6c1ab11f4401.jpg\" alt=\"\" class=\"wp-image-35337\" srcset=\"https:\/\/revistavitrineibiuna.com.br\/wp-content\/uploads\/2026\/04\/2ca2c5bd-22fc-4893-ac0c-6c1ab11f4401.jpg 672w, https:\/\/revistavitrineibiuna.com.br\/wp-content\/uploads\/2026\/04\/2ca2c5bd-22fc-4893-ac0c-6c1ab11f4401-300x273.jpg 300w\" sizes=\"(max-width: 672px) 100vw, 672px\" \/><\/figure>\n\n\n\n<p><\/p>\n","protected":false},"excerpt":{"rendered":"<p>Em 2023 nosso projeto para oferecer uma m\u00eddia diferenciada estava pronto e se resumia em duas palavras: jornalismo profissional. Sab\u00edamos<\/p>\n","protected":false},"author":1,"featured_media":35282,"comment_status":"open","ping_status":"open","sticky":false,"template":"","format":"standard","meta":[],"categories":[3],"tags":[],"yoast_head":"<!-- This site is optimized with the Yoast SEO plugin v15.8 - https:\/\/yoast.com\/wordpress\/plugins\/seo\/ -->\n<title>TVUNA COMPLETA 3 ANOS; NOSSA PALAVRA PARA TODOS \u00c9: GRATID\u00c3O! - Revista Vitrine Online<\/title>\n<meta name=\"robots\" content=\"index, follow, max-snippet:-1, max-image-preview:large, max-video-preview:-1\" \/>\n<link rel=\"canonical\" href=\"https:\/\/revistavitrineibiuna.com.br\/?p=35281\" \/>\n<meta property=\"og:locale\" content=\"pt_BR\" \/>\n<meta property=\"og:type\" content=\"article\" \/>\n<meta property=\"og:title\" content=\"TVUNA COMPLETA 3 ANOS; NOSSA PALAVRA PARA TODOS \u00c9: GRATID\u00c3O! - Revista Vitrine Online\" \/>\n<meta property=\"og:description\" content=\"Em 2023 nosso projeto para oferecer uma m\u00eddia diferenciada estava pronto e se resumia em duas palavras: jornalismo profissional. Sab\u00edamos\" \/>\n<meta property=\"og:url\" content=\"https:\/\/revistavitrineibiuna.com.br\/?p=35281\" \/>\n<meta property=\"og:site_name\" content=\"Revista Vitrine Online\" \/>\n<meta property=\"article:published_time\" content=\"2026-04-08T21:23:52+00:00\" \/>\n<meta property=\"article:modified_time\" content=\"2026-04-08T22:46:09+00:00\" \/>\n<meta property=\"og:image\" content=\"https:\/\/revistavitrineibiuna.com.br\/wp-content\/uploads\/2026\/04\/Inauguracao-da-TVUNA-26.4.2023.png\" \/>\n\t<meta property=\"og:image:width\" content=\"716\" \/>\n\t<meta property=\"og:image:height\" content=\"405\" \/>\n<meta name=\"twitter:card\" content=\"summary\" \/>\n<meta name=\"twitter:label1\" content=\"Est. reading time\">\n\t<meta name=\"twitter:data1\" content=\"8 minutos\">\n<script type=\"application\/ld+json\" class=\"yoast-schema-graph\">{\"@context\":\"https:\/\/schema.org\",\"@graph\":[{\"@type\":\"WebSite\",\"@id\":\"https:\/\/revistavitrineibiuna.com.br\/#website\",\"url\":\"https:\/\/revistavitrineibiuna.com.br\/\",\"name\":\"Revista Vitrine Ibi\\u00fana\",\"description\":\"A Revista de Ibi\\u00fana e Regi\\u00e3o\",\"publisher\":{\"@id\":\"https:\/\/revistavitrineibiuna.com.br\/#\/schema\/person\/e51ef49d6d88170ea21ceabff3f73deb\"},\"potentialAction\":[{\"@type\":\"SearchAction\",\"target\":\"https:\/\/revistavitrineibiuna.com.br\/?s={search_term_string}\",\"query-input\":\"required name=search_term_string\"}],\"inLanguage\":\"pt-BR\"},{\"@type\":\"ImageObject\",\"@id\":\"https:\/\/revistavitrineibiuna.com.br\/?p=35281#primaryimage\",\"inLanguage\":\"pt-BR\",\"url\":\"https:\/\/revistavitrineibiuna.com.br\/wp-content\/uploads\/2026\/04\/Inauguracao-da-TVUNA-26.4.2023.png\",\"width\":716,\"height\":405},{\"@type\":\"WebPage\",\"@id\":\"https:\/\/revistavitrineibiuna.com.br\/?p=35281#webpage\",\"url\":\"https:\/\/revistavitrineibiuna.com.br\/?p=35281\",\"name\":\"TVUNA COMPLETA 3 ANOS; NOSSA PALAVRA PARA TODOS \\u00c9: GRATID\\u00c3O! - Revista Vitrine Online\",\"isPartOf\":{\"@id\":\"https:\/\/revistavitrineibiuna.com.br\/#website\"},\"primaryImageOfPage\":{\"@id\":\"https:\/\/revistavitrineibiuna.com.br\/?p=35281#primaryimage\"},\"datePublished\":\"2026-04-08T21:23:52+00:00\",\"dateModified\":\"2026-04-08T22:46:09+00:00\",\"breadcrumb\":{\"@id\":\"https:\/\/revistavitrineibiuna.com.br\/?p=35281#breadcrumb\"},\"inLanguage\":\"pt-BR\",\"potentialAction\":[{\"@type\":\"ReadAction\",\"target\":[\"https:\/\/revistavitrineibiuna.com.br\/?p=35281\"]}]},{\"@type\":\"BreadcrumbList\",\"@id\":\"https:\/\/revistavitrineibiuna.com.br\/?p=35281#breadcrumb\",\"itemListElement\":[{\"@type\":\"ListItem\",\"position\":1,\"item\":{\"@type\":\"WebPage\",\"@id\":\"https:\/\/revistavitrineibiuna.com.br\/\",\"url\":\"https:\/\/revistavitrineibiuna.com.br\/\",\"name\":\"In\\u00edcio\"}},{\"@type\":\"ListItem\",\"position\":2,\"item\":{\"@type\":\"WebPage\",\"@id\":\"https:\/\/revistavitrineibiuna.com.br\/?p=35281\",\"url\":\"https:\/\/revistavitrineibiuna.com.br\/?p=35281\",\"name\":\"TVUNA COMPLETA 3 ANOS; NOSSA PALAVRA PARA TODOS \\u00c9: GRATID\\u00c3O!\"}}]},{\"@type\":\"Article\",\"@id\":\"https:\/\/revistavitrineibiuna.com.br\/?p=35281#article\",\"isPartOf\":{\"@id\":\"https:\/\/revistavitrineibiuna.com.br\/?p=35281#webpage\"},\"author\":{\"@id\":\"https:\/\/revistavitrineibiuna.com.br\/#\/schema\/person\/e51ef49d6d88170ea21ceabff3f73deb\"},\"headline\":\"TVUNA COMPLETA 3 ANOS; NOSSA PALAVRA PARA TODOS \\u00c9: GRATID\\u00c3O!\",\"datePublished\":\"2026-04-08T21:23:52+00:00\",\"dateModified\":\"2026-04-08T22:46:09+00:00\",\"mainEntityOfPage\":{\"@id\":\"https:\/\/revistavitrineibiuna.com.br\/?p=35281#webpage\"},\"commentCount\":0,\"publisher\":{\"@id\":\"https:\/\/revistavitrineibiuna.com.br\/#\/schema\/person\/e51ef49d6d88170ea21ceabff3f73deb\"},\"image\":{\"@id\":\"https:\/\/revistavitrineibiuna.com.br\/?p=35281#primaryimage\"},\"articleSection\":\"Not\\u00edcias\",\"inLanguage\":\"pt-BR\",\"potentialAction\":[{\"@type\":\"CommentAction\",\"name\":\"Comment\",\"target\":[\"https:\/\/revistavitrineibiuna.com.br\/?p=35281#respond\"]}]},{\"@type\":[\"Person\",\"Organization\"],\"@id\":\"https:\/\/revistavitrineibiuna.com.br\/#\/schema\/person\/e51ef49d6d88170ea21ceabff3f73deb\",\"name\":\"Carlos Rossini\",\"image\":{\"@type\":\"ImageObject\",\"@id\":\"https:\/\/revistavitrineibiuna.com.br\/#personlogo\",\"inLanguage\":\"pt-BR\",\"url\":\"https:\/\/secure.gravatar.com\/avatar\/4f2d0f99fac1f85c7d643f21f5c8d900?s=96&d=mm&r=g\",\"caption\":\"Carlos Rossini\"},\"logo\":{\"@id\":\"https:\/\/revistavitrineibiuna.com.br\/#personlogo\"},\"description\":\"Carlos Rossini \\u00e9 jornalista, soci\\u00f3logo, escritor e professor universit\\u00e1rio, tendo sido professor de jornalismo por vinte anos. Trabalhou em ve\\u00edculos de comunica\\u00e7\\u00e3o nas fun\\u00e7\\u00f5es de rep\\u00f3rter, redator, editor, articulista e colaborador, como Folha de S. Paulo, O Estado de S. Paulo, Di\\u00e1rio Popular, entre outros. Ao transferir a revista vitrine, vers\\u00e3o imprensa, de S\\u00e3o Paulo para Ibi\\u00fana h\\u00e1 alguns anos, iniciou uma nova experi\\u00eancia profissional, dedicando-se ao jornalismo regional, depois de cumprir uma trajet\\u00f3ria bem-sucedida na grande imprensa brasileira. Seu primeiro livro A Coragem de Comunicar foi lan\\u00e7ado na Bienal do Livro em S\\u00e3o Paulo no ano 2000, pela editora Madras.\"}]}<\/script>\n<!-- \/ Yoast SEO plugin. -->","_links":{"self":[{"href":"https:\/\/revistavitrineibiuna.com.br\/index.php?rest_route=\/wp\/v2\/posts\/35281"}],"collection":[{"href":"https:\/\/revistavitrineibiuna.com.br\/index.php?rest_route=\/wp\/v2\/posts"}],"about":[{"href":"https:\/\/revistavitrineibiuna.com.br\/index.php?rest_route=\/wp\/v2\/types\/post"}],"author":[{"embeddable":true,"href":"https:\/\/revistavitrineibiuna.com.br\/index.php?rest_route=\/wp\/v2\/users\/1"}],"replies":[{"embeddable":true,"href":"https:\/\/revistavitrineibiuna.com.br\/index.php?rest_route=%2Fwp%2Fv2%2Fcomments&post=35281"}],"version-history":[{"count":21,"href":"https:\/\/revistavitrineibiuna.com.br\/index.php?rest_route=\/wp\/v2\/posts\/35281\/revisions"}],"predecessor-version":[{"id":35345,"href":"https:\/\/revistavitrineibiuna.com.br\/index.php?rest_route=\/wp\/v2\/posts\/35281\/revisions\/35345"}],"wp:featuredmedia":[{"embeddable":true,"href":"https:\/\/revistavitrineibiuna.com.br\/index.php?rest_route=\/wp\/v2\/media\/35282"}],"wp:attachment":[{"href":"https:\/\/revistavitrineibiuna.com.br\/index.php?rest_route=%2Fwp%2Fv2%2Fmedia&parent=35281"}],"wp:term":[{"taxonomy":"category","embeddable":true,"href":"https:\/\/revistavitrineibiuna.com.br\/index.php?rest_route=%2Fwp%2Fv2%2Fcategories&post=35281"},{"taxonomy":"post_tag","embeddable":true,"href":"https:\/\/revistavitrineibiuna.com.br\/index.php?rest_route=%2Fwp%2Fv2%2Ftags&post=35281"}],"curies":[{"name":"wp","href":"https:\/\/api.w.org\/{rel}","templated":true}]}}