{"id":35346,"date":"2026-04-08T20:27:16","date_gmt":"2026-04-08T23:27:16","guid":{"rendered":"http:\/\/revistavitrineibiuna.com.br\/?p=35346"},"modified":"2026-04-08T20:27:18","modified_gmt":"2026-04-08T23:27:18","slug":"ibiuna-quem-e-quem-no-paco-municipal-3","status":"publish","type":"post","link":"https:\/\/revistavitrineibiuna.com.br\/?p=35346","title":{"rendered":"IBI\u00daNA \u2013 QUEM \u00c9 QUEM NO PA\u00c7O MUNICIPAL \u2013 3"},"content":{"rendered":"\n<p class=\"has-drop-cap\"><strong>Com o objetivo de esclarecer a popula\u00e7\u00e3o como funciona a estrutura da Prefeitura de Ibi\u00fana, a revista vitrine online iniciou a publica\u00e7\u00e3o da s\u00e9rie de mat\u00e9rias \u201cIbi\u00fana \u2013 quem \u00e9 quem no Pa\u00e7o Municipal\u201d.<\/strong><\/p>\n\n\n\n<p><strong>O prop\u00f3sito desse material \u00e9 tamb\u00e9m orientar os cidad\u00e3os que, por ventura, sintam a necessidade de reivindicar medidas para problemas de responsabilidade da municipalidade.<\/strong><\/p>\n\n\n\n<p><strong>Para que possam assegurar um retorno em suas peti\u00e7\u00f5es, os mun\u00edcipes&nbsp; devem se dirigir ao Setor de Protocolo que fica no piso t\u00e9rreo do Pa\u00e7o Municipal, localizado na avenida Capit\u00e3o Manoel de Oliveira Carvalho, 51 \u2013 Centro \u2013 Ibi\u00fana, para registrar suas demandas e acompanhar os resultados.<\/strong><\/p>\n\n\n\n<p><strong>Secret\u00e1rio de Educa\u00e7\u00e3o: Professor Sebasti\u00e3o Latarulo<\/strong><\/p>\n\n\n\n<p><strong>O secret\u00e1rio de Educa\u00e7\u00e3o de Ibi\u00fana \u00e9 respons\u00e1vel por planejar, coordenar e executar a pol\u00edtica educacional municipal, abrangendo ensino infantil, fundamental e de jovens e adultos.<\/strong><\/p>\n\n\n\n<p><strong>Suas fun\u00e7\u00f5es incluem gerir a rede de ensino, garantir a merenda e material did\u00e1tico, promover a forma\u00e7\u00e3o de professores, e acompanhar o rendimento escolar (IDEB).<\/strong><\/p>\n\n\n\n<p><strong>Secret\u00e1rio: Professor Sebasti\u00e3o Latarulo<\/strong><\/p>\n\n\n\n<p><strong>Principais Responsabilidades s\u00e3o:<\/strong><\/p>\n\n\n\n<p><strong>Gest\u00e3o Pedag\u00f3gica: Assegurar a qualidade do ensino, desenvolver materiais did\u00e1ticos, orientar atividades pedag\u00f3gicas e promover a educa\u00e7\u00e3o especial e inclusiva;<\/strong><\/p>\n\n\n\n<p><strong>Gest\u00e3o Administrativa e Funcional: Coordenar a infraestrutura das escolas, mobili\u00e1rio, instala\u00e7\u00f5es e o quadro de funcion\u00e1rios;<\/strong><\/p>\n\n\n\n<p><strong>Planejamento Estrat\u00e9gico: Definir metas, diretrizes e estrat\u00e9gias para a educa\u00e7\u00e3o municipal, conforme o Plano Municipal de Educa\u00e7\u00e3o;<\/strong><\/p>\n\n\n\n<p><strong>Gest\u00e3o Financeira: Administrar os recursos da educa\u00e7\u00e3o, incluindo a aplica\u00e7\u00e3o de verbas do FUNDEB e controle social;<\/strong><\/p>\n\n\n\n<p><strong>Articula\u00e7\u00e3o e Comunica\u00e7\u00e3o: Promover o di\u00e1logo com pais, professores e comunidade, al\u00e9m de articular com \u00f3rg\u00e3os federais e estaduais;<\/strong><\/p>\n\n\n\n<p><strong>Monitoramento: Acompanhar a frequ\u00eancia e o desempenho dos alunos, especialmente com foco na melhoria dos \u00edndices educacionais (IDEB);<\/strong><\/p>\n\n\n\n<p><strong>Pautar sua gest\u00e3o na pr\u00e1tica democr\u00e1tica e na valoriza\u00e7\u00e3o da equipe escolar para garantir o desenvolvimento integral das crian\u00e7as na Est\u00e2ncia Tur\u00edstica de Ibi\u00fana.<\/strong><\/p>\n","protected":false},"excerpt":{"rendered":"<p>Com o objetivo de esclarecer a popula\u00e7\u00e3o como funciona a estrutura da Prefeitura de Ibi\u00fana, a revista vitrine online iniciou<\/p>\n","protected":false},"author":1,"featured_media":35347,"comment_status":"open","ping_status":"open","sticky":false,"template":"","format":"standard","meta":[],"categories":[3],"tags":[],"yoast_head":"<!-- This site is optimized with the Yoast SEO plugin v15.8 - https:\/\/yoast.com\/wordpress\/plugins\/seo\/ -->\n<title>IBI\u00daNA \u2013 QUEM \u00c9 QUEM NO PA\u00c7O MUNICIPAL \u2013 3 - Revista Vitrine Online<\/title>\n<meta name=\"robots\" content=\"index, follow, max-snippet:-1, max-image-preview:large, max-video-preview:-1\" \/>\n<link rel=\"canonical\" href=\"https:\/\/revistavitrineibiuna.com.br\/?p=35346\" \/>\n<meta property=\"og:locale\" content=\"pt_BR\" \/>\n<meta property=\"og:type\" content=\"article\" \/>\n<meta property=\"og:title\" content=\"IBI\u00daNA \u2013 QUEM \u00c9 QUEM NO PA\u00c7O MUNICIPAL \u2013 3 - Revista Vitrine Online\" \/>\n<meta property=\"og:description\" content=\"Com o objetivo de esclarecer a popula\u00e7\u00e3o como funciona a estrutura da Prefeitura de Ibi\u00fana, a revista vitrine online iniciou\" \/>\n<meta property=\"og:url\" content=\"https:\/\/revistavitrineibiuna.com.br\/?p=35346\" \/>\n<meta property=\"og:site_name\" content=\"Revista Vitrine Online\" \/>\n<meta property=\"article:published_time\" content=\"2026-04-08T23:27:16+00:00\" \/>\n<meta property=\"article:modified_time\" content=\"2026-04-08T23:27:18+00:00\" \/>\n<meta property=\"og:image\" content=\"https:\/\/revistavitrineibiuna.com.br\/wp-content\/uploads\/2026\/04\/Latarulo.png\" \/>\n\t<meta property=\"og:image:width\" content=\"552\" \/>\n\t<meta property=\"og:image:height\" content=\"378\" \/>\n<meta name=\"twitter:card\" content=\"summary\" \/>\n<meta name=\"twitter:label1\" content=\"Est. reading time\">\n\t<meta name=\"twitter:data1\" content=\"2 minutos\">\n<script type=\"application\/ld+json\" class=\"yoast-schema-graph\">{\"@context\":\"https:\/\/schema.org\",\"@graph\":[{\"@type\":\"WebSite\",\"@id\":\"https:\/\/revistavitrineibiuna.com.br\/#website\",\"url\":\"https:\/\/revistavitrineibiuna.com.br\/\",\"name\":\"Revista Vitrine Ibi\\u00fana\",\"description\":\"A Revista de Ibi\\u00fana e Regi\\u00e3o\",\"publisher\":{\"@id\":\"https:\/\/revistavitrineibiuna.com.br\/#\/schema\/person\/e51ef49d6d88170ea21ceabff3f73deb\"},\"potentialAction\":[{\"@type\":\"SearchAction\",\"target\":\"https:\/\/revistavitrineibiuna.com.br\/?s={search_term_string}\",\"query-input\":\"required name=search_term_string\"}],\"inLanguage\":\"pt-BR\"},{\"@type\":\"ImageObject\",\"@id\":\"https:\/\/revistavitrineibiuna.com.br\/?p=35346#primaryimage\",\"inLanguage\":\"pt-BR\",\"url\":\"https:\/\/revistavitrineibiuna.com.br\/wp-content\/uploads\/2026\/04\/Latarulo.png\",\"width\":552,\"height\":378},{\"@type\":\"WebPage\",\"@id\":\"https:\/\/revistavitrineibiuna.com.br\/?p=35346#webpage\",\"url\":\"https:\/\/revistavitrineibiuna.com.br\/?p=35346\",\"name\":\"IBI\\u00daNA \\u2013 QUEM \\u00c9 QUEM NO PA\\u00c7O MUNICIPAL \\u2013 3 - Revista Vitrine Online\",\"isPartOf\":{\"@id\":\"https:\/\/revistavitrineibiuna.com.br\/#website\"},\"primaryImageOfPage\":{\"@id\":\"https:\/\/revistavitrineibiuna.com.br\/?p=35346#primaryimage\"},\"datePublished\":\"2026-04-08T23:27:16+00:00\",\"dateModified\":\"2026-04-08T23:27:18+00:00\",\"breadcrumb\":{\"@id\":\"https:\/\/revistavitrineibiuna.com.br\/?p=35346#breadcrumb\"},\"inLanguage\":\"pt-BR\",\"potentialAction\":[{\"@type\":\"ReadAction\",\"target\":[\"https:\/\/revistavitrineibiuna.com.br\/?p=35346\"]}]},{\"@type\":\"BreadcrumbList\",\"@id\":\"https:\/\/revistavitrineibiuna.com.br\/?p=35346#breadcrumb\",\"itemListElement\":[{\"@type\":\"ListItem\",\"position\":1,\"item\":{\"@type\":\"WebPage\",\"@id\":\"https:\/\/revistavitrineibiuna.com.br\/\",\"url\":\"https:\/\/revistavitrineibiuna.com.br\/\",\"name\":\"In\\u00edcio\"}},{\"@type\":\"ListItem\",\"position\":2,\"item\":{\"@type\":\"WebPage\",\"@id\":\"https:\/\/revistavitrineibiuna.com.br\/?p=35346\",\"url\":\"https:\/\/revistavitrineibiuna.com.br\/?p=35346\",\"name\":\"IBI\\u00daNA \\u2013 QUEM \\u00c9 QUEM NO PA\\u00c7O MUNICIPAL \\u2013 3\"}}]},{\"@type\":\"Article\",\"@id\":\"https:\/\/revistavitrineibiuna.com.br\/?p=35346#article\",\"isPartOf\":{\"@id\":\"https:\/\/revistavitrineibiuna.com.br\/?p=35346#webpage\"},\"author\":{\"@id\":\"https:\/\/revistavitrineibiuna.com.br\/#\/schema\/person\/e51ef49d6d88170ea21ceabff3f73deb\"},\"headline\":\"IBI\\u00daNA \\u2013 QUEM \\u00c9 QUEM NO PA\\u00c7O MUNICIPAL \\u2013 3\",\"datePublished\":\"2026-04-08T23:27:16+00:00\",\"dateModified\":\"2026-04-08T23:27:18+00:00\",\"mainEntityOfPage\":{\"@id\":\"https:\/\/revistavitrineibiuna.com.br\/?p=35346#webpage\"},\"commentCount\":0,\"publisher\":{\"@id\":\"https:\/\/revistavitrineibiuna.com.br\/#\/schema\/person\/e51ef49d6d88170ea21ceabff3f73deb\"},\"image\":{\"@id\":\"https:\/\/revistavitrineibiuna.com.br\/?p=35346#primaryimage\"},\"articleSection\":\"Not\\u00edcias\",\"inLanguage\":\"pt-BR\",\"potentialAction\":[{\"@type\":\"CommentAction\",\"name\":\"Comment\",\"target\":[\"https:\/\/revistavitrineibiuna.com.br\/?p=35346#respond\"]}]},{\"@type\":[\"Person\",\"Organization\"],\"@id\":\"https:\/\/revistavitrineibiuna.com.br\/#\/schema\/person\/e51ef49d6d88170ea21ceabff3f73deb\",\"name\":\"Carlos Rossini\",\"image\":{\"@type\":\"ImageObject\",\"@id\":\"https:\/\/revistavitrineibiuna.com.br\/#personlogo\",\"inLanguage\":\"pt-BR\",\"url\":\"https:\/\/secure.gravatar.com\/avatar\/4f2d0f99fac1f85c7d643f21f5c8d900?s=96&d=mm&r=g\",\"caption\":\"Carlos Rossini\"},\"logo\":{\"@id\":\"https:\/\/revistavitrineibiuna.com.br\/#personlogo\"},\"description\":\"Carlos Rossini \\u00e9 jornalista, soci\\u00f3logo, escritor e professor universit\\u00e1rio, tendo sido professor de jornalismo por vinte anos. Trabalhou em ve\\u00edculos de comunica\\u00e7\\u00e3o nas fun\\u00e7\\u00f5es de rep\\u00f3rter, redator, editor, articulista e colaborador, como Folha de S. Paulo, O Estado de S. Paulo, Di\\u00e1rio Popular, entre outros. Ao transferir a revista vitrine, vers\\u00e3o imprensa, de S\\u00e3o Paulo para Ibi\\u00fana h\\u00e1 alguns anos, iniciou uma nova experi\\u00eancia profissional, dedicando-se ao jornalismo regional, depois de cumprir uma trajet\\u00f3ria bem-sucedida na grande imprensa brasileira. Seu primeiro livro A Coragem de Comunicar foi lan\\u00e7ado na Bienal do Livro em S\\u00e3o Paulo no ano 2000, pela editora Madras.\"}]}<\/script>\n<!-- \/ Yoast SEO plugin. -->","_links":{"self":[{"href":"https:\/\/revistavitrineibiuna.com.br\/index.php?rest_route=\/wp\/v2\/posts\/35346"}],"collection":[{"href":"https:\/\/revistavitrineibiuna.com.br\/index.php?rest_route=\/wp\/v2\/posts"}],"about":[{"href":"https:\/\/revistavitrineibiuna.com.br\/index.php?rest_route=\/wp\/v2\/types\/post"}],"author":[{"embeddable":true,"href":"https:\/\/revistavitrineibiuna.com.br\/index.php?rest_route=\/wp\/v2\/users\/1"}],"replies":[{"embeddable":true,"href":"https:\/\/revistavitrineibiuna.com.br\/index.php?rest_route=%2Fwp%2Fv2%2Fcomments&post=35346"}],"version-history":[{"count":1,"href":"https:\/\/revistavitrineibiuna.com.br\/index.php?rest_route=\/wp\/v2\/posts\/35346\/revisions"}],"predecessor-version":[{"id":35348,"href":"https:\/\/revistavitrineibiuna.com.br\/index.php?rest_route=\/wp\/v2\/posts\/35346\/revisions\/35348"}],"wp:featuredmedia":[{"embeddable":true,"href":"https:\/\/revistavitrineibiuna.com.br\/index.php?rest_route=\/wp\/v2\/media\/35347"}],"wp:attachment":[{"href":"https:\/\/revistavitrineibiuna.com.br\/index.php?rest_route=%2Fwp%2Fv2%2Fmedia&parent=35346"}],"wp:term":[{"taxonomy":"category","embeddable":true,"href":"https:\/\/revistavitrineibiuna.com.br\/index.php?rest_route=%2Fwp%2Fv2%2Fcategories&post=35346"},{"taxonomy":"post_tag","embeddable":true,"href":"https:\/\/revistavitrineibiuna.com.br\/index.php?rest_route=%2Fwp%2Fv2%2Ftags&post=35346"}],"curies":[{"name":"wp","href":"https:\/\/api.w.org\/{rel}","templated":true}]}}