{"id":35349,"date":"2026-04-09T17:47:21","date_gmt":"2026-04-09T20:47:21","guid":{"rendered":"http:\/\/revistavitrineibiuna.com.br\/?p=35349"},"modified":"2026-04-09T18:30:41","modified_gmt":"2026-04-09T21:30:41","slug":"ibiuna-teatro-municipal-alto-da-figueira-continua-um-elefante-branco","status":"publish","type":"post","link":"https:\/\/revistavitrineibiuna.com.br\/?p=35349","title":{"rendered":"IBI\u00daNA \u2013 TEATRO MUNICIPAL ALTO DA FIGUEIRA CONTINUA UM ELEFANTE BRANCO"},"content":{"rendered":"\n<p class=\"has-drop-cap\"><strong>O Teatro Municipal Alto da Figueira deveria estar pronto para receber espet\u00e1culos h\u00e1 mais de tr\u00eas anos.<\/strong><\/p>\n\n\n\n<p><strong>A obras, com verba da Secretaria de Turismo e Viagens, do governo Estadual, contratadas no governo Paulo Sasaki, foram iniciadas em 20.12.2022 e deveriam estar conclu\u00eddas no dia 20.12.2023 [segundo consta nas placas oficiais da obra], mas foram interrompidas pela construtora por falta de pagamento.<\/strong><\/p>\n\n\n\n<p><strong>Hoje, 9 de abril de 2026, era a imagem triste de um esqueleto de pr\u00e9dio abandonado, tomado por entulhos, tapumes destru\u00eddos e mato.<\/strong><\/p>\n\n\n\n<p><strong>Com uma \u00e1rea constru\u00edda de 3,8 mil m2 teve um custo inicial, em valores de 2022, no montante de R$ 7.926.541,33.<\/strong><\/p>\n\n\n\n<p><strong>Ainda que ao atual governo municipal n\u00e3o possa ser imputada culpa por esse fato lament\u00e1vel, deveria esclarecer a popula\u00e7\u00e3o sobre os motivos pelos quais as obras foram paralisadas pela construtora.<\/strong><\/p>\n\n\n\n<figure class=\"wp-block-image size-large\"><img loading=\"lazy\" width=\"1024\" height=\"685\" src=\"https:\/\/revistavitrineibiuna.com.br\/wp-content\/uploads\/2026\/04\/foto-teatro-municipal-1-1024x685.png\" alt=\"\" class=\"wp-image-35353\" srcset=\"https:\/\/revistavitrineibiuna.com.br\/wp-content\/uploads\/2026\/04\/foto-teatro-municipal-1-1024x685.png 1024w, https:\/\/revistavitrineibiuna.com.br\/wp-content\/uploads\/2026\/04\/foto-teatro-municipal-1-300x201.png 300w, https:\/\/revistavitrineibiuna.com.br\/wp-content\/uploads\/2026\/04\/foto-teatro-municipal-1-768x514.png 768w, https:\/\/revistavitrineibiuna.com.br\/wp-content\/uploads\/2026\/04\/foto-teatro-municipal-1.png 1372w\" sizes=\"(max-width: 1024px) 100vw, 1024px\" \/><figcaption>Quem passa na estreita rua de ch\u00e3o de terra v\u00ea o esqueleto do pr\u00e9dio abandonado<\/figcaption><\/figure>\n\n\n\n<p><strong>Considerando as caracter\u00edsticas do local onde parcialmente foi erguido, quando o teatro for finalmente conclu\u00eddo, exigir\u00e1 investimentos urban\u00edsticos consider\u00e1veis no entorno, considerando a quest\u00e3o da mobilidade, pois se encontra numa regi\u00e3o \u00edngreme, com ruas estreitas e prec\u00e1rias, afastado do centro urbano.<\/strong><\/p>\n\n\n\n<p><strong>H\u00e1 meses vitrine online solicitou informa\u00e7\u00f5es para a Prefeitura, por meio da Secretaria de Obras, para esclarecer a popula\u00e7\u00e3o sobre as raz\u00f5es por que a obra foi abandonada, mas at\u00e9 o momento n\u00e3o obteve nenhum retorno.<\/strong><\/p>\n\n\n\n<p><strong>Ainda no governo Paulo Sasaki indagamos a secret\u00e1ria de Cultura e Turismo sobre a escolha daquele local, que causou estranheza em not\u00e1vel parcela da popula\u00e7\u00e3o, e a resposta foi curta e objetiva: \u201cPorque era a \u00fanica \u00e1rea que estava dispon\u00edvel.\u201d<\/strong><\/p>\n\n\n\n<figure class=\"wp-block-image size-large\"><img loading=\"lazy\" width=\"715\" height=\"506\" src=\"https:\/\/revistavitrineibiuna.com.br\/wp-content\/uploads\/2026\/04\/teatro-alto-dafigueira-2.png\" alt=\"\" class=\"wp-image-35356\" srcset=\"https:\/\/revistavitrineibiuna.com.br\/wp-content\/uploads\/2026\/04\/teatro-alto-dafigueira-2.png 715w, https:\/\/revistavitrineibiuna.com.br\/wp-content\/uploads\/2026\/04\/teatro-alto-dafigueira-2-300x212.png 300w\" sizes=\"(max-width: 715px) 100vw, 715px\" \/><figcaption>Escada e estrutura de ferro quebrada, entulho e mato: eis o cen\u00e1rio de um investimento de R$ 7,9 milh\u00f5es em valor de 2022<\/figcaption><\/figure>\n\n\n\n<p><strong>Os 3,8 mil m2 de \u00e1rea constru\u00edda dever\u00e3o contar com o teatro propriamente dito, salas de exposi\u00e7\u00e3o e terra\u00e7o, com o objetivo de fomentar a cultura e eventos art\u00edsticos na cidade.<\/strong><\/p>\n\n\n\n<p><strong>\u00c9 com tudo isso que a popula\u00e7\u00e3o n\u00e3o pode contar, por raz\u00f5es que exigem ser esclarecidas pelas autoridades municipais. (C.R.)<\/strong><\/p>\n\n\n\n<figure class=\"wp-block-image size-large\"><img loading=\"lazy\" width=\"719\" height=\"436\" src=\"https:\/\/revistavitrineibiuna.com.br\/wp-content\/uploads\/2026\/04\/teatro-alto-da-figueira-3.png\" alt=\"\" class=\"wp-image-35358\" srcset=\"https:\/\/revistavitrineibiuna.com.br\/wp-content\/uploads\/2026\/04\/teatro-alto-da-figueira-3.png 719w, https:\/\/revistavitrineibiuna.com.br\/wp-content\/uploads\/2026\/04\/teatro-alto-da-figueira-3-300x182.png 300w\" sizes=\"(max-width: 719px) 100vw, 719px\" \/><figcaption>Os trabalhadores da empresa construtora acessavam a obra por meio desse port\u00e3o<\/figcaption><\/figure>\n\n\n\n<figure class=\"wp-block-image size-large\"><img loading=\"lazy\" width=\"1024\" height=\"659\" src=\"https:\/\/revistavitrineibiuna.com.br\/wp-content\/uploads\/2026\/04\/teatro-nosso-senhor-1024x659.png\" alt=\"\" class=\"wp-image-35361\" srcset=\"https:\/\/revistavitrineibiuna.com.br\/wp-content\/uploads\/2026\/04\/teatro-nosso-senhor-1024x659.png 1024w, https:\/\/revistavitrineibiuna.com.br\/wp-content\/uploads\/2026\/04\/teatro-nosso-senhor-300x193.png 300w, https:\/\/revistavitrineibiuna.com.br\/wp-content\/uploads\/2026\/04\/teatro-nosso-senhor-768x494.png 768w, https:\/\/revistavitrineibiuna.com.br\/wp-content\/uploads\/2026\/04\/teatro-nosso-senhor.png 1346w\" sizes=\"(max-width: 1024px) 100vw, 1024px\" \/><\/figure>\n","protected":false},"excerpt":{"rendered":"<p>O Teatro Municipal Alto da Figueira deveria estar pronto para receber espet\u00e1culos h\u00e1 mais de tr\u00eas anos. A obras, com<\/p>\n","protected":false},"author":1,"featured_media":35350,"comment_status":"open","ping_status":"open","sticky":false,"template":"","format":"standard","meta":[],"categories":[3],"tags":[],"yoast_head":"<!-- This site is optimized with the Yoast SEO plugin v15.8 - https:\/\/yoast.com\/wordpress\/plugins\/seo\/ -->\n<title>IBI\u00daNA \u2013 TEATRO MUNICIPAL ALTO DA FIGUEIRA CONTINUA UM ELEFANTE BRANCO - Revista Vitrine Online<\/title>\n<meta name=\"robots\" content=\"index, follow, max-snippet:-1, max-image-preview:large, max-video-preview:-1\" \/>\n<link rel=\"canonical\" href=\"http:\/\/revistavitrineibiuna.com.br\/?p=35349\" \/>\n<meta property=\"og:locale\" content=\"pt_BR\" \/>\n<meta property=\"og:type\" content=\"article\" \/>\n<meta property=\"og:title\" content=\"IBI\u00daNA \u2013 TEATRO MUNICIPAL ALTO DA FIGUEIRA CONTINUA UM ELEFANTE BRANCO - Revista Vitrine Online\" \/>\n<meta property=\"og:description\" content=\"O Teatro Municipal Alto da Figueira deveria estar pronto para receber espet\u00e1culos h\u00e1 mais de tr\u00eas anos. A obras, com\" \/>\n<meta property=\"og:url\" content=\"http:\/\/revistavitrineibiuna.com.br\/?p=35349\" \/>\n<meta property=\"og:site_name\" content=\"Revista Vitrine Online\" \/>\n<meta property=\"article:published_time\" content=\"2026-04-09T20:47:21+00:00\" \/>\n<meta property=\"article:modified_time\" content=\"2026-04-09T21:30:41+00:00\" \/>\n<meta property=\"og:image\" content=\"https:\/\/revistavitrineibiuna.com.br\/wp-content\/uploads\/2026\/04\/teatro-5.png\" \/>\n\t<meta property=\"og:image:width\" content=\"719\" \/>\n\t<meta property=\"og:image:height\" content=\"486\" \/>\n<meta name=\"twitter:card\" content=\"summary\" \/>\n<meta name=\"twitter:label1\" content=\"Est. reading time\">\n\t<meta name=\"twitter:data1\" content=\"3 minutos\">\n<script type=\"application\/ld+json\" class=\"yoast-schema-graph\">{\"@context\":\"https:\/\/schema.org\",\"@graph\":[{\"@type\":\"WebSite\",\"@id\":\"https:\/\/revistavitrineibiuna.com.br\/#website\",\"url\":\"https:\/\/revistavitrineibiuna.com.br\/\",\"name\":\"Revista Vitrine Ibi\\u00fana\",\"description\":\"A Revista de Ibi\\u00fana e Regi\\u00e3o\",\"publisher\":{\"@id\":\"https:\/\/revistavitrineibiuna.com.br\/#\/schema\/person\/e51ef49d6d88170ea21ceabff3f73deb\"},\"potentialAction\":[{\"@type\":\"SearchAction\",\"target\":\"https:\/\/revistavitrineibiuna.com.br\/?s={search_term_string}\",\"query-input\":\"required name=search_term_string\"}],\"inLanguage\":\"pt-BR\"},{\"@type\":\"ImageObject\",\"@id\":\"http:\/\/revistavitrineibiuna.com.br\/?p=35349#primaryimage\",\"inLanguage\":\"pt-BR\",\"url\":\"https:\/\/revistavitrineibiuna.com.br\/wp-content\/uploads\/2026\/04\/teatro-5.png\",\"width\":719,\"height\":486},{\"@type\":\"WebPage\",\"@id\":\"http:\/\/revistavitrineibiuna.com.br\/?p=35349#webpage\",\"url\":\"http:\/\/revistavitrineibiuna.com.br\/?p=35349\",\"name\":\"IBI\\u00daNA \\u2013 TEATRO MUNICIPAL ALTO DA FIGUEIRA CONTINUA UM ELEFANTE BRANCO - Revista Vitrine Online\",\"isPartOf\":{\"@id\":\"https:\/\/revistavitrineibiuna.com.br\/#website\"},\"primaryImageOfPage\":{\"@id\":\"http:\/\/revistavitrineibiuna.com.br\/?p=35349#primaryimage\"},\"datePublished\":\"2026-04-09T20:47:21+00:00\",\"dateModified\":\"2026-04-09T21:30:41+00:00\",\"breadcrumb\":{\"@id\":\"http:\/\/revistavitrineibiuna.com.br\/?p=35349#breadcrumb\"},\"inLanguage\":\"pt-BR\",\"potentialAction\":[{\"@type\":\"ReadAction\",\"target\":[\"http:\/\/revistavitrineibiuna.com.br\/?p=35349\"]}]},{\"@type\":\"BreadcrumbList\",\"@id\":\"http:\/\/revistavitrineibiuna.com.br\/?p=35349#breadcrumb\",\"itemListElement\":[{\"@type\":\"ListItem\",\"position\":1,\"item\":{\"@type\":\"WebPage\",\"@id\":\"https:\/\/revistavitrineibiuna.com.br\/\",\"url\":\"https:\/\/revistavitrineibiuna.com.br\/\",\"name\":\"In\\u00edcio\"}},{\"@type\":\"ListItem\",\"position\":2,\"item\":{\"@type\":\"WebPage\",\"@id\":\"http:\/\/revistavitrineibiuna.com.br\/?p=35349\",\"url\":\"http:\/\/revistavitrineibiuna.com.br\/?p=35349\",\"name\":\"IBI\\u00daNA \\u2013 TEATRO MUNICIPAL ALTO DA FIGUEIRA CONTINUA UM ELEFANTE BRANCO\"}}]},{\"@type\":\"Article\",\"@id\":\"http:\/\/revistavitrineibiuna.com.br\/?p=35349#article\",\"isPartOf\":{\"@id\":\"http:\/\/revistavitrineibiuna.com.br\/?p=35349#webpage\"},\"author\":{\"@id\":\"https:\/\/revistavitrineibiuna.com.br\/#\/schema\/person\/e51ef49d6d88170ea21ceabff3f73deb\"},\"headline\":\"IBI\\u00daNA \\u2013 TEATRO MUNICIPAL ALTO DA FIGUEIRA CONTINUA UM ELEFANTE BRANCO\",\"datePublished\":\"2026-04-09T20:47:21+00:00\",\"dateModified\":\"2026-04-09T21:30:41+00:00\",\"mainEntityOfPage\":{\"@id\":\"http:\/\/revistavitrineibiuna.com.br\/?p=35349#webpage\"},\"commentCount\":0,\"publisher\":{\"@id\":\"https:\/\/revistavitrineibiuna.com.br\/#\/schema\/person\/e51ef49d6d88170ea21ceabff3f73deb\"},\"image\":{\"@id\":\"http:\/\/revistavitrineibiuna.com.br\/?p=35349#primaryimage\"},\"articleSection\":\"Not\\u00edcias\",\"inLanguage\":\"pt-BR\",\"potentialAction\":[{\"@type\":\"CommentAction\",\"name\":\"Comment\",\"target\":[\"http:\/\/revistavitrineibiuna.com.br\/?p=35349#respond\"]}]},{\"@type\":[\"Person\",\"Organization\"],\"@id\":\"https:\/\/revistavitrineibiuna.com.br\/#\/schema\/person\/e51ef49d6d88170ea21ceabff3f73deb\",\"name\":\"Carlos Rossini\",\"image\":{\"@type\":\"ImageObject\",\"@id\":\"https:\/\/revistavitrineibiuna.com.br\/#personlogo\",\"inLanguage\":\"pt-BR\",\"url\":\"https:\/\/secure.gravatar.com\/avatar\/4f2d0f99fac1f85c7d643f21f5c8d900?s=96&d=mm&r=g\",\"caption\":\"Carlos Rossini\"},\"logo\":{\"@id\":\"https:\/\/revistavitrineibiuna.com.br\/#personlogo\"},\"description\":\"Carlos Rossini \\u00e9 jornalista, soci\\u00f3logo, escritor e professor universit\\u00e1rio, tendo sido professor de jornalismo por vinte anos. Trabalhou em ve\\u00edculos de comunica\\u00e7\\u00e3o nas fun\\u00e7\\u00f5es de rep\\u00f3rter, redator, editor, articulista e colaborador, como Folha de S. Paulo, O Estado de S. Paulo, Di\\u00e1rio Popular, entre outros. Ao transferir a revista vitrine, vers\\u00e3o imprensa, de S\\u00e3o Paulo para Ibi\\u00fana h\\u00e1 alguns anos, iniciou uma nova experi\\u00eancia profissional, dedicando-se ao jornalismo regional, depois de cumprir uma trajet\\u00f3ria bem-sucedida na grande imprensa brasileira. Seu primeiro livro A Coragem de Comunicar foi lan\\u00e7ado na Bienal do Livro em S\\u00e3o Paulo no ano 2000, pela editora Madras.\"}]}<\/script>\n<!-- \/ Yoast SEO plugin. -->","_links":{"self":[{"href":"https:\/\/revistavitrineibiuna.com.br\/index.php?rest_route=\/wp\/v2\/posts\/35349"}],"collection":[{"href":"https:\/\/revistavitrineibiuna.com.br\/index.php?rest_route=\/wp\/v2\/posts"}],"about":[{"href":"https:\/\/revistavitrineibiuna.com.br\/index.php?rest_route=\/wp\/v2\/types\/post"}],"author":[{"embeddable":true,"href":"https:\/\/revistavitrineibiuna.com.br\/index.php?rest_route=\/wp\/v2\/users\/1"}],"replies":[{"embeddable":true,"href":"https:\/\/revistavitrineibiuna.com.br\/index.php?rest_route=%2Fwp%2Fv2%2Fcomments&post=35349"}],"version-history":[{"count":16,"href":"https:\/\/revistavitrineibiuna.com.br\/index.php?rest_route=\/wp\/v2\/posts\/35349\/revisions"}],"predecessor-version":[{"id":35378,"href":"https:\/\/revistavitrineibiuna.com.br\/index.php?rest_route=\/wp\/v2\/posts\/35349\/revisions\/35378"}],"wp:featuredmedia":[{"embeddable":true,"href":"https:\/\/revistavitrineibiuna.com.br\/index.php?rest_route=\/wp\/v2\/media\/35350"}],"wp:attachment":[{"href":"https:\/\/revistavitrineibiuna.com.br\/index.php?rest_route=%2Fwp%2Fv2%2Fmedia&parent=35349"}],"wp:term":[{"taxonomy":"category","embeddable":true,"href":"https:\/\/revistavitrineibiuna.com.br\/index.php?rest_route=%2Fwp%2Fv2%2Fcategories&post=35349"},{"taxonomy":"post_tag","embeddable":true,"href":"https:\/\/revistavitrineibiuna.com.br\/index.php?rest_route=%2Fwp%2Fv2%2Ftags&post=35349"}],"curies":[{"name":"wp","href":"https:\/\/api.w.org\/{rel}","templated":true}]}}