{"id":35379,"date":"2026-04-10T07:40:46","date_gmt":"2026-04-10T10:40:46","guid":{"rendered":"http:\/\/revistavitrineibiuna.com.br\/?p=35379"},"modified":"2026-04-10T07:40:47","modified_gmt":"2026-04-10T10:40:47","slug":"ibiuna-quem-e-quem-no-paco-municipal-4","status":"publish","type":"post","link":"https:\/\/revistavitrineibiuna.com.br\/?p=35379","title":{"rendered":"IBI\u00daNA \u2013 QUEM \u00c9 QUEM NO PA\u00c7O MUNICIPAL \u2013 4"},"content":{"rendered":"\n<p class=\"has-drop-cap\"><strong>Com o objetivo de esclarecer a popula\u00e7\u00e3o como funciona a estrutura da Prefeitura de Ibi\u00fana, a revista vitrine online iniciou a publica\u00e7\u00e3o da s\u00e9rie de mat\u00e9rias \u201cIbi\u00fana \u2013 quem \u00e9 quem no Pa\u00e7o Municipal\u201d.<\/strong><\/p>\n\n\n\n<p><strong>O prop\u00f3sito desse material \u00e9 tamb\u00e9m orientar os cidad\u00e3os que, por ventura, sintam a necessidade de reivindicar medidas para problemas de responsabilidade da municipalidade.<\/strong><\/p>\n\n\n\n<p><strong>Para que possam assegurar um retorno em suas peti\u00e7\u00f5es, os mun\u00edcipes&nbsp; devem se dirigir ao Setor de Protocolo que fica no piso t\u00e9rreo do Pa\u00e7o Municipal, localizado na avenida Capit\u00e3o Manoel de Oliveira Carvalho, 51 \u2013 Centro \u2013 Ibi\u00fana, registrar suas demandas e acompanhar os resultados.<\/strong><\/p>\n\n\n\n<p><strong>A Secretaria do Direito da Pessoa com Defici\u00eancia de Ibi\u00fana formula pol\u00edticas p\u00fablicas, assessora o governo municipal, e implementa a\u00e7\u00f5es de inclus\u00e3o social para garantir o pleno exerc\u00edcio da cidadania, melhoria da qualidade de vida e acessibilidade.<\/strong><\/p>\n\n\n\n<p><strong>Ela atua em parceria com institui\u00e7\u00f5es para promover projetos e conscientizar sobre os direitos.<\/strong><\/p>\n\n\n\n<p><strong>Secret\u00e1ria: Cl\u00e1udia Camargo Prestes<\/strong><\/p>\n\n\n\n<p><strong>Pedagoga e advogada<\/strong><\/p>\n\n\n\n<p><strong>Suas principais responsabilidades incluem:<\/strong><\/p>\n\n\n\n<p><strong>Formula\u00e7\u00e3o de Pol\u00edticas: Criar diretrizes para a melhoria da qualidade de vida da pessoa com defici\u00eancia e sua fam\u00edlia;<\/strong><\/p>\n\n\n\n<p><strong>Implementa\u00e7\u00e3o de A\u00e7\u00f5es: Desenvolver a\u00e7\u00f5es governamentais em parceria com outras secretarias para a inclus\u00e3o social;<\/strong><\/p>\n\n\n\n<p><strong>Acessibilidade e Cidadania: Promover espa\u00e7os inclusivos, acessibilidade e apoio \u00e0 capacita\u00e7\u00e3o da sociedade para o atendimento especializado;<\/strong><\/p>\n\n\n\n<p><strong>Gest\u00e3o de Projetos: Desenvolver estudos, pesquisas e projetos (direta ou indiretamente) em parceria com institui\u00e7\u00f5es p\u00fablicas ou privadas;<\/strong><\/p>\n\n\n\n<p><strong>Atendimento e Apoio: Conscientizar sobre os direitos, necessidades e potencialidades da pessoa com defici\u00eancia, apoiando tamb\u00e9m os familiares;<\/strong><\/p>\n\n\n\n<p><strong>Inclus\u00e3o no Lazer: Realizar eventos e parcerias, como a\u00e7\u00f5es de lazer, cultura e esporte (ex: &#8220;Divers\u00e3o Sem Barreiras&#8221;) para promover o acesso gratuito e o conv\u00edvio social;<\/strong><\/p>\n\n\n\n<p><strong>A Secretaria opera com divis\u00e3o de Pol\u00edticas P\u00fablicas, Defesa de Direitos e Acessibilidade.<\/strong><\/p>\n\n\n\n<p><strong>FAZ PARTE DA SECRETARIA<\/strong><\/p>\n\n\n\n<p><strong>O N\u00facleo de Apoio e Assist\u00eancia Inclusivo Novo Arco-\u00cdris \u201cMiguel Moreira Lopes\u201d \u00e9 um centro de refer\u00eancia regional dedicado ao atendimento gratuito de pessoas com defici\u00eancia (PCD), incluindo autistas e crian\u00e7as com atraso no desenvolvimento.<\/strong><\/p>\n\n\n\n<p><strong>Localizado na Rua Wilson do Carmo Falci, no Centro de Ibi\u00fana, o local oferece terapias (ocupacional, fisioterapia, psicologia), oficinas inclusivas (viol\u00e3o) e atividades de lazer.<\/strong><\/p>\n","protected":false},"excerpt":{"rendered":"<p>Com o objetivo de esclarecer a popula\u00e7\u00e3o como funciona a estrutura da Prefeitura de Ibi\u00fana, a revista vitrine online iniciou<\/p>\n","protected":false},"author":1,"featured_media":35380,"comment_status":"open","ping_status":"open","sticky":false,"template":"","format":"standard","meta":[],"categories":[3],"tags":[],"yoast_head":"<!-- This site is optimized with the Yoast SEO plugin v15.8 - https:\/\/yoast.com\/wordpress\/plugins\/seo\/ -->\n<title>IBI\u00daNA \u2013 QUEM \u00c9 QUEM NO PA\u00c7O MUNICIPAL \u2013 4 - Revista Vitrine Online<\/title>\n<meta name=\"robots\" content=\"index, follow, max-snippet:-1, max-image-preview:large, max-video-preview:-1\" \/>\n<link rel=\"canonical\" href=\"https:\/\/revistavitrineibiuna.com.br\/?p=35379\" \/>\n<meta property=\"og:locale\" content=\"pt_BR\" \/>\n<meta property=\"og:type\" content=\"article\" \/>\n<meta property=\"og:title\" content=\"IBI\u00daNA \u2013 QUEM \u00c9 QUEM NO PA\u00c7O MUNICIPAL \u2013 4 - Revista Vitrine Online\" \/>\n<meta property=\"og:description\" content=\"Com o objetivo de esclarecer a popula\u00e7\u00e3o como funciona a estrutura da Prefeitura de Ibi\u00fana, a revista vitrine online iniciou\" \/>\n<meta property=\"og:url\" content=\"https:\/\/revistavitrineibiuna.com.br\/?p=35379\" \/>\n<meta property=\"og:site_name\" content=\"Revista Vitrine Online\" \/>\n<meta property=\"article:published_time\" content=\"2026-04-10T10:40:46+00:00\" \/>\n<meta property=\"article:modified_time\" content=\"2026-04-10T10:40:47+00:00\" \/>\n<meta property=\"og:image\" content=\"https:\/\/revistavitrineibiuna.com.br\/wp-content\/uploads\/2026\/04\/claudia-prestes.png\" \/>\n\t<meta property=\"og:image:width\" content=\"558\" \/>\n\t<meta property=\"og:image:height\" content=\"389\" \/>\n<meta name=\"twitter:card\" content=\"summary\" \/>\n<meta name=\"twitter:label1\" content=\"Est. reading time\">\n\t<meta name=\"twitter:data1\" content=\"2 minutos\">\n<script type=\"application\/ld+json\" class=\"yoast-schema-graph\">{\"@context\":\"https:\/\/schema.org\",\"@graph\":[{\"@type\":\"WebSite\",\"@id\":\"https:\/\/revistavitrineibiuna.com.br\/#website\",\"url\":\"https:\/\/revistavitrineibiuna.com.br\/\",\"name\":\"Revista Vitrine Ibi\\u00fana\",\"description\":\"A Revista de Ibi\\u00fana e Regi\\u00e3o\",\"publisher\":{\"@id\":\"https:\/\/revistavitrineibiuna.com.br\/#\/schema\/person\/e51ef49d6d88170ea21ceabff3f73deb\"},\"potentialAction\":[{\"@type\":\"SearchAction\",\"target\":\"https:\/\/revistavitrineibiuna.com.br\/?s={search_term_string}\",\"query-input\":\"required name=search_term_string\"}],\"inLanguage\":\"pt-BR\"},{\"@type\":\"ImageObject\",\"@id\":\"https:\/\/revistavitrineibiuna.com.br\/?p=35379#primaryimage\",\"inLanguage\":\"pt-BR\",\"url\":\"https:\/\/revistavitrineibiuna.com.br\/wp-content\/uploads\/2026\/04\/claudia-prestes.png\",\"width\":558,\"height\":389},{\"@type\":\"WebPage\",\"@id\":\"https:\/\/revistavitrineibiuna.com.br\/?p=35379#webpage\",\"url\":\"https:\/\/revistavitrineibiuna.com.br\/?p=35379\",\"name\":\"IBI\\u00daNA \\u2013 QUEM \\u00c9 QUEM NO PA\\u00c7O MUNICIPAL \\u2013 4 - Revista Vitrine Online\",\"isPartOf\":{\"@id\":\"https:\/\/revistavitrineibiuna.com.br\/#website\"},\"primaryImageOfPage\":{\"@id\":\"https:\/\/revistavitrineibiuna.com.br\/?p=35379#primaryimage\"},\"datePublished\":\"2026-04-10T10:40:46+00:00\",\"dateModified\":\"2026-04-10T10:40:47+00:00\",\"breadcrumb\":{\"@id\":\"https:\/\/revistavitrineibiuna.com.br\/?p=35379#breadcrumb\"},\"inLanguage\":\"pt-BR\",\"potentialAction\":[{\"@type\":\"ReadAction\",\"target\":[\"https:\/\/revistavitrineibiuna.com.br\/?p=35379\"]}]},{\"@type\":\"BreadcrumbList\",\"@id\":\"https:\/\/revistavitrineibiuna.com.br\/?p=35379#breadcrumb\",\"itemListElement\":[{\"@type\":\"ListItem\",\"position\":1,\"item\":{\"@type\":\"WebPage\",\"@id\":\"https:\/\/revistavitrineibiuna.com.br\/\",\"url\":\"https:\/\/revistavitrineibiuna.com.br\/\",\"name\":\"In\\u00edcio\"}},{\"@type\":\"ListItem\",\"position\":2,\"item\":{\"@type\":\"WebPage\",\"@id\":\"https:\/\/revistavitrineibiuna.com.br\/?p=35379\",\"url\":\"https:\/\/revistavitrineibiuna.com.br\/?p=35379\",\"name\":\"IBI\\u00daNA \\u2013 QUEM \\u00c9 QUEM NO PA\\u00c7O MUNICIPAL \\u2013 4\"}}]},{\"@type\":\"Article\",\"@id\":\"https:\/\/revistavitrineibiuna.com.br\/?p=35379#article\",\"isPartOf\":{\"@id\":\"https:\/\/revistavitrineibiuna.com.br\/?p=35379#webpage\"},\"author\":{\"@id\":\"https:\/\/revistavitrineibiuna.com.br\/#\/schema\/person\/e51ef49d6d88170ea21ceabff3f73deb\"},\"headline\":\"IBI\\u00daNA \\u2013 QUEM \\u00c9 QUEM NO PA\\u00c7O MUNICIPAL \\u2013 4\",\"datePublished\":\"2026-04-10T10:40:46+00:00\",\"dateModified\":\"2026-04-10T10:40:47+00:00\",\"mainEntityOfPage\":{\"@id\":\"https:\/\/revistavitrineibiuna.com.br\/?p=35379#webpage\"},\"commentCount\":0,\"publisher\":{\"@id\":\"https:\/\/revistavitrineibiuna.com.br\/#\/schema\/person\/e51ef49d6d88170ea21ceabff3f73deb\"},\"image\":{\"@id\":\"https:\/\/revistavitrineibiuna.com.br\/?p=35379#primaryimage\"},\"articleSection\":\"Not\\u00edcias\",\"inLanguage\":\"pt-BR\",\"potentialAction\":[{\"@type\":\"CommentAction\",\"name\":\"Comment\",\"target\":[\"https:\/\/revistavitrineibiuna.com.br\/?p=35379#respond\"]}]},{\"@type\":[\"Person\",\"Organization\"],\"@id\":\"https:\/\/revistavitrineibiuna.com.br\/#\/schema\/person\/e51ef49d6d88170ea21ceabff3f73deb\",\"name\":\"Carlos Rossini\",\"image\":{\"@type\":\"ImageObject\",\"@id\":\"https:\/\/revistavitrineibiuna.com.br\/#personlogo\",\"inLanguage\":\"pt-BR\",\"url\":\"https:\/\/secure.gravatar.com\/avatar\/4f2d0f99fac1f85c7d643f21f5c8d900?s=96&d=mm&r=g\",\"caption\":\"Carlos Rossini\"},\"logo\":{\"@id\":\"https:\/\/revistavitrineibiuna.com.br\/#personlogo\"},\"description\":\"Carlos Rossini \\u00e9 jornalista, soci\\u00f3logo, escritor e professor universit\\u00e1rio, tendo sido professor de jornalismo por vinte anos. Trabalhou em ve\\u00edculos de comunica\\u00e7\\u00e3o nas fun\\u00e7\\u00f5es de rep\\u00f3rter, redator, editor, articulista e colaborador, como Folha de S. Paulo, O Estado de S. Paulo, Di\\u00e1rio Popular, entre outros. Ao transferir a revista vitrine, vers\\u00e3o imprensa, de S\\u00e3o Paulo para Ibi\\u00fana h\\u00e1 alguns anos, iniciou uma nova experi\\u00eancia profissional, dedicando-se ao jornalismo regional, depois de cumprir uma trajet\\u00f3ria bem-sucedida na grande imprensa brasileira. Seu primeiro livro A Coragem de Comunicar foi lan\\u00e7ado na Bienal do Livro em S\\u00e3o Paulo no ano 2000, pela editora Madras.\"}]}<\/script>\n<!-- \/ Yoast SEO plugin. -->","_links":{"self":[{"href":"https:\/\/revistavitrineibiuna.com.br\/index.php?rest_route=\/wp\/v2\/posts\/35379"}],"collection":[{"href":"https:\/\/revistavitrineibiuna.com.br\/index.php?rest_route=\/wp\/v2\/posts"}],"about":[{"href":"https:\/\/revistavitrineibiuna.com.br\/index.php?rest_route=\/wp\/v2\/types\/post"}],"author":[{"embeddable":true,"href":"https:\/\/revistavitrineibiuna.com.br\/index.php?rest_route=\/wp\/v2\/users\/1"}],"replies":[{"embeddable":true,"href":"https:\/\/revistavitrineibiuna.com.br\/index.php?rest_route=%2Fwp%2Fv2%2Fcomments&post=35379"}],"version-history":[{"count":1,"href":"https:\/\/revistavitrineibiuna.com.br\/index.php?rest_route=\/wp\/v2\/posts\/35379\/revisions"}],"predecessor-version":[{"id":35381,"href":"https:\/\/revistavitrineibiuna.com.br\/index.php?rest_route=\/wp\/v2\/posts\/35379\/revisions\/35381"}],"wp:featuredmedia":[{"embeddable":true,"href":"https:\/\/revistavitrineibiuna.com.br\/index.php?rest_route=\/wp\/v2\/media\/35380"}],"wp:attachment":[{"href":"https:\/\/revistavitrineibiuna.com.br\/index.php?rest_route=%2Fwp%2Fv2%2Fmedia&parent=35379"}],"wp:term":[{"taxonomy":"category","embeddable":true,"href":"https:\/\/revistavitrineibiuna.com.br\/index.php?rest_route=%2Fwp%2Fv2%2Fcategories&post=35379"},{"taxonomy":"post_tag","embeddable":true,"href":"https:\/\/revistavitrineibiuna.com.br\/index.php?rest_route=%2Fwp%2Fv2%2Ftags&post=35379"}],"curies":[{"name":"wp","href":"https:\/\/api.w.org\/{rel}","templated":true}]}}