{"id":35386,"date":"2026-04-10T21:51:34","date_gmt":"2026-04-11T00:51:34","guid":{"rendered":"http:\/\/revistavitrineibiuna.com.br\/?p=35386"},"modified":"2026-04-11T06:05:23","modified_gmt":"2026-04-11T09:05:23","slug":"ibiuna-prefeito-muda-secretariado-para-melhorar-opiniao-publica","status":"publish","type":"post","link":"https:\/\/revistavitrineibiuna.com.br\/?p=35386","title":{"rendered":"IBI\u00daNA \u2013 PREFEITO MUDA SECRETARIADO PARA MELHORAR OPINI\u00c3O P\u00daBLICA"},"content":{"rendered":"\n<p class=\"has-drop-cap\"><strong>O prefeito M\u00e1rio Pires realizou nesta sexta-feira (10) uma not\u00e1vel mudan\u00e7a no seu quadro de secret\u00e1rios e tamb\u00e9m em postos da GCM.<\/strong><\/p>\n\n\n\n<p><strong>Segundo vitrine online apurou, o objetivo das altera\u00e7\u00f5es seria reorganizar o secretariado para fazer frente \u00e0s atuais necessidades da gest\u00e3o.<\/strong><\/p>\n\n\n\n<p><strong>No entanto, essas medidas supostamente estariam relacionadas aos resultados desfavor\u00e1veis de uma recente pesquisa de opini\u00e3o p\u00fablica sobre o atual governo, para reverter a situa\u00e7\u00e3o.<\/strong><\/p>\n\n\n\n<p><strong>O prefeito, atento ao desgaste da imagem p\u00fablica do seu mandato, teria tomado as medidas publicadas hoje no &#8220;Imprensa Oficial&#8221;.<\/strong><\/p>\n\n\n\n<p><strong>MUDAN\u00c7AS<\/strong><\/p>\n\n\n\n<p><strong>As mudan\u00e7as s\u00e3o as maiores j\u00e1 feitas na atual gest\u00e3o:<\/strong><\/p>\n\n\n\n<p><strong>. O vice-prefeito Naldo Firmino, que vinha ocupando a Secretaria de Desenvolvimento Urbano passa a ocupar a Secretaria de Governo, o que define seu papel nas articula\u00e7\u00f5es pol\u00edticas, sobretudo nas rela\u00e7\u00f5es com os vereadores.<\/strong><\/p>\n\n\n\n<p><strong>. Leonice da Paz, que h\u00e1 um ano vinha exercendo o cargo de Secret\u00e1ria de Cultura e Turismo, com esfor\u00e7o reconhecido na cidade, deixa a Pasta, que ter\u00e1 como substituto provisoriamente o secret\u00e1rio de Administra\u00e7\u00e3o, Eli Valentim, que continuar\u00e1 atuando nesta pasta.<\/strong><\/p>\n\n\n\n<p><strong>. Para o lugar de Naldo Firmino, na Secretaria de Desenvolvimento Urbano, vai Irineu Gon\u00e7alves J\u00fanior, que dirigia a Serla \u2013 Supervis\u00e3o Especial de Regulariza\u00e7\u00e3o de Loteamentos e Arruamentos, da mesma secretaria.<\/strong><\/p>\n\n\n\n<p><strong>NA GCM<\/strong><\/p>\n\n\n\n<p><strong>. O GCM Douglas Salgado Pereira deixa o cargo de diretor de tr\u00e2nsito. Para o seu lugar vai o GCM Vagner Corr\u00eaa Cruzoleto, que no passado j\u00e1 ocupou esse cargo.<\/strong><\/p>\n\n\n\n<p><strong>. Os GCMs Diego Machado de Oliveira, Jonas Eduardo de Oliveira e Samuel de Almeida deixam a chefia de grupamento.<\/strong><\/p>\n\n\n\n<p><strong>. Foram nomeados para chefia de grupamento os seguintes GCMs: \u00c1lvaro Carvalho de Souza, Vagner Corr\u00eaa Cruzoleto e F\u00e1bio Rodrigues Lopes.<\/strong><\/p>\n\n\n\n<p><strong>Vitrine online apurou que essas mudan\u00e7as estariam relacionadas a poss\u00edveis reorienta\u00e7\u00f5es decorrentes da estrat\u00e9gia do secret\u00e1rio de Seguran\u00e7a, Erik Silva, nomeado recentemente.<\/strong><\/p>\n\n\n\n<p><strong>CULTURA E TURISMO<\/strong><\/p>\n\n\n\n<p><strong>A sa\u00edda da secret\u00e1ria Leonice da Paz n\u00e3o chegou a ser, pelo menos internamente, uma surpresa. Ela havia colocado o cargo \u00e0 disposi\u00e7\u00e3o, depois de se empenhar para melhorar a situa\u00e7\u00e3o da cidade no contexto do bin\u00f4mio da secretaria.<\/strong><\/p>\n\n\n\n<p><strong>\u00c0 vitrine online ela disse que se mudara para Ibi\u00fana, que se apaixonou pela cidade e que continuar\u00e1 \u00e0 disposi\u00e7\u00e3o para ajudar sobretudo para que haja melhoria nas duas \u00e1reas \u00e0s quais se dedicou durante um ano.<\/strong><\/p>\n\n\n\n<p><strong>Seu destino mais prov\u00e1vel \u00e9 que passe a apoiar o ex-secret\u00e1rio de Turismo e Viagens de S\u00e3o Paulo, Roberto de Lucena, que deixou o cargo para concorrer a uma cadeira de deputado federal, o qual j\u00e1 ocupou por tr\u00eas mandatos.<\/strong><\/p>\n\n\n\n<p><strong>Ali\u00e1s, foi exatamente sua aproxima\u00e7\u00e3o com Lucena que o prefeito de Ibi\u00fana a convidou para ocupar o cargo em Ibi\u00fana.<\/strong><\/p>\n\n\n\n<p><strong>C\u00c2MARA MUNICIPAL<\/strong><\/p>\n\n\n\n<p><strong>O presidente da C\u00e2mara Municipal, vereador Carlinhos Marques, considerou importante a nomea\u00e7\u00e3o de Naldo Firmino para a Secretaria de Governo, \u201co que poder\u00e1 melhorar a interlocu\u00e7\u00e3o com a C\u00e2mara que n\u00e3o existia at\u00e9 agora\u201d.<\/strong><\/p>\n\n\n\n<p><strong>\u201cTrata-se de uma fun\u00e7\u00e3o pol\u00edtica necess\u00e1ria porque a rela\u00e7\u00e3o entre a Prefeitura e a C\u00e2mara \u00e9 ruim, sendo necess\u00e1rio melhor di\u00e1logo e atendimento ao parlamento, que \u201cdeixa muito a desejar\u201d.<\/strong><\/p>\n","protected":false},"excerpt":{"rendered":"<p>O prefeito M\u00e1rio Pires realizou nesta sexta-feira (10) uma not\u00e1vel mudan\u00e7a no seu quadro de secret\u00e1rios e tamb\u00e9m em postos<\/p>\n","protected":false},"author":1,"featured_media":35387,"comment_status":"open","ping_status":"open","sticky":false,"template":"","format":"standard","meta":[],"categories":[3],"tags":[],"yoast_head":"<!-- This site is optimized with the Yoast SEO plugin v15.8 - https:\/\/yoast.com\/wordpress\/plugins\/seo\/ -->\n<title>IBI\u00daNA \u2013 PREFEITO MUDA SECRETARIADO PARA MELHORAR OPINI\u00c3O P\u00daBLICA - Revista Vitrine Online<\/title>\n<meta name=\"robots\" content=\"index, follow, max-snippet:-1, max-image-preview:large, max-video-preview:-1\" \/>\n<link rel=\"canonical\" href=\"https:\/\/revistavitrineibiuna.com.br\/?p=35386\" \/>\n<meta property=\"og:locale\" content=\"pt_BR\" \/>\n<meta property=\"og:type\" content=\"article\" \/>\n<meta property=\"og:title\" content=\"IBI\u00daNA \u2013 PREFEITO MUDA SECRETARIADO PARA MELHORAR OPINI\u00c3O P\u00daBLICA - Revista Vitrine Online\" \/>\n<meta property=\"og:description\" content=\"O prefeito M\u00e1rio Pires realizou nesta sexta-feira (10) uma not\u00e1vel mudan\u00e7a no seu quadro de secret\u00e1rios e tamb\u00e9m em postos\" \/>\n<meta property=\"og:url\" content=\"https:\/\/revistavitrineibiuna.com.br\/?p=35386\" \/>\n<meta property=\"og:site_name\" content=\"Revista Vitrine Online\" \/>\n<meta property=\"article:published_time\" content=\"2026-04-11T00:51:34+00:00\" \/>\n<meta property=\"article:modified_time\" content=\"2026-04-11T09:05:23+00:00\" \/>\n<meta property=\"og:image\" content=\"https:\/\/revistavitrineibiuna.com.br\/wp-content\/uploads\/2026\/04\/Pires-no-Palacio-dos-Bandeirantes-6.1.2025.png\" \/>\n\t<meta property=\"og:image:width\" content=\"716\" \/>\n\t<meta property=\"og:image:height\" content=\"461\" \/>\n<meta name=\"twitter:card\" content=\"summary\" \/>\n<meta name=\"twitter:label1\" content=\"Est. reading time\">\n\t<meta name=\"twitter:data1\" content=\"3 minutos\">\n<script type=\"application\/ld+json\" class=\"yoast-schema-graph\">{\"@context\":\"https:\/\/schema.org\",\"@graph\":[{\"@type\":\"WebSite\",\"@id\":\"https:\/\/revistavitrineibiuna.com.br\/#website\",\"url\":\"https:\/\/revistavitrineibiuna.com.br\/\",\"name\":\"Revista Vitrine Ibi\\u00fana\",\"description\":\"A Revista de Ibi\\u00fana e Regi\\u00e3o\",\"publisher\":{\"@id\":\"https:\/\/revistavitrineibiuna.com.br\/#\/schema\/person\/e51ef49d6d88170ea21ceabff3f73deb\"},\"potentialAction\":[{\"@type\":\"SearchAction\",\"target\":\"https:\/\/revistavitrineibiuna.com.br\/?s={search_term_string}\",\"query-input\":\"required name=search_term_string\"}],\"inLanguage\":\"pt-BR\"},{\"@type\":\"ImageObject\",\"@id\":\"https:\/\/revistavitrineibiuna.com.br\/?p=35386#primaryimage\",\"inLanguage\":\"pt-BR\",\"url\":\"https:\/\/revistavitrineibiuna.com.br\/wp-content\/uploads\/2026\/04\/Pires-no-Palacio-dos-Bandeirantes-6.1.2025.png\",\"width\":716,\"height\":461},{\"@type\":\"WebPage\",\"@id\":\"https:\/\/revistavitrineibiuna.com.br\/?p=35386#webpage\",\"url\":\"https:\/\/revistavitrineibiuna.com.br\/?p=35386\",\"name\":\"IBI\\u00daNA \\u2013 PREFEITO MUDA SECRETARIADO PARA MELHORAR OPINI\\u00c3O P\\u00daBLICA - Revista Vitrine Online\",\"isPartOf\":{\"@id\":\"https:\/\/revistavitrineibiuna.com.br\/#website\"},\"primaryImageOfPage\":{\"@id\":\"https:\/\/revistavitrineibiuna.com.br\/?p=35386#primaryimage\"},\"datePublished\":\"2026-04-11T00:51:34+00:00\",\"dateModified\":\"2026-04-11T09:05:23+00:00\",\"breadcrumb\":{\"@id\":\"https:\/\/revistavitrineibiuna.com.br\/?p=35386#breadcrumb\"},\"inLanguage\":\"pt-BR\",\"potentialAction\":[{\"@type\":\"ReadAction\",\"target\":[\"https:\/\/revistavitrineibiuna.com.br\/?p=35386\"]}]},{\"@type\":\"BreadcrumbList\",\"@id\":\"https:\/\/revistavitrineibiuna.com.br\/?p=35386#breadcrumb\",\"itemListElement\":[{\"@type\":\"ListItem\",\"position\":1,\"item\":{\"@type\":\"WebPage\",\"@id\":\"https:\/\/revistavitrineibiuna.com.br\/\",\"url\":\"https:\/\/revistavitrineibiuna.com.br\/\",\"name\":\"In\\u00edcio\"}},{\"@type\":\"ListItem\",\"position\":2,\"item\":{\"@type\":\"WebPage\",\"@id\":\"https:\/\/revistavitrineibiuna.com.br\/?p=35386\",\"url\":\"https:\/\/revistavitrineibiuna.com.br\/?p=35386\",\"name\":\"IBI\\u00daNA \\u2013 PREFEITO MUDA SECRETARIADO PARA MELHORAR OPINI\\u00c3O P\\u00daBLICA\"}}]},{\"@type\":\"Article\",\"@id\":\"https:\/\/revistavitrineibiuna.com.br\/?p=35386#article\",\"isPartOf\":{\"@id\":\"https:\/\/revistavitrineibiuna.com.br\/?p=35386#webpage\"},\"author\":{\"@id\":\"https:\/\/revistavitrineibiuna.com.br\/#\/schema\/person\/e51ef49d6d88170ea21ceabff3f73deb\"},\"headline\":\"IBI\\u00daNA \\u2013 PREFEITO MUDA SECRETARIADO PARA MELHORAR OPINI\\u00c3O P\\u00daBLICA\",\"datePublished\":\"2026-04-11T00:51:34+00:00\",\"dateModified\":\"2026-04-11T09:05:23+00:00\",\"mainEntityOfPage\":{\"@id\":\"https:\/\/revistavitrineibiuna.com.br\/?p=35386#webpage\"},\"commentCount\":0,\"publisher\":{\"@id\":\"https:\/\/revistavitrineibiuna.com.br\/#\/schema\/person\/e51ef49d6d88170ea21ceabff3f73deb\"},\"image\":{\"@id\":\"https:\/\/revistavitrineibiuna.com.br\/?p=35386#primaryimage\"},\"articleSection\":\"Not\\u00edcias\",\"inLanguage\":\"pt-BR\",\"potentialAction\":[{\"@type\":\"CommentAction\",\"name\":\"Comment\",\"target\":[\"https:\/\/revistavitrineibiuna.com.br\/?p=35386#respond\"]}]},{\"@type\":[\"Person\",\"Organization\"],\"@id\":\"https:\/\/revistavitrineibiuna.com.br\/#\/schema\/person\/e51ef49d6d88170ea21ceabff3f73deb\",\"name\":\"Carlos Rossini\",\"image\":{\"@type\":\"ImageObject\",\"@id\":\"https:\/\/revistavitrineibiuna.com.br\/#personlogo\",\"inLanguage\":\"pt-BR\",\"url\":\"https:\/\/secure.gravatar.com\/avatar\/4f2d0f99fac1f85c7d643f21f5c8d900?s=96&d=mm&r=g\",\"caption\":\"Carlos Rossini\"},\"logo\":{\"@id\":\"https:\/\/revistavitrineibiuna.com.br\/#personlogo\"},\"description\":\"Carlos Rossini \\u00e9 jornalista, soci\\u00f3logo, escritor e professor universit\\u00e1rio, tendo sido professor de jornalismo por vinte anos. Trabalhou em ve\\u00edculos de comunica\\u00e7\\u00e3o nas fun\\u00e7\\u00f5es de rep\\u00f3rter, redator, editor, articulista e colaborador, como Folha de S. Paulo, O Estado de S. Paulo, Di\\u00e1rio Popular, entre outros. Ao transferir a revista vitrine, vers\\u00e3o imprensa, de S\\u00e3o Paulo para Ibi\\u00fana h\\u00e1 alguns anos, iniciou uma nova experi\\u00eancia profissional, dedicando-se ao jornalismo regional, depois de cumprir uma trajet\\u00f3ria bem-sucedida na grande imprensa brasileira. Seu primeiro livro A Coragem de Comunicar foi lan\\u00e7ado na Bienal do Livro em S\\u00e3o Paulo no ano 2000, pela editora Madras.\"}]}<\/script>\n<!-- \/ Yoast SEO plugin. -->","_links":{"self":[{"href":"https:\/\/revistavitrineibiuna.com.br\/index.php?rest_route=\/wp\/v2\/posts\/35386"}],"collection":[{"href":"https:\/\/revistavitrineibiuna.com.br\/index.php?rest_route=\/wp\/v2\/posts"}],"about":[{"href":"https:\/\/revistavitrineibiuna.com.br\/index.php?rest_route=\/wp\/v2\/types\/post"}],"author":[{"embeddable":true,"href":"https:\/\/revistavitrineibiuna.com.br\/index.php?rest_route=\/wp\/v2\/users\/1"}],"replies":[{"embeddable":true,"href":"https:\/\/revistavitrineibiuna.com.br\/index.php?rest_route=%2Fwp%2Fv2%2Fcomments&post=35386"}],"version-history":[{"count":18,"href":"https:\/\/revistavitrineibiuna.com.br\/index.php?rest_route=\/wp\/v2\/posts\/35386\/revisions"}],"predecessor-version":[{"id":35413,"href":"https:\/\/revistavitrineibiuna.com.br\/index.php?rest_route=\/wp\/v2\/posts\/35386\/revisions\/35413"}],"wp:featuredmedia":[{"embeddable":true,"href":"https:\/\/revistavitrineibiuna.com.br\/index.php?rest_route=\/wp\/v2\/media\/35387"}],"wp:attachment":[{"href":"https:\/\/revistavitrineibiuna.com.br\/index.php?rest_route=%2Fwp%2Fv2%2Fmedia&parent=35386"}],"wp:term":[{"taxonomy":"category","embeddable":true,"href":"https:\/\/revistavitrineibiuna.com.br\/index.php?rest_route=%2Fwp%2Fv2%2Fcategories&post=35386"},{"taxonomy":"post_tag","embeddable":true,"href":"https:\/\/revistavitrineibiuna.com.br\/index.php?rest_route=%2Fwp%2Fv2%2Ftags&post=35386"}],"curies":[{"name":"wp","href":"https:\/\/api.w.org\/{rel}","templated":true}]}}