{"id":35414,"date":"2026-04-11T13:16:02","date_gmt":"2026-04-11T16:16:02","guid":{"rendered":"http:\/\/revistavitrineibiuna.com.br\/?p=35414"},"modified":"2026-04-11T14:36:46","modified_gmt":"2026-04-11T17:36:46","slug":"ibiuna-quem-e-quem-no-paco-municipal-5","status":"publish","type":"post","link":"https:\/\/revistavitrineibiuna.com.br\/?p=35414","title":{"rendered":"IBI\u00daNA \u2013 QUEM \u00c9 QUEM NO PA\u00c7O MUNICIPAL \u2013 5"},"content":{"rendered":"\n<p class=\"has-drop-cap\"><strong>Com o objetivo de esclarecer a popula\u00e7\u00e3o como funciona a estrutura da Prefeitura de Ibi\u00fana, a revista vitrine online iniciou a publica\u00e7\u00e3o da s\u00e9rie de mat\u00e9rias \u201cIbi\u00fana \u2013 quem \u00e9 quem no Pa\u00e7o Municipal\u201d.<\/strong><\/p>\n\n\n\n<p><strong>O prop\u00f3sito desse material \u00e9 tamb\u00e9m orientar os cidad\u00e3os que, por ventura, sintam a necessidade de reivindicar medidas para problemas de responsabilidade da municipalidade.<\/strong><\/p>\n\n\n\n<p><strong>Para que possam assegurar um retorno em suas peti\u00e7\u00f5es, os mun\u00edcipes&nbsp; devem se dirigir ao Setor de Protocolo que fica no piso t\u00e9rreo do Pa\u00e7o Municipal, localizado na avenida Capit\u00e3o Manoel de Oliveira Carvalho, 51 \u2013 Centro \u2013 Ibi\u00fana, registrar suas demandas e acompanhar os resultados.<\/strong><\/p>\n\n\n\n<p><strong>Com base na Lei Org\u00e2nica do Munic\u00edpio da Est\u00e2ncia Tur\u00edstica de Ibi\u00fana, as responsabilidades do vice-prefeito concentram-se principalmente no aux\u00edlio direto ao prefeito e na substitui\u00e7\u00e3o deste em casos de impedimento.<\/strong><\/p>\n\n\n\n<p><strong>Vice-prefeito: Ant\u00f4nio Reginaldo Firmino<\/strong><\/p>\n\n\n\n<p><strong>As principais atribui\u00e7\u00f5es do vice-prefeito s\u00e3o:<\/strong><\/p>\n\n\n\n<p><strong>. Substitui\u00e7\u00e3o do prefeito: o vice-prefeito assume a chefia do Poder Executivo em casos de licen\u00e7a, viagem, f\u00e9rias ou impedimento do prefeito;<\/strong><\/p>\n\n\n\n<p><strong>. Sucess\u00e3o: Em caso de vac\u00e2ncia definitiva do cargo (ren\u00fancia, cassa\u00e7\u00e3o ou falecimento), o vice-prefeito assume o cargo de prefeito em definitivo at\u00e9 o fim do mandato.<\/strong><\/p>\n\n\n\n<p><strong>. Aux\u00edlio nas miss\u00f5es especiais: o vice-prefeito atua em conjunto com o prefeito, executando miss\u00f5es especiais e tarefas que lhe forem delegadas por lei municipal ou pelo chefe do Executivo;<\/strong><\/p>\n\n\n\n<p><strong>. Fun\u00e7\u00e3o de assessoramento: geralmente, o vice-prefeito de Ibi\u00fana atua na coordena\u00e7\u00e3o de projetos estrat\u00e9gicos, articula\u00e7\u00e3o pol\u00edtica ou respondendo por secretarias municipais, dependendo da estrutura administrativa definida pelo prefeito em exerc\u00edcio.<\/strong><\/p>\n\n\n\n<p><strong>SECRET\u00c1RIO DE GOVERNO<\/strong><\/p>\n\n\n\n<p><strong>Desde a \u00faltima sexta-feira (10), Naldo Firmino passou&nbsp; a acumular a importante fun\u00e7\u00e3o de secret\u00e1rio de Governo.<\/strong><\/p>\n\n\n\n<p><strong>A Secretaria Municipal de Governo (SG) tem um papel estrat\u00e9gico de articula\u00e7\u00e3o e apoio direto ao prefeito.<\/strong><\/p>\n\n\n\n<p><strong>Secret\u00e1rio de Governo: Ant\u00f4nio Reginaldo Firmino.<\/strong><\/p>\n\n\n\n<p><strong>As principais responsabilidades do secret\u00e1rio de Governo de Ibi\u00fana incluem:<\/strong><\/p>\n\n\n\n<p><strong>Assessoramento direto: prestar assist\u00eancia ao prefeito na dire\u00e7\u00e3o, coordena\u00e7\u00e3o, controle e avalia\u00e7\u00e3o das a\u00e7\u00f5es estrat\u00e9gicas de governo;<\/strong><\/p>\n\n\n\n<p><strong>Coordena\u00e7\u00e3o institucional: coordenar as rela\u00e7\u00f5es entre as secretarias municipais e garantir a integra\u00e7\u00e3o das pol\u00edticas p\u00fablicas da administra\u00e7\u00e3o.<\/strong><\/p>\n\n\n\n<p><strong>Articula\u00e7\u00e3o pol\u00edtica: atuar como elo entre o Executivo (Prefeitura) e o Poder Legislativo (C\u00e2mara Municipal de Ibi\u00fana), acompanhando projetos de lei e demandas parlamentares.<\/strong><\/p>\n\n\n\n<p><strong>Gest\u00e3o das Administra\u00e7\u00f5es Regionais: gerenciar as unidades descentralizadas, como a Administra\u00e7\u00e3o Regional do Bairro Carmo Messias, Bairro Verava, Bairro Sorocabu\u00e7u, entre outras, facilitando servi\u00e7os locais;<\/strong><\/p>\n\n\n\n<p><strong>Planejamento estrat\u00e9gico: monitorar o cumprimento de metas de governo e implementar projetos articulados com seguran\u00e7a e promo\u00e7\u00e3o social, a exemplo de programas de prote\u00e7\u00e3o \u00e0 mulher;<\/strong><\/p>\n\n\n\n<p><strong>Apoio administrativo: orientar e controlar as atividades de expediente da administra\u00e7\u00e3o p\u00fablica municipal.<\/strong><\/p>\n\n\n\n<p><strong>Post Scriptum:<\/strong> <strong>O secret\u00e1rio de Administra\u00e7\u00e3o, Eli Valentim, informa que a Secretaria de Governo de Ibi\u00fana &#8220;tem em seu rol de equipamentos de servi\u00e7os os seguintes \u00f3rg\u00e3o<\/strong>s<strong>: Defesa Civil, Conselho Tutelar, Bombeiros e Procon&#8221;.<\/strong><\/p>\n","protected":false},"excerpt":{"rendered":"<p>Com o objetivo de esclarecer a popula\u00e7\u00e3o como funciona a estrutura da Prefeitura de Ibi\u00fana, a revista vitrine online iniciou<\/p>\n","protected":false},"author":1,"featured_media":35383,"comment_status":"open","ping_status":"open","sticky":false,"template":"","format":"standard","meta":[],"categories":[3],"tags":[],"yoast_head":"<!-- This site is optimized with the Yoast SEO plugin v15.8 - https:\/\/yoast.com\/wordpress\/plugins\/seo\/ -->\n<title>IBI\u00daNA \u2013 QUEM \u00c9 QUEM NO PA\u00c7O MUNICIPAL \u2013 5 - Revista Vitrine Online<\/title>\n<meta name=\"robots\" content=\"index, follow, max-snippet:-1, max-image-preview:large, max-video-preview:-1\" \/>\n<link rel=\"canonical\" href=\"http:\/\/revistavitrineibiuna.com.br\/?p=35414\" \/>\n<meta property=\"og:locale\" content=\"pt_BR\" \/>\n<meta property=\"og:type\" content=\"article\" \/>\n<meta property=\"og:title\" content=\"IBI\u00daNA \u2013 QUEM \u00c9 QUEM NO PA\u00c7O MUNICIPAL \u2013 5 - Revista Vitrine Online\" \/>\n<meta property=\"og:description\" content=\"Com o objetivo de esclarecer a popula\u00e7\u00e3o como funciona a estrutura da Prefeitura de Ibi\u00fana, a revista vitrine online iniciou\" \/>\n<meta property=\"og:url\" content=\"http:\/\/revistavitrineibiuna.com.br\/?p=35414\" \/>\n<meta property=\"og:site_name\" content=\"Revista Vitrine Online\" \/>\n<meta property=\"article:published_time\" content=\"2026-04-11T16:16:02+00:00\" \/>\n<meta property=\"article:modified_time\" content=\"2026-04-11T17:36:46+00:00\" \/>\n<meta property=\"og:image\" content=\"https:\/\/revistavitrineibiuna.com.br\/wp-content\/uploads\/2026\/04\/Naldo-firmino-1.png\" \/>\n\t<meta property=\"og:image:width\" content=\"709\" \/>\n\t<meta property=\"og:image:height\" content=\"554\" \/>\n<meta name=\"twitter:card\" content=\"summary\" \/>\n<meta name=\"twitter:label1\" content=\"Est. reading time\">\n\t<meta name=\"twitter:data1\" content=\"3 minutos\">\n<script type=\"application\/ld+json\" class=\"yoast-schema-graph\">{\"@context\":\"https:\/\/schema.org\",\"@graph\":[{\"@type\":\"WebSite\",\"@id\":\"https:\/\/revistavitrineibiuna.com.br\/#website\",\"url\":\"https:\/\/revistavitrineibiuna.com.br\/\",\"name\":\"Revista Vitrine Ibi\\u00fana\",\"description\":\"A Revista de Ibi\\u00fana e Regi\\u00e3o\",\"publisher\":{\"@id\":\"https:\/\/revistavitrineibiuna.com.br\/#\/schema\/person\/e51ef49d6d88170ea21ceabff3f73deb\"},\"potentialAction\":[{\"@type\":\"SearchAction\",\"target\":\"https:\/\/revistavitrineibiuna.com.br\/?s={search_term_string}\",\"query-input\":\"required name=search_term_string\"}],\"inLanguage\":\"pt-BR\"},{\"@type\":\"ImageObject\",\"@id\":\"http:\/\/revistavitrineibiuna.com.br\/?p=35414#primaryimage\",\"inLanguage\":\"pt-BR\",\"url\":\"https:\/\/revistavitrineibiuna.com.br\/wp-content\/uploads\/2026\/04\/Naldo-firmino-1.png\",\"width\":709,\"height\":554},{\"@type\":\"WebPage\",\"@id\":\"http:\/\/revistavitrineibiuna.com.br\/?p=35414#webpage\",\"url\":\"http:\/\/revistavitrineibiuna.com.br\/?p=35414\",\"name\":\"IBI\\u00daNA \\u2013 QUEM \\u00c9 QUEM NO PA\\u00c7O MUNICIPAL \\u2013 5 - Revista Vitrine Online\",\"isPartOf\":{\"@id\":\"https:\/\/revistavitrineibiuna.com.br\/#website\"},\"primaryImageOfPage\":{\"@id\":\"http:\/\/revistavitrineibiuna.com.br\/?p=35414#primaryimage\"},\"datePublished\":\"2026-04-11T16:16:02+00:00\",\"dateModified\":\"2026-04-11T17:36:46+00:00\",\"breadcrumb\":{\"@id\":\"http:\/\/revistavitrineibiuna.com.br\/?p=35414#breadcrumb\"},\"inLanguage\":\"pt-BR\",\"potentialAction\":[{\"@type\":\"ReadAction\",\"target\":[\"http:\/\/revistavitrineibiuna.com.br\/?p=35414\"]}]},{\"@type\":\"BreadcrumbList\",\"@id\":\"http:\/\/revistavitrineibiuna.com.br\/?p=35414#breadcrumb\",\"itemListElement\":[{\"@type\":\"ListItem\",\"position\":1,\"item\":{\"@type\":\"WebPage\",\"@id\":\"https:\/\/revistavitrineibiuna.com.br\/\",\"url\":\"https:\/\/revistavitrineibiuna.com.br\/\",\"name\":\"In\\u00edcio\"}},{\"@type\":\"ListItem\",\"position\":2,\"item\":{\"@type\":\"WebPage\",\"@id\":\"http:\/\/revistavitrineibiuna.com.br\/?p=35414\",\"url\":\"http:\/\/revistavitrineibiuna.com.br\/?p=35414\",\"name\":\"IBI\\u00daNA \\u2013 QUEM \\u00c9 QUEM NO PA\\u00c7O MUNICIPAL \\u2013 5\"}}]},{\"@type\":\"Article\",\"@id\":\"http:\/\/revistavitrineibiuna.com.br\/?p=35414#article\",\"isPartOf\":{\"@id\":\"http:\/\/revistavitrineibiuna.com.br\/?p=35414#webpage\"},\"author\":{\"@id\":\"https:\/\/revistavitrineibiuna.com.br\/#\/schema\/person\/e51ef49d6d88170ea21ceabff3f73deb\"},\"headline\":\"IBI\\u00daNA \\u2013 QUEM \\u00c9 QUEM NO PA\\u00c7O MUNICIPAL \\u2013 5\",\"datePublished\":\"2026-04-11T16:16:02+00:00\",\"dateModified\":\"2026-04-11T17:36:46+00:00\",\"mainEntityOfPage\":{\"@id\":\"http:\/\/revistavitrineibiuna.com.br\/?p=35414#webpage\"},\"commentCount\":0,\"publisher\":{\"@id\":\"https:\/\/revistavitrineibiuna.com.br\/#\/schema\/person\/e51ef49d6d88170ea21ceabff3f73deb\"},\"image\":{\"@id\":\"http:\/\/revistavitrineibiuna.com.br\/?p=35414#primaryimage\"},\"articleSection\":\"Not\\u00edcias\",\"inLanguage\":\"pt-BR\",\"potentialAction\":[{\"@type\":\"CommentAction\",\"name\":\"Comment\",\"target\":[\"http:\/\/revistavitrineibiuna.com.br\/?p=35414#respond\"]}]},{\"@type\":[\"Person\",\"Organization\"],\"@id\":\"https:\/\/revistavitrineibiuna.com.br\/#\/schema\/person\/e51ef49d6d88170ea21ceabff3f73deb\",\"name\":\"Carlos Rossini\",\"image\":{\"@type\":\"ImageObject\",\"@id\":\"https:\/\/revistavitrineibiuna.com.br\/#personlogo\",\"inLanguage\":\"pt-BR\",\"url\":\"https:\/\/secure.gravatar.com\/avatar\/4f2d0f99fac1f85c7d643f21f5c8d900?s=96&d=mm&r=g\",\"caption\":\"Carlos Rossini\"},\"logo\":{\"@id\":\"https:\/\/revistavitrineibiuna.com.br\/#personlogo\"},\"description\":\"Carlos Rossini \\u00e9 jornalista, soci\\u00f3logo, escritor e professor universit\\u00e1rio, tendo sido professor de jornalismo por vinte anos. Trabalhou em ve\\u00edculos de comunica\\u00e7\\u00e3o nas fun\\u00e7\\u00f5es de rep\\u00f3rter, redator, editor, articulista e colaborador, como Folha de S. Paulo, O Estado de S. Paulo, Di\\u00e1rio Popular, entre outros. Ao transferir a revista vitrine, vers\\u00e3o imprensa, de S\\u00e3o Paulo para Ibi\\u00fana h\\u00e1 alguns anos, iniciou uma nova experi\\u00eancia profissional, dedicando-se ao jornalismo regional, depois de cumprir uma trajet\\u00f3ria bem-sucedida na grande imprensa brasileira. Seu primeiro livro A Coragem de Comunicar foi lan\\u00e7ado na Bienal do Livro em S\\u00e3o Paulo no ano 2000, pela editora Madras.\"}]}<\/script>\n<!-- \/ Yoast SEO plugin. -->","_links":{"self":[{"href":"https:\/\/revistavitrineibiuna.com.br\/index.php?rest_route=\/wp\/v2\/posts\/35414"}],"collection":[{"href":"https:\/\/revistavitrineibiuna.com.br\/index.php?rest_route=\/wp\/v2\/posts"}],"about":[{"href":"https:\/\/revistavitrineibiuna.com.br\/index.php?rest_route=\/wp\/v2\/types\/post"}],"author":[{"embeddable":true,"href":"https:\/\/revistavitrineibiuna.com.br\/index.php?rest_route=\/wp\/v2\/users\/1"}],"replies":[{"embeddable":true,"href":"https:\/\/revistavitrineibiuna.com.br\/index.php?rest_route=%2Fwp%2Fv2%2Fcomments&post=35414"}],"version-history":[{"count":2,"href":"https:\/\/revistavitrineibiuna.com.br\/index.php?rest_route=\/wp\/v2\/posts\/35414\/revisions"}],"predecessor-version":[{"id":35417,"href":"https:\/\/revistavitrineibiuna.com.br\/index.php?rest_route=\/wp\/v2\/posts\/35414\/revisions\/35417"}],"wp:featuredmedia":[{"embeddable":true,"href":"https:\/\/revistavitrineibiuna.com.br\/index.php?rest_route=\/wp\/v2\/media\/35383"}],"wp:attachment":[{"href":"https:\/\/revistavitrineibiuna.com.br\/index.php?rest_route=%2Fwp%2Fv2%2Fmedia&parent=35414"}],"wp:term":[{"taxonomy":"category","embeddable":true,"href":"https:\/\/revistavitrineibiuna.com.br\/index.php?rest_route=%2Fwp%2Fv2%2Fcategories&post=35414"},{"taxonomy":"post_tag","embeddable":true,"href":"https:\/\/revistavitrineibiuna.com.br\/index.php?rest_route=%2Fwp%2Fv2%2Ftags&post=35414"}],"curies":[{"name":"wp","href":"https:\/\/api.w.org\/{rel}","templated":true}]}}