{"id":35418,"date":"2026-04-11T19:15:58","date_gmt":"2026-04-11T22:15:58","guid":{"rendered":"http:\/\/revistavitrineibiuna.com.br\/?p=35418"},"modified":"2026-04-11T19:18:46","modified_gmt":"2026-04-11T22:18:46","slug":"ibiuna-ex-secretaria-diz-que-deixou-paga-a-obra-paralisada-do-teatro-alto-da-figueira","status":"publish","type":"post","link":"https:\/\/revistavitrineibiuna.com.br\/?p=35418","title":{"rendered":"IBI\u00daNA \u2013 EX-SECRETARIA DIZ QUE DEIXOU PAGA A OBRA [PARALISADA] DO TEATRO ALTO DA FIGUEIRA"},"content":{"rendered":"\n<p class=\"has-drop-cap\"><strong>Sakura Ishibuchi Nanni, ex-secret\u00e1ria de Cultura e Turismo na gest\u00e3o Paulo Sasaki e respons\u00e1vel pela implanta\u00e7\u00e3o do projeto do Teatro Municipal Alto da Figueira, afirmou ter deixado a obra em ordem e paga e que estranha que se encontra paralisada at\u00e9 hoje pela atual administra\u00e7\u00e3o.<\/strong><\/p>\n\n\n\n<p><strong>Lembrou que a arquiteta e os engenheiros respons\u00e1veis pela obra continuam na administra\u00e7\u00e3o, sendo a \u201catual secret\u00e1ria de Obras\u201d, e que \u201cquerem deixar parado para dar impress\u00e3o que estava IRREGULAR, mas n\u00e3o estava n\u00e3o!\u201d<\/strong><\/p>\n\n\n\n<p><strong>Tamb\u00e9m afirmou que somente n\u00e3o concluiu o teatro, por conta de atrasos da \u201cSabesp e CPFL, s\u00f3 por isso!\u201d<\/strong><\/p>\n\n\n\n<p><strong>Nanni considerou a obra como uma \u201cconquista e motivo de orgulho\u201d e que a terminem, ou \u201cter\u00e3o que devolver ao estado o recurso usado\u201d.<\/strong><\/p>\n\n\n\n<p><strong>TVUNA e vitrine online<\/strong><\/p>\n\n\n\n<p><strong>A manifesta\u00e7\u00e3o da ex-secret\u00e1ria de Cultura e Turismo de Ibi\u00fana se deveu ao fato de a TVUNA e vitrine online terem publicado, na \u00faltima quinta-feira (9) not\u00edcia informando que as obras do Teatro Municipal Alto da Figueira est\u00e3o paralisadas e deveriam estar conclu\u00eddas em dezembro de 2023, portanto h\u00e1 mais de tr\u00eas anos.<\/strong><\/p>\n\n\n\n<p><strong>A not\u00edcia foi publicada meses depois de vitrine online e TVUNA esperarem em v\u00e3o pelo retorno ao pedido de informa\u00e7\u00e3o feito \u00e0 Prefeitura.<\/strong><\/p>\n\n\n\n<figure class=\"wp-block-image size-large\"><img loading=\"lazy\" width=\"1024\" height=\"768\" src=\"https:\/\/revistavitrineibiuna.com.br\/wp-content\/uploads\/2026\/04\/41d808c8-48cd-4b5a-b352-1d74745c2497-1024x768.jpg\" alt=\"\" class=\"wp-image-35422\" srcset=\"https:\/\/revistavitrineibiuna.com.br\/wp-content\/uploads\/2026\/04\/41d808c8-48cd-4b5a-b352-1d74745c2497-1024x768.jpg 1024w, https:\/\/revistavitrineibiuna.com.br\/wp-content\/uploads\/2026\/04\/41d808c8-48cd-4b5a-b352-1d74745c2497-300x225.jpg 300w, https:\/\/revistavitrineibiuna.com.br\/wp-content\/uploads\/2026\/04\/41d808c8-48cd-4b5a-b352-1d74745c2497-768x576.jpg 768w, https:\/\/revistavitrineibiuna.com.br\/wp-content\/uploads\/2026\/04\/41d808c8-48cd-4b5a-b352-1d74745c2497-1536x1152.jpg 1536w, https:\/\/revistavitrineibiuna.com.br\/wp-content\/uploads\/2026\/04\/41d808c8-48cd-4b5a-b352-1d74745c2497-320x240.jpg 320w, https:\/\/revistavitrineibiuna.com.br\/wp-content\/uploads\/2026\/04\/41d808c8-48cd-4b5a-b352-1d74745c2497.jpg 1600w\" sizes=\"(max-width: 1024px) 100vw, 1024px\" \/><figcaption>Or\u00e7adas em cerca de R$ 8 milh\u00f5es, as obras do Teatro deveriam estar conclu\u00eddas em dezembro de 2023<\/figcaption><\/figure>\n\n\n\n<p><strong>\u201cFALARAM QUE IAM RETOMAR\u201d<\/strong><\/p>\n\n\n\n<p><strong>Eis, na \u00edntegra, o pronunciamento feito pela ex-secret\u00e1ria de Cultura e Turismo de Ibi\u00fana neste s\u00e1bado (11).<\/strong><\/p>\n\n\n\n<p><strong>\u201cDeixamos em ordem Carlos Rossini!<\/strong><\/p>\n\n\n\n<p><strong>At\u00e9 dezembro de 2024 a obra estava em andamento! A respons\u00e1vel pela obra, arquiteta e engenheiros continuam na administra\u00e7\u00e3o, e \u00e9 a atual Secret\u00e1ria de Obras.<\/strong><\/p>\n\n\n\n<p><strong>J\u00e1 perguntei por que pararam, falaram que iam retomar, sendo que a obra est\u00e1 100 % paga com recursos do estado, aprovados pelo COMTUR, CONTURESP E SETUR.<\/strong><\/p>\n\n\n\n<p><strong>E outra, foi prestada conta pelos engenheiros para o COMTUR em dezembro de 2024 a meu pedido, os engenheiros mentiram ent\u00e3o??<\/strong><\/p>\n\n\n\n<p><strong>F\u00e1cil jogar sempre na gest\u00e3o passada, n\u00e9?<\/strong><\/p>\n\n\n\n<p><strong>Essa obra, eu como respons\u00e1vel na \u00e9poca iniciei, s\u00f3 n\u00e3o conclu\u00edmos por quest\u00f5es que fizeram atrasar, Sabesp e CPFL, s\u00f3 por isso!<\/strong><\/p>\n\n\n\n<p><strong>Querem deixar parado para dar impress\u00e3o que estava IRREGULAR, mas n\u00e3o estava n\u00e3o!<\/strong><\/p>\n\n\n\n<p><strong>Essa obra pra mim \u00e9 uma CONQUISTA E UM ORGULHO! Espero que terminem!! Ou ter\u00e3o que devolver para o estado o recurso usado, como tivemos que fazer com recurso da ciclovia!\u201d<\/strong><\/p>\n","protected":false},"excerpt":{"rendered":"<p>Sakura Ishibuchi Nanni, ex-secret\u00e1ria de Cultura e Turismo na gest\u00e3o Paulo Sasaki e respons\u00e1vel pela implanta\u00e7\u00e3o do projeto do Teatro<\/p>\n","protected":false},"author":1,"featured_media":35419,"comment_status":"open","ping_status":"open","sticky":false,"template":"","format":"standard","meta":[],"categories":[3],"tags":[],"yoast_head":"<!-- This site is optimized with the Yoast SEO plugin v15.8 - https:\/\/yoast.com\/wordpress\/plugins\/seo\/ -->\n<title>IBI\u00daNA \u2013 EX-SECRETARIA DIZ QUE DEIXOU PAGA A OBRA [PARALISADA] DO TEATRO ALTO DA FIGUEIRA - Revista Vitrine Online<\/title>\n<meta name=\"robots\" content=\"index, follow, max-snippet:-1, max-image-preview:large, max-video-preview:-1\" \/>\n<link rel=\"canonical\" href=\"http:\/\/revistavitrineibiuna.com.br\/?p=35418\" \/>\n<meta property=\"og:locale\" content=\"pt_BR\" \/>\n<meta property=\"og:type\" content=\"article\" \/>\n<meta property=\"og:title\" content=\"IBI\u00daNA \u2013 EX-SECRETARIA DIZ QUE DEIXOU PAGA A OBRA [PARALISADA] DO TEATRO ALTO DA FIGUEIRA - Revista Vitrine Online\" \/>\n<meta property=\"og:description\" content=\"Sakura Ishibuchi Nanni, ex-secret\u00e1ria de Cultura e Turismo na gest\u00e3o Paulo Sasaki e respons\u00e1vel pela implanta\u00e7\u00e3o do projeto do Teatro\" \/>\n<meta property=\"og:url\" content=\"http:\/\/revistavitrineibiuna.com.br\/?p=35418\" \/>\n<meta property=\"og:site_name\" content=\"Revista Vitrine Online\" \/>\n<meta property=\"article:published_time\" content=\"2026-04-11T22:15:58+00:00\" \/>\n<meta property=\"article:modified_time\" content=\"2026-04-11T22:18:46+00:00\" \/>\n<meta property=\"og:image\" content=\"https:\/\/revistavitrineibiuna.com.br\/wp-content\/uploads\/2026\/04\/sakura.png\" \/>\n\t<meta property=\"og:image:width\" content=\"716\" \/>\n\t<meta property=\"og:image:height\" content=\"506\" \/>\n<meta name=\"twitter:card\" content=\"summary\" \/>\n<meta name=\"twitter:label1\" content=\"Est. reading time\">\n\t<meta name=\"twitter:data1\" content=\"2 minutos\">\n<script type=\"application\/ld+json\" class=\"yoast-schema-graph\">{\"@context\":\"https:\/\/schema.org\",\"@graph\":[{\"@type\":\"WebSite\",\"@id\":\"https:\/\/revistavitrineibiuna.com.br\/#website\",\"url\":\"https:\/\/revistavitrineibiuna.com.br\/\",\"name\":\"Revista Vitrine Ibi\\u00fana\",\"description\":\"A Revista de Ibi\\u00fana e Regi\\u00e3o\",\"publisher\":{\"@id\":\"https:\/\/revistavitrineibiuna.com.br\/#\/schema\/person\/e51ef49d6d88170ea21ceabff3f73deb\"},\"potentialAction\":[{\"@type\":\"SearchAction\",\"target\":\"https:\/\/revistavitrineibiuna.com.br\/?s={search_term_string}\",\"query-input\":\"required name=search_term_string\"}],\"inLanguage\":\"pt-BR\"},{\"@type\":\"ImageObject\",\"@id\":\"http:\/\/revistavitrineibiuna.com.br\/?p=35418#primaryimage\",\"inLanguage\":\"pt-BR\",\"url\":\"https:\/\/revistavitrineibiuna.com.br\/wp-content\/uploads\/2026\/04\/sakura.png\",\"width\":716,\"height\":506},{\"@type\":\"WebPage\",\"@id\":\"http:\/\/revistavitrineibiuna.com.br\/?p=35418#webpage\",\"url\":\"http:\/\/revistavitrineibiuna.com.br\/?p=35418\",\"name\":\"IBI\\u00daNA \\u2013 EX-SECRETARIA DIZ QUE DEIXOU PAGA A OBRA [PARALISADA] DO TEATRO ALTO DA FIGUEIRA - Revista Vitrine Online\",\"isPartOf\":{\"@id\":\"https:\/\/revistavitrineibiuna.com.br\/#website\"},\"primaryImageOfPage\":{\"@id\":\"http:\/\/revistavitrineibiuna.com.br\/?p=35418#primaryimage\"},\"datePublished\":\"2026-04-11T22:15:58+00:00\",\"dateModified\":\"2026-04-11T22:18:46+00:00\",\"breadcrumb\":{\"@id\":\"http:\/\/revistavitrineibiuna.com.br\/?p=35418#breadcrumb\"},\"inLanguage\":\"pt-BR\",\"potentialAction\":[{\"@type\":\"ReadAction\",\"target\":[\"http:\/\/revistavitrineibiuna.com.br\/?p=35418\"]}]},{\"@type\":\"BreadcrumbList\",\"@id\":\"http:\/\/revistavitrineibiuna.com.br\/?p=35418#breadcrumb\",\"itemListElement\":[{\"@type\":\"ListItem\",\"position\":1,\"item\":{\"@type\":\"WebPage\",\"@id\":\"https:\/\/revistavitrineibiuna.com.br\/\",\"url\":\"https:\/\/revistavitrineibiuna.com.br\/\",\"name\":\"In\\u00edcio\"}},{\"@type\":\"ListItem\",\"position\":2,\"item\":{\"@type\":\"WebPage\",\"@id\":\"http:\/\/revistavitrineibiuna.com.br\/?p=35418\",\"url\":\"http:\/\/revistavitrineibiuna.com.br\/?p=35418\",\"name\":\"IBI\\u00daNA \\u2013 EX-SECRETARIA DIZ QUE DEIXOU PAGA A OBRA [PARALISADA] DO TEATRO ALTO DA FIGUEIRA\"}}]},{\"@type\":\"Article\",\"@id\":\"http:\/\/revistavitrineibiuna.com.br\/?p=35418#article\",\"isPartOf\":{\"@id\":\"http:\/\/revistavitrineibiuna.com.br\/?p=35418#webpage\"},\"author\":{\"@id\":\"https:\/\/revistavitrineibiuna.com.br\/#\/schema\/person\/e51ef49d6d88170ea21ceabff3f73deb\"},\"headline\":\"IBI\\u00daNA \\u2013 EX-SECRETARIA DIZ QUE DEIXOU PAGA A OBRA [PARALISADA] DO TEATRO ALTO DA FIGUEIRA\",\"datePublished\":\"2026-04-11T22:15:58+00:00\",\"dateModified\":\"2026-04-11T22:18:46+00:00\",\"mainEntityOfPage\":{\"@id\":\"http:\/\/revistavitrineibiuna.com.br\/?p=35418#webpage\"},\"commentCount\":0,\"publisher\":{\"@id\":\"https:\/\/revistavitrineibiuna.com.br\/#\/schema\/person\/e51ef49d6d88170ea21ceabff3f73deb\"},\"image\":{\"@id\":\"http:\/\/revistavitrineibiuna.com.br\/?p=35418#primaryimage\"},\"articleSection\":\"Not\\u00edcias\",\"inLanguage\":\"pt-BR\",\"potentialAction\":[{\"@type\":\"CommentAction\",\"name\":\"Comment\",\"target\":[\"http:\/\/revistavitrineibiuna.com.br\/?p=35418#respond\"]}]},{\"@type\":[\"Person\",\"Organization\"],\"@id\":\"https:\/\/revistavitrineibiuna.com.br\/#\/schema\/person\/e51ef49d6d88170ea21ceabff3f73deb\",\"name\":\"Carlos Rossini\",\"image\":{\"@type\":\"ImageObject\",\"@id\":\"https:\/\/revistavitrineibiuna.com.br\/#personlogo\",\"inLanguage\":\"pt-BR\",\"url\":\"https:\/\/secure.gravatar.com\/avatar\/4f2d0f99fac1f85c7d643f21f5c8d900?s=96&d=mm&r=g\",\"caption\":\"Carlos Rossini\"},\"logo\":{\"@id\":\"https:\/\/revistavitrineibiuna.com.br\/#personlogo\"},\"description\":\"Carlos Rossini \\u00e9 jornalista, soci\\u00f3logo, escritor e professor universit\\u00e1rio, tendo sido professor de jornalismo por vinte anos. Trabalhou em ve\\u00edculos de comunica\\u00e7\\u00e3o nas fun\\u00e7\\u00f5es de rep\\u00f3rter, redator, editor, articulista e colaborador, como Folha de S. Paulo, O Estado de S. Paulo, Di\\u00e1rio Popular, entre outros. Ao transferir a revista vitrine, vers\\u00e3o imprensa, de S\\u00e3o Paulo para Ibi\\u00fana h\\u00e1 alguns anos, iniciou uma nova experi\\u00eancia profissional, dedicando-se ao jornalismo regional, depois de cumprir uma trajet\\u00f3ria bem-sucedida na grande imprensa brasileira. Seu primeiro livro A Coragem de Comunicar foi lan\\u00e7ado na Bienal do Livro em S\\u00e3o Paulo no ano 2000, pela editora Madras.\"}]}<\/script>\n<!-- \/ Yoast SEO plugin. -->","_links":{"self":[{"href":"https:\/\/revistavitrineibiuna.com.br\/index.php?rest_route=\/wp\/v2\/posts\/35418"}],"collection":[{"href":"https:\/\/revistavitrineibiuna.com.br\/index.php?rest_route=\/wp\/v2\/posts"}],"about":[{"href":"https:\/\/revistavitrineibiuna.com.br\/index.php?rest_route=\/wp\/v2\/types\/post"}],"author":[{"embeddable":true,"href":"https:\/\/revistavitrineibiuna.com.br\/index.php?rest_route=\/wp\/v2\/users\/1"}],"replies":[{"embeddable":true,"href":"https:\/\/revistavitrineibiuna.com.br\/index.php?rest_route=%2Fwp%2Fv2%2Fcomments&post=35418"}],"version-history":[{"count":2,"href":"https:\/\/revistavitrineibiuna.com.br\/index.php?rest_route=\/wp\/v2\/posts\/35418\/revisions"}],"predecessor-version":[{"id":35423,"href":"https:\/\/revistavitrineibiuna.com.br\/index.php?rest_route=\/wp\/v2\/posts\/35418\/revisions\/35423"}],"wp:featuredmedia":[{"embeddable":true,"href":"https:\/\/revistavitrineibiuna.com.br\/index.php?rest_route=\/wp\/v2\/media\/35419"}],"wp:attachment":[{"href":"https:\/\/revistavitrineibiuna.com.br\/index.php?rest_route=%2Fwp%2Fv2%2Fmedia&parent=35418"}],"wp:term":[{"taxonomy":"category","embeddable":true,"href":"https:\/\/revistavitrineibiuna.com.br\/index.php?rest_route=%2Fwp%2Fv2%2Fcategories&post=35418"},{"taxonomy":"post_tag","embeddable":true,"href":"https:\/\/revistavitrineibiuna.com.br\/index.php?rest_route=%2Fwp%2Fv2%2Ftags&post=35418"}],"curies":[{"name":"wp","href":"https:\/\/api.w.org\/{rel}","templated":true}]}}