{"id":35425,"date":"2026-04-12T17:23:23","date_gmt":"2026-04-12T20:23:23","guid":{"rendered":"http:\/\/revistavitrineibiuna.com.br\/?p=35425"},"modified":"2026-04-13T06:48:18","modified_gmt":"2026-04-13T09:48:18","slug":"deputado-federal-paulo-teixeira-anuncia-mutirao-das-trabalhadoras-rurais-em-ibiuna","status":"publish","type":"post","link":"https:\/\/revistavitrineibiuna.com.br\/?p=35425","title":{"rendered":"DEPUTADO FEDERAL PAULO TEIXEIRA ANUNCIA MUTIR\u00c3O DAS TRABALHADORAS RURAIS EM IBI\u00daNA"},"content":{"rendered":"\n<p class=\"has-drop-cap\"><strong>O deputado federal Paulo Teixeira (PT) anunciou neste domingo (12) que o Governo Federal, o Minist\u00e9rio de Desenvolvimento Agr\u00e1rio e Agricultura Familiar e o Incra v\u00e3o realizar em Ibi\u00fana nos dias 7 e 8 de maio um Mutir\u00e3o das Trabalhadoras Rurais.<\/strong><\/p>\n\n\n\n<p><strong>O objetivo \u00e9 facilitar \u00e0s fam\u00edlias o acesso \u00e0s pol\u00edticas p\u00fablicas e promover a agricultura familiar, por meio de cadastramentos, expedi\u00e7\u00e3o de documentos indispens\u00e1veis para obten\u00e7\u00e3o de cr\u00e9dito a juros baixos, e promover medidas visando \u00e0 produ\u00e7\u00e3o de qualidade e melhoria na&nbsp; gera\u00e7\u00e3o de renda.<\/strong><\/p>\n\n\n\n<p><strong>Esse comunicado foi feito durante reuni\u00e3o realizada na sede do Sindicato dos Trabalhadores e Empregados Rurais de Ibi\u00fana na primeira visita feita por um deputado federal \u00e0 entidade fundada h\u00e1 32 anos, segundo declarou o presidente da entidade, Francisco Edivan Pereira.<\/strong><\/p>\n\n\n\n<p><strong>Teixeira, ao sinalizar a presen\u00e7a de Ibi\u00fana no cintur\u00e3o verde de S\u00e3o Paulo, destacou a voca\u00e7\u00e3o do munic\u00edpio para o desenvolvimento da agricultura agroecol\u00f3gica.<\/strong><\/p>\n\n\n\n<figure class=\"wp-block-image size-large\"><img loading=\"lazy\" width=\"171\" height=\"129\" src=\"https:\/\/revistavitrineibiuna.com.br\/wp-content\/uploads\/2026\/04\/PAULO-TEIXEIRA-FOTINHO.png\" alt=\"\" class=\"wp-image-35429\"\/><figcaption>Paulo Teixeira: defesa da agroecologia<\/figcaption><\/figure>\n\n\n\n<p><strong>Ele prop\u00f4s um trabalho conjunto com a Embrapa, Instituto Biol\u00f3gico de S\u00e3o Paulo, o Instituto Federal, a Ufscar e as cooperativas, a fim de que haja uma convers\u00e3o da agricultura do agrot\u00f3xico em biosun (agroecologia), o que significar\u00e1 um enorme avan\u00e7o na prote\u00e7\u00e3o do meio ambiente e da alimenta\u00e7\u00e3o saud\u00e1vel para a popula\u00e7\u00e3o.<\/strong><\/p>\n\n\n\n<p><strong>O parlamentar, que se desincompatibilizou recentemente do cargo de ministro, como fizeram outros 16 por conta do ano eleitoral, \u00e9 pr\u00e9-candidato a deputado federal para o qual j\u00e1 foi eleito pela quinta vez.<\/strong><\/p>\n\n\n\n<p><strong>Lembrou a Lei do atual governo&nbsp; que aumentou de 30% para 45% a participa\u00e7\u00e3o da agricultura familiar na composi\u00e7\u00e3o da merenda escolar no Brasil, assim como a redu\u00e7\u00e3o da taxa de juros para 3% para os alimentos, de 2% para agroecol\u00f3gicos (org\u00e2nicos) e 2% para aquisi\u00e7\u00e3o de m\u00e1quinas agr\u00edcolas de pequeno porte.<\/strong><\/p>\n\n\n\n<p><strong>O SINDICATO<\/strong><\/p>\n\n\n\n<p><strong>O presidente do sindicato, Francisco Edivan Pereira, fez um relato da hist\u00f3ria da entidade, que ele fundou em 1992.<\/strong><\/p>\n\n\n\n<p><strong>Apontou dificuldades enfrentadas por ocasi\u00e3o do decreto do presidente Michel Temer que, em 2017, extinguiu o imposto sindical, fazendo com que diversas entidades fechassem as portas.<\/strong><\/p>\n\n\n\n<p><strong>Atribuiu a manuten\u00e7\u00e3o do sindicato como combativa representante dos trabalhadores nas negocia\u00e7\u00f5es trabalhistas, e aos servi\u00e7os que a entidade presta aos associados [cerca de 6 mil] em assist\u00eancia jur\u00eddica, odontol\u00f3gica, m\u00e9dica, laboratorial e no campo do lazer, com uma pousada em Peru\u00edbe.<\/strong><\/p>\n\n\n\n<p><strong>PRESENTES<\/strong><\/p>\n\n\n\n<p><strong>Participaram da reuni\u00e3o Patr\u00edcia Apolin\u00e1rio, superintendente nacional do Movimento do Desenvolvimento Agr\u00edcola do Minist\u00e9rio de Desenvolvimento Agr\u00e1rio e Agricultura; Ronaldo Jos\u00e9 Ribeiro, superintendente do Incra no Estado de S\u00e3o Paulo; Camila Sasaki, representando a Secretaria de Agricultura de Ibi\u00fana; Amanda Pontes, presidente do PT em Ibi\u00fana; Adrielli Barca, vice-presidente do PT em Ibi\u00fana e presidente da Comiss\u00e3o de Diversidade da OAB; Romolo Hass, assessor da diretoria do Sindicato dos&nbsp; Trabalhadores e Empregados Rurais de Ibi\u00fana, al\u00e9m de conselheiros fiscais e funcion\u00e1rios do sindicato.<\/strong><\/p>\n","protected":false},"excerpt":{"rendered":"<p>O deputado federal Paulo Teixeira (PT) anunciou neste domingo (12) que o Governo Federal, o Minist\u00e9rio de Desenvolvimento Agr\u00e1rio e<\/p>\n","protected":false},"author":1,"featured_media":35426,"comment_status":"open","ping_status":"open","sticky":false,"template":"","format":"standard","meta":[],"categories":[3],"tags":[],"yoast_head":"<!-- This site is optimized with the Yoast SEO plugin v15.8 - https:\/\/yoast.com\/wordpress\/plugins\/seo\/ -->\n<title>DEPUTADO FEDERAL PAULO TEIXEIRA ANUNCIA MUTIR\u00c3O DAS TRABALHADORAS RURAIS EM IBI\u00daNA - Revista Vitrine Online<\/title>\n<meta name=\"robots\" content=\"index, follow, max-snippet:-1, max-image-preview:large, max-video-preview:-1\" \/>\n<link rel=\"canonical\" href=\"http:\/\/revistavitrineibiuna.com.br\/?p=35425\" \/>\n<meta property=\"og:locale\" content=\"pt_BR\" \/>\n<meta property=\"og:type\" content=\"article\" \/>\n<meta property=\"og:title\" content=\"DEPUTADO FEDERAL PAULO TEIXEIRA ANUNCIA MUTIR\u00c3O DAS TRABALHADORAS RURAIS EM IBI\u00daNA - Revista Vitrine Online\" \/>\n<meta property=\"og:description\" content=\"O deputado federal Paulo Teixeira (PT) anunciou neste domingo (12) que o Governo Federal, o Minist\u00e9rio de Desenvolvimento Agr\u00e1rio e\" \/>\n<meta property=\"og:url\" content=\"http:\/\/revistavitrineibiuna.com.br\/?p=35425\" \/>\n<meta property=\"og:site_name\" content=\"Revista Vitrine Online\" \/>\n<meta property=\"article:published_time\" content=\"2026-04-12T20:23:23+00:00\" \/>\n<meta property=\"article:modified_time\" content=\"2026-04-13T09:48:18+00:00\" \/>\n<meta property=\"og:image\" content=\"https:\/\/revistavitrineibiuna.com.br\/wp-content\/uploads\/2026\/04\/FOTO-SINDICATO-1-1024x658.png\" \/>\n\t<meta property=\"og:image:width\" content=\"1024\" \/>\n\t<meta property=\"og:image:height\" content=\"658\" \/>\n<meta name=\"twitter:card\" content=\"summary\" \/>\n<meta name=\"twitter:label1\" content=\"Est. reading time\">\n\t<meta name=\"twitter:data1\" content=\"3 minutos\">\n<script type=\"application\/ld+json\" class=\"yoast-schema-graph\">{\"@context\":\"https:\/\/schema.org\",\"@graph\":[{\"@type\":\"WebSite\",\"@id\":\"https:\/\/revistavitrineibiuna.com.br\/#website\",\"url\":\"https:\/\/revistavitrineibiuna.com.br\/\",\"name\":\"Revista Vitrine Ibi\\u00fana\",\"description\":\"A Revista de Ibi\\u00fana e Regi\\u00e3o\",\"publisher\":{\"@id\":\"https:\/\/revistavitrineibiuna.com.br\/#\/schema\/person\/e51ef49d6d88170ea21ceabff3f73deb\"},\"potentialAction\":[{\"@type\":\"SearchAction\",\"target\":\"https:\/\/revistavitrineibiuna.com.br\/?s={search_term_string}\",\"query-input\":\"required name=search_term_string\"}],\"inLanguage\":\"pt-BR\"},{\"@type\":\"ImageObject\",\"@id\":\"http:\/\/revistavitrineibiuna.com.br\/?p=35425#primaryimage\",\"inLanguage\":\"pt-BR\",\"url\":\"https:\/\/revistavitrineibiuna.com.br\/wp-content\/uploads\/2026\/04\/FOTO-SINDICATO-1.png\",\"width\":1595,\"height\":1025},{\"@type\":\"WebPage\",\"@id\":\"http:\/\/revistavitrineibiuna.com.br\/?p=35425#webpage\",\"url\":\"http:\/\/revistavitrineibiuna.com.br\/?p=35425\",\"name\":\"DEPUTADO FEDERAL PAULO TEIXEIRA ANUNCIA MUTIR\\u00c3O DAS TRABALHADORAS RURAIS EM IBI\\u00daNA - Revista Vitrine Online\",\"isPartOf\":{\"@id\":\"https:\/\/revistavitrineibiuna.com.br\/#website\"},\"primaryImageOfPage\":{\"@id\":\"http:\/\/revistavitrineibiuna.com.br\/?p=35425#primaryimage\"},\"datePublished\":\"2026-04-12T20:23:23+00:00\",\"dateModified\":\"2026-04-13T09:48:18+00:00\",\"breadcrumb\":{\"@id\":\"http:\/\/revistavitrineibiuna.com.br\/?p=35425#breadcrumb\"},\"inLanguage\":\"pt-BR\",\"potentialAction\":[{\"@type\":\"ReadAction\",\"target\":[\"http:\/\/revistavitrineibiuna.com.br\/?p=35425\"]}]},{\"@type\":\"BreadcrumbList\",\"@id\":\"http:\/\/revistavitrineibiuna.com.br\/?p=35425#breadcrumb\",\"itemListElement\":[{\"@type\":\"ListItem\",\"position\":1,\"item\":{\"@type\":\"WebPage\",\"@id\":\"https:\/\/revistavitrineibiuna.com.br\/\",\"url\":\"https:\/\/revistavitrineibiuna.com.br\/\",\"name\":\"In\\u00edcio\"}},{\"@type\":\"ListItem\",\"position\":2,\"item\":{\"@type\":\"WebPage\",\"@id\":\"http:\/\/revistavitrineibiuna.com.br\/?p=35425\",\"url\":\"http:\/\/revistavitrineibiuna.com.br\/?p=35425\",\"name\":\"DEPUTADO FEDERAL PAULO TEIXEIRA ANUNCIA MUTIR\\u00c3O DAS TRABALHADORAS RURAIS EM IBI\\u00daNA\"}}]},{\"@type\":\"Article\",\"@id\":\"http:\/\/revistavitrineibiuna.com.br\/?p=35425#article\",\"isPartOf\":{\"@id\":\"http:\/\/revistavitrineibiuna.com.br\/?p=35425#webpage\"},\"author\":{\"@id\":\"https:\/\/revistavitrineibiuna.com.br\/#\/schema\/person\/e51ef49d6d88170ea21ceabff3f73deb\"},\"headline\":\"DEPUTADO FEDERAL PAULO TEIXEIRA ANUNCIA MUTIR\\u00c3O DAS TRABALHADORAS RURAIS EM IBI\\u00daNA\",\"datePublished\":\"2026-04-12T20:23:23+00:00\",\"dateModified\":\"2026-04-13T09:48:18+00:00\",\"mainEntityOfPage\":{\"@id\":\"http:\/\/revistavitrineibiuna.com.br\/?p=35425#webpage\"},\"commentCount\":0,\"publisher\":{\"@id\":\"https:\/\/revistavitrineibiuna.com.br\/#\/schema\/person\/e51ef49d6d88170ea21ceabff3f73deb\"},\"image\":{\"@id\":\"http:\/\/revistavitrineibiuna.com.br\/?p=35425#primaryimage\"},\"articleSection\":\"Not\\u00edcias\",\"inLanguage\":\"pt-BR\",\"potentialAction\":[{\"@type\":\"CommentAction\",\"name\":\"Comment\",\"target\":[\"http:\/\/revistavitrineibiuna.com.br\/?p=35425#respond\"]}]},{\"@type\":[\"Person\",\"Organization\"],\"@id\":\"https:\/\/revistavitrineibiuna.com.br\/#\/schema\/person\/e51ef49d6d88170ea21ceabff3f73deb\",\"name\":\"Carlos Rossini\",\"image\":{\"@type\":\"ImageObject\",\"@id\":\"https:\/\/revistavitrineibiuna.com.br\/#personlogo\",\"inLanguage\":\"pt-BR\",\"url\":\"https:\/\/secure.gravatar.com\/avatar\/4f2d0f99fac1f85c7d643f21f5c8d900?s=96&d=mm&r=g\",\"caption\":\"Carlos Rossini\"},\"logo\":{\"@id\":\"https:\/\/revistavitrineibiuna.com.br\/#personlogo\"},\"description\":\"Carlos Rossini \\u00e9 jornalista, soci\\u00f3logo, escritor e professor universit\\u00e1rio, tendo sido professor de jornalismo por vinte anos. Trabalhou em ve\\u00edculos de comunica\\u00e7\\u00e3o nas fun\\u00e7\\u00f5es de rep\\u00f3rter, redator, editor, articulista e colaborador, como Folha de S. Paulo, O Estado de S. Paulo, Di\\u00e1rio Popular, entre outros. Ao transferir a revista vitrine, vers\\u00e3o imprensa, de S\\u00e3o Paulo para Ibi\\u00fana h\\u00e1 alguns anos, iniciou uma nova experi\\u00eancia profissional, dedicando-se ao jornalismo regional, depois de cumprir uma trajet\\u00f3ria bem-sucedida na grande imprensa brasileira. Seu primeiro livro A Coragem de Comunicar foi lan\\u00e7ado na Bienal do Livro em S\\u00e3o Paulo no ano 2000, pela editora Madras.\"}]}<\/script>\n<!-- \/ Yoast SEO plugin. -->","_links":{"self":[{"href":"https:\/\/revistavitrineibiuna.com.br\/index.php?rest_route=\/wp\/v2\/posts\/35425"}],"collection":[{"href":"https:\/\/revistavitrineibiuna.com.br\/index.php?rest_route=\/wp\/v2\/posts"}],"about":[{"href":"https:\/\/revistavitrineibiuna.com.br\/index.php?rest_route=\/wp\/v2\/types\/post"}],"author":[{"embeddable":true,"href":"https:\/\/revistavitrineibiuna.com.br\/index.php?rest_route=\/wp\/v2\/users\/1"}],"replies":[{"embeddable":true,"href":"https:\/\/revistavitrineibiuna.com.br\/index.php?rest_route=%2Fwp%2Fv2%2Fcomments&post=35425"}],"version-history":[{"count":11,"href":"https:\/\/revistavitrineibiuna.com.br\/index.php?rest_route=\/wp\/v2\/posts\/35425\/revisions"}],"predecessor-version":[{"id":35441,"href":"https:\/\/revistavitrineibiuna.com.br\/index.php?rest_route=\/wp\/v2\/posts\/35425\/revisions\/35441"}],"wp:featuredmedia":[{"embeddable":true,"href":"https:\/\/revistavitrineibiuna.com.br\/index.php?rest_route=\/wp\/v2\/media\/35426"}],"wp:attachment":[{"href":"https:\/\/revistavitrineibiuna.com.br\/index.php?rest_route=%2Fwp%2Fv2%2Fmedia&parent=35425"}],"wp:term":[{"taxonomy":"category","embeddable":true,"href":"https:\/\/revistavitrineibiuna.com.br\/index.php?rest_route=%2Fwp%2Fv2%2Fcategories&post=35425"},{"taxonomy":"post_tag","embeddable":true,"href":"https:\/\/revistavitrineibiuna.com.br\/index.php?rest_route=%2Fwp%2Fv2%2Ftags&post=35425"}],"curies":[{"name":"wp","href":"https:\/\/api.w.org\/{rel}","templated":true}]}}