{"id":35445,"date":"2026-04-15T09:32:05","date_gmt":"2026-04-15T12:32:05","guid":{"rendered":"http:\/\/revistavitrineibiuna.com.br\/?p=35445"},"modified":"2026-04-15T09:32:07","modified_gmt":"2026-04-15T12:32:07","slug":"atencao-agricultor-mapa-iniciou-o-diagnostico-de-inovacao-agropecuaria","status":"publish","type":"post","link":"https:\/\/revistavitrineibiuna.com.br\/?p=35445","title":{"rendered":"ATEN\u00c7\u00c3O AGRICULTOR! MAPA INICIOU O DIAGN\u00d3STICO DE INOVA\u00c7\u00c3O AGROPECU\u00c1RIA"},"content":{"rendered":"\n<p class=\"has-drop-cap\"><strong>O Minist\u00e9rio da Agricultura e Pecu\u00e1ria (Mapa) deu in\u00edcio, no Estado de S\u00e3o Paulo, ao Diagn\u00f3stico Estadual de Inova\u00e7\u00e3o Agropecu\u00e1ria, uma iniciativa estrat\u00e9gica voltada ao fortalecimento dos ecossistemas de inova\u00e7\u00e3o no agro em todo o pa\u00eds.<\/strong><\/p>\n\n\n\n<p><strong>O objetivo \u00e9 mapear ativos, desafios, conex\u00f5es e oportunidades da inova\u00e7\u00e3o agropecu\u00e1ria em cada Estado, subsidiando a formula\u00e7\u00e3o de pol\u00edticas p\u00fablicas mais eficazes, integradas e alinhadas \u00e0s realidades regionais.<\/strong><\/p>\n\n\n\n<p><strong>Atores do ambiente de inova\u00e7\u00e3o no agroneg\u00f3cio do Estado de S\u00e3o Paulo come\u00e7am a receber nesta semana o formul\u00e1rio. O levantamento do Mapa conta com o apoio do Conselho Estadual de Inova\u00e7\u00e3o Agropecu\u00e1ria, atualmente em fase de estrutura\u00e7\u00e3o no Estado, com participa\u00e7\u00e3o de institui\u00e7\u00f5es parceiras.<\/strong><\/p>\n\n\n\n<p><strong>De acordo com a consultora de inova\u00e7\u00e3o do Mapa para S\u00e3o Paulo, Jane Malaguti, respons\u00e1vel pela coordena\u00e7\u00e3o do diagn\u00f3stico no Estado, o objetivo \u00e9 identificar n\u00e3o apenas os ativos existentes, mas tamb\u00e9m os gargalos e as oportunidades que podem impulsionar a inova\u00e7\u00e3o agropecu\u00e1ria de forma mais estrat\u00e9gica e conectada.<\/strong><\/p>\n\n\n\n<p><strong>A ideia \u00e9 captar informa\u00e7\u00f5es da estrutura produtiva, institui\u00e7\u00f5es de pesquisa e ensino, ambientes de inova\u00e7\u00e3o, AgTechs e startups, mecanismos de capital e fomento, pol\u00edticas p\u00fablicas e governan\u00e7a, al\u00e9m de atores governamentais e n\u00e3o governamentais. Para cada um desses segmentos foi preparado um conjunto de quest\u00f5es espec\u00edficas.<\/strong><\/p>\n\n\n\n<p><strong>O prazo para respostas termina em 5 de maio e a equipe ter\u00e1 tr\u00eas meses, a partir desta data, para consolidar os dados. O Conselho Estadual de Inova\u00e7\u00e3o vem se reunindo frequentemente e como estrat\u00e9gia de descentraliza\u00e7\u00e3o e maior capilaridade, o Estado de S\u00e3o Paulo foi dividido em cinco polos regionais: norte, leste e baixada santista, centro-oeste, centro-sul e oeste paulista. <\/strong><strong>Caso voc\u00ea esteja envolvido com o ambiente de inova\u00e7\u00e3o e n\u00e3o tenha recebido o formul\u00e1rio, ele pode ser acessado por este link: https:\/\/forms.gle\/AGAW2duwv2JRRTh3A. Em caso de d\u00favidas, envie e-mail para jane.malaguti@apoio.agro.gov.br. \u00c9 imprescind\u00edvel que todos os atores ligados \u00e0 inova\u00e7\u00e3o do agro em S\u00e3o Paulo participem<\/strong><\/p>\n","protected":false},"excerpt":{"rendered":"<p>O Minist\u00e9rio da Agricultura e Pecu\u00e1ria (Mapa) deu in\u00edcio, no Estado de S\u00e3o Paulo, ao Diagn\u00f3stico Estadual de Inova\u00e7\u00e3o Agropecu\u00e1ria,<\/p>\n","protected":false},"author":1,"featured_media":35446,"comment_status":"open","ping_status":"open","sticky":false,"template":"","format":"standard","meta":[],"categories":[3],"tags":[],"yoast_head":"<!-- This site is optimized with the Yoast SEO plugin v15.8 - https:\/\/yoast.com\/wordpress\/plugins\/seo\/ -->\n<title>ATEN\u00c7\u00c3O AGRICULTOR! MAPA INICIOU O DIAGN\u00d3STICO DE INOVA\u00c7\u00c3O AGROPECU\u00c1RIA - Revista Vitrine Online<\/title>\n<meta name=\"robots\" content=\"index, follow, max-snippet:-1, max-image-preview:large, max-video-preview:-1\" \/>\n<link rel=\"canonical\" href=\"http:\/\/revistavitrineibiuna.com.br\/?p=35445\" \/>\n<meta property=\"og:locale\" content=\"pt_BR\" \/>\n<meta property=\"og:type\" content=\"article\" \/>\n<meta property=\"og:title\" content=\"ATEN\u00c7\u00c3O AGRICULTOR! MAPA INICIOU O DIAGN\u00d3STICO DE INOVA\u00c7\u00c3O AGROPECU\u00c1RIA - Revista Vitrine Online\" \/>\n<meta property=\"og:description\" content=\"O Minist\u00e9rio da Agricultura e Pecu\u00e1ria (Mapa) deu in\u00edcio, no Estado de S\u00e3o Paulo, ao Diagn\u00f3stico Estadual de Inova\u00e7\u00e3o Agropecu\u00e1ria,\" \/>\n<meta property=\"og:url\" content=\"http:\/\/revistavitrineibiuna.com.br\/?p=35445\" \/>\n<meta property=\"og:site_name\" content=\"Revista Vitrine Online\" \/>\n<meta property=\"article:published_time\" content=\"2026-04-15T12:32:05+00:00\" \/>\n<meta property=\"article:modified_time\" content=\"2026-04-15T12:32:07+00:00\" \/>\n<meta property=\"og:image\" content=\"https:\/\/revistavitrineibiuna.com.br\/wp-content\/uploads\/2026\/04\/unnamed-scaled.jpg\" \/>\n\t<meta property=\"og:image:width\" content=\"2560\" \/>\n\t<meta property=\"og:image:height\" content=\"1920\" \/>\n<meta name=\"twitter:card\" content=\"summary\" \/>\n<meta name=\"twitter:label1\" content=\"Est. reading time\">\n\t<meta name=\"twitter:data1\" content=\"2 minutos\">\n<script type=\"application\/ld+json\" class=\"yoast-schema-graph\">{\"@context\":\"https:\/\/schema.org\",\"@graph\":[{\"@type\":\"WebSite\",\"@id\":\"https:\/\/revistavitrineibiuna.com.br\/#website\",\"url\":\"https:\/\/revistavitrineibiuna.com.br\/\",\"name\":\"Revista Vitrine Ibi\\u00fana\",\"description\":\"A Revista de Ibi\\u00fana e Regi\\u00e3o\",\"publisher\":{\"@id\":\"https:\/\/revistavitrineibiuna.com.br\/#\/schema\/person\/e51ef49d6d88170ea21ceabff3f73deb\"},\"potentialAction\":[{\"@type\":\"SearchAction\",\"target\":\"https:\/\/revistavitrineibiuna.com.br\/?s={search_term_string}\",\"query-input\":\"required name=search_term_string\"}],\"inLanguage\":\"pt-BR\"},{\"@type\":\"ImageObject\",\"@id\":\"http:\/\/revistavitrineibiuna.com.br\/?p=35445#primaryimage\",\"inLanguage\":\"pt-BR\",\"url\":\"https:\/\/revistavitrineibiuna.com.br\/wp-content\/uploads\/2026\/04\/unnamed-scaled.jpg\",\"width\":2560,\"height\":1920},{\"@type\":\"WebPage\",\"@id\":\"http:\/\/revistavitrineibiuna.com.br\/?p=35445#webpage\",\"url\":\"http:\/\/revistavitrineibiuna.com.br\/?p=35445\",\"name\":\"ATEN\\u00c7\\u00c3O AGRICULTOR! MAPA INICIOU O DIAGN\\u00d3STICO DE INOVA\\u00c7\\u00c3O AGROPECU\\u00c1RIA - Revista Vitrine Online\",\"isPartOf\":{\"@id\":\"https:\/\/revistavitrineibiuna.com.br\/#website\"},\"primaryImageOfPage\":{\"@id\":\"http:\/\/revistavitrineibiuna.com.br\/?p=35445#primaryimage\"},\"datePublished\":\"2026-04-15T12:32:05+00:00\",\"dateModified\":\"2026-04-15T12:32:07+00:00\",\"breadcrumb\":{\"@id\":\"http:\/\/revistavitrineibiuna.com.br\/?p=35445#breadcrumb\"},\"inLanguage\":\"pt-BR\",\"potentialAction\":[{\"@type\":\"ReadAction\",\"target\":[\"http:\/\/revistavitrineibiuna.com.br\/?p=35445\"]}]},{\"@type\":\"BreadcrumbList\",\"@id\":\"http:\/\/revistavitrineibiuna.com.br\/?p=35445#breadcrumb\",\"itemListElement\":[{\"@type\":\"ListItem\",\"position\":1,\"item\":{\"@type\":\"WebPage\",\"@id\":\"https:\/\/revistavitrineibiuna.com.br\/\",\"url\":\"https:\/\/revistavitrineibiuna.com.br\/\",\"name\":\"In\\u00edcio\"}},{\"@type\":\"ListItem\",\"position\":2,\"item\":{\"@type\":\"WebPage\",\"@id\":\"http:\/\/revistavitrineibiuna.com.br\/?p=35445\",\"url\":\"http:\/\/revistavitrineibiuna.com.br\/?p=35445\",\"name\":\"ATEN\\u00c7\\u00c3O AGRICULTOR! MAPA INICIOU O DIAGN\\u00d3STICO DE INOVA\\u00c7\\u00c3O AGROPECU\\u00c1RIA\"}}]},{\"@type\":\"Article\",\"@id\":\"http:\/\/revistavitrineibiuna.com.br\/?p=35445#article\",\"isPartOf\":{\"@id\":\"http:\/\/revistavitrineibiuna.com.br\/?p=35445#webpage\"},\"author\":{\"@id\":\"https:\/\/revistavitrineibiuna.com.br\/#\/schema\/person\/e51ef49d6d88170ea21ceabff3f73deb\"},\"headline\":\"ATEN\\u00c7\\u00c3O AGRICULTOR! MAPA INICIOU O DIAGN\\u00d3STICO DE INOVA\\u00c7\\u00c3O AGROPECU\\u00c1RIA\",\"datePublished\":\"2026-04-15T12:32:05+00:00\",\"dateModified\":\"2026-04-15T12:32:07+00:00\",\"mainEntityOfPage\":{\"@id\":\"http:\/\/revistavitrineibiuna.com.br\/?p=35445#webpage\"},\"commentCount\":0,\"publisher\":{\"@id\":\"https:\/\/revistavitrineibiuna.com.br\/#\/schema\/person\/e51ef49d6d88170ea21ceabff3f73deb\"},\"image\":{\"@id\":\"http:\/\/revistavitrineibiuna.com.br\/?p=35445#primaryimage\"},\"articleSection\":\"Not\\u00edcias\",\"inLanguage\":\"pt-BR\",\"potentialAction\":[{\"@type\":\"CommentAction\",\"name\":\"Comment\",\"target\":[\"http:\/\/revistavitrineibiuna.com.br\/?p=35445#respond\"]}]},{\"@type\":[\"Person\",\"Organization\"],\"@id\":\"https:\/\/revistavitrineibiuna.com.br\/#\/schema\/person\/e51ef49d6d88170ea21ceabff3f73deb\",\"name\":\"Carlos Rossini\",\"image\":{\"@type\":\"ImageObject\",\"@id\":\"https:\/\/revistavitrineibiuna.com.br\/#personlogo\",\"inLanguage\":\"pt-BR\",\"url\":\"https:\/\/secure.gravatar.com\/avatar\/4f2d0f99fac1f85c7d643f21f5c8d900?s=96&d=mm&r=g\",\"caption\":\"Carlos Rossini\"},\"logo\":{\"@id\":\"https:\/\/revistavitrineibiuna.com.br\/#personlogo\"},\"description\":\"Carlos Rossini \\u00e9 jornalista, soci\\u00f3logo, escritor e professor universit\\u00e1rio, tendo sido professor de jornalismo por vinte anos. Trabalhou em ve\\u00edculos de comunica\\u00e7\\u00e3o nas fun\\u00e7\\u00f5es de rep\\u00f3rter, redator, editor, articulista e colaborador, como Folha de S. Paulo, O Estado de S. Paulo, Di\\u00e1rio Popular, entre outros. Ao transferir a revista vitrine, vers\\u00e3o imprensa, de S\\u00e3o Paulo para Ibi\\u00fana h\\u00e1 alguns anos, iniciou uma nova experi\\u00eancia profissional, dedicando-se ao jornalismo regional, depois de cumprir uma trajet\\u00f3ria bem-sucedida na grande imprensa brasileira. Seu primeiro livro A Coragem de Comunicar foi lan\\u00e7ado na Bienal do Livro em S\\u00e3o Paulo no ano 2000, pela editora Madras.\"}]}<\/script>\n<!-- \/ Yoast SEO plugin. -->","_links":{"self":[{"href":"https:\/\/revistavitrineibiuna.com.br\/index.php?rest_route=\/wp\/v2\/posts\/35445"}],"collection":[{"href":"https:\/\/revistavitrineibiuna.com.br\/index.php?rest_route=\/wp\/v2\/posts"}],"about":[{"href":"https:\/\/revistavitrineibiuna.com.br\/index.php?rest_route=\/wp\/v2\/types\/post"}],"author":[{"embeddable":true,"href":"https:\/\/revistavitrineibiuna.com.br\/index.php?rest_route=\/wp\/v2\/users\/1"}],"replies":[{"embeddable":true,"href":"https:\/\/revistavitrineibiuna.com.br\/index.php?rest_route=%2Fwp%2Fv2%2Fcomments&post=35445"}],"version-history":[{"count":1,"href":"https:\/\/revistavitrineibiuna.com.br\/index.php?rest_route=\/wp\/v2\/posts\/35445\/revisions"}],"predecessor-version":[{"id":35447,"href":"https:\/\/revistavitrineibiuna.com.br\/index.php?rest_route=\/wp\/v2\/posts\/35445\/revisions\/35447"}],"wp:featuredmedia":[{"embeddable":true,"href":"https:\/\/revistavitrineibiuna.com.br\/index.php?rest_route=\/wp\/v2\/media\/35446"}],"wp:attachment":[{"href":"https:\/\/revistavitrineibiuna.com.br\/index.php?rest_route=%2Fwp%2Fv2%2Fmedia&parent=35445"}],"wp:term":[{"taxonomy":"category","embeddable":true,"href":"https:\/\/revistavitrineibiuna.com.br\/index.php?rest_route=%2Fwp%2Fv2%2Fcategories&post=35445"},{"taxonomy":"post_tag","embeddable":true,"href":"https:\/\/revistavitrineibiuna.com.br\/index.php?rest_route=%2Fwp%2Fv2%2Ftags&post=35445"}],"curies":[{"name":"wp","href":"https:\/\/api.w.org\/{rel}","templated":true}]}}