{"id":35450,"date":"2026-04-15T14:56:56","date_gmt":"2026-04-15T17:56:56","guid":{"rendered":"http:\/\/revistavitrineibiuna.com.br\/?p=35450"},"modified":"2026-04-16T12:25:52","modified_gmt":"2026-04-16T15:25:52","slug":"ibiuna-jornalista-se-inscreve-para-o-conselho-municipal-de-saude","status":"publish","type":"post","link":"https:\/\/revistavitrineibiuna.com.br\/?p=35450","title":{"rendered":"IBI\u00daNA &#8211; JORNALISTA SE INSCREVE PARA O CONSELHO MUNICIPAL DE SA\u00daDE"},"content":{"rendered":"\n<p class=\"has-drop-cap\"><strong>O jornalista Carlos Rossini, diretor da TVUNA e editor de vitrine online, se inscreveu hoje (15) para integrar a futura composi\u00e7\u00e3o do Conselho Municipal de Sa\u00fade do Munic\u00edpio que dever\u00e1 ser reconstitu\u00eddo.<\/strong><\/p>\n\n\n\n<p><strong>&#8212; \u00c9 a primeira vez que me inscrevo para um conselho municipal e o motivo \u00e9 simples: quero contribuir diretamente para que o sistema de sa\u00fade de Ibi\u00fana possa melhorar efetivamente sua presta\u00e7\u00e3o de servi\u00e7o \u00e0 popula\u00e7\u00e3o.<\/strong><\/p>\n\n\n\n<p><strong>Rossini declarou que, ao longo dos anos, na condi\u00e7\u00e3o rep\u00f3rter, pode observar os graves e cr\u00f4nicos problemas no atendimento aos cidad\u00e3os, seja, principalmente, no Hospital Municipal, seja na rede b\u00e1sica de sa\u00fade e no Centro de Especialidades.<\/strong><\/p>\n\n\n\n<p><strong>&#8212; Pretendo usar minha experi\u00eancia profissional, atuar tanto no esfor\u00e7o para melhorar objetivamente o atendimento \u00e0 popula\u00e7\u00e3o, em todo o espectro envolvendo as necessidades de sa\u00fade, quanto em atender ao sagrado direito \u00e0 informa\u00e7\u00e3o \u00e0 sociedade.<\/strong><\/p>\n\n\n\n<p><strong>&#8212; Saberei respeitar os limites das institui\u00e7\u00f5es p\u00fablicas, mas agirei de modo realista e objetivo porque aprendi: quem tem dor n\u00e3o pode esperar. Assim que for confirmada minha inser\u00e7\u00e3o no Conselho abrirei um canal espec\u00edfico de comunica\u00e7\u00e3o para dar aten\u00e7\u00e3o e contribuir para a garantir atendimentos satisfat\u00f3rios, que \u00e9 o mais relevante.<\/strong><\/p>\n\n\n\n<p>Nota da Reda\u00e7\u00e3o:  O jornalista Carlos Rossini n\u00e3o tenciona se candidatar a nenhum cargo p\u00fablico, apenas contribuir para resolver um dos problemas cr\u00f4nicos e mais graves do munic\u00edpio.<\/p>\n","protected":false},"excerpt":{"rendered":"<p>O jornalista Carlos Rossini, diretor da TVUNA e editor de vitrine online, se inscreveu hoje (15) para integrar a futura<\/p>\n","protected":false},"author":1,"featured_media":35453,"comment_status":"open","ping_status":"open","sticky":false,"template":"","format":"standard","meta":[],"categories":[70],"tags":[],"yoast_head":"<!-- This site is optimized with the Yoast SEO plugin v15.8 - https:\/\/yoast.com\/wordpress\/plugins\/seo\/ -->\n<title>IBI\u00daNA - JORNALISTA SE INSCREVE PARA O CONSELHO MUNICIPAL DE SA\u00daDE - Revista Vitrine Online<\/title>\n<meta name=\"robots\" content=\"index, follow, max-snippet:-1, max-image-preview:large, max-video-preview:-1\" \/>\n<link rel=\"canonical\" href=\"http:\/\/revistavitrineibiuna.com.br\/?p=35450\" \/>\n<meta property=\"og:locale\" content=\"pt_BR\" \/>\n<meta property=\"og:type\" content=\"article\" \/>\n<meta property=\"og:title\" content=\"IBI\u00daNA - JORNALISTA SE INSCREVE PARA O CONSELHO MUNICIPAL DE SA\u00daDE - Revista Vitrine Online\" \/>\n<meta property=\"og:description\" content=\"O jornalista Carlos Rossini, diretor da TVUNA e editor de vitrine online, se inscreveu hoje (15) para integrar a futura\" \/>\n<meta property=\"og:url\" content=\"http:\/\/revistavitrineibiuna.com.br\/?p=35450\" \/>\n<meta property=\"og:site_name\" content=\"Revista Vitrine Online\" \/>\n<meta property=\"article:published_time\" content=\"2026-04-15T17:56:56+00:00\" \/>\n<meta property=\"article:modified_time\" content=\"2026-04-16T15:25:52+00:00\" \/>\n<meta property=\"og:image\" content=\"https:\/\/revistavitrineibiuna.com.br\/wp-content\/uploads\/2026\/04\/foto-rossini.png\" \/>\n\t<meta property=\"og:image:width\" content=\"363\" \/>\n\t<meta property=\"og:image:height\" content=\"375\" \/>\n<meta name=\"twitter:card\" content=\"summary\" \/>\n<meta name=\"twitter:label1\" content=\"Est. reading time\">\n\t<meta name=\"twitter:data1\" content=\"1 minuto\">\n<script type=\"application\/ld+json\" class=\"yoast-schema-graph\">{\"@context\":\"https:\/\/schema.org\",\"@graph\":[{\"@type\":\"WebSite\",\"@id\":\"https:\/\/revistavitrineibiuna.com.br\/#website\",\"url\":\"https:\/\/revistavitrineibiuna.com.br\/\",\"name\":\"Revista Vitrine Ibi\\u00fana\",\"description\":\"A Revista de Ibi\\u00fana e Regi\\u00e3o\",\"publisher\":{\"@id\":\"https:\/\/revistavitrineibiuna.com.br\/#\/schema\/person\/e51ef49d6d88170ea21ceabff3f73deb\"},\"potentialAction\":[{\"@type\":\"SearchAction\",\"target\":\"https:\/\/revistavitrineibiuna.com.br\/?s={search_term_string}\",\"query-input\":\"required name=search_term_string\"}],\"inLanguage\":\"pt-BR\"},{\"@type\":\"ImageObject\",\"@id\":\"http:\/\/revistavitrineibiuna.com.br\/?p=35450#primaryimage\",\"inLanguage\":\"pt-BR\",\"url\":\"https:\/\/revistavitrineibiuna.com.br\/wp-content\/uploads\/2026\/04\/foto-rossini.png\",\"width\":363,\"height\":375},{\"@type\":\"WebPage\",\"@id\":\"http:\/\/revistavitrineibiuna.com.br\/?p=35450#webpage\",\"url\":\"http:\/\/revistavitrineibiuna.com.br\/?p=35450\",\"name\":\"IBI\\u00daNA - JORNALISTA SE INSCREVE PARA O CONSELHO MUNICIPAL DE SA\\u00daDE - Revista Vitrine Online\",\"isPartOf\":{\"@id\":\"https:\/\/revistavitrineibiuna.com.br\/#website\"},\"primaryImageOfPage\":{\"@id\":\"http:\/\/revistavitrineibiuna.com.br\/?p=35450#primaryimage\"},\"datePublished\":\"2026-04-15T17:56:56+00:00\",\"dateModified\":\"2026-04-16T15:25:52+00:00\",\"breadcrumb\":{\"@id\":\"http:\/\/revistavitrineibiuna.com.br\/?p=35450#breadcrumb\"},\"inLanguage\":\"pt-BR\",\"potentialAction\":[{\"@type\":\"ReadAction\",\"target\":[\"http:\/\/revistavitrineibiuna.com.br\/?p=35450\"]}]},{\"@type\":\"BreadcrumbList\",\"@id\":\"http:\/\/revistavitrineibiuna.com.br\/?p=35450#breadcrumb\",\"itemListElement\":[{\"@type\":\"ListItem\",\"position\":1,\"item\":{\"@type\":\"WebPage\",\"@id\":\"https:\/\/revistavitrineibiuna.com.br\/\",\"url\":\"https:\/\/revistavitrineibiuna.com.br\/\",\"name\":\"In\\u00edcio\"}},{\"@type\":\"ListItem\",\"position\":2,\"item\":{\"@type\":\"WebPage\",\"@id\":\"http:\/\/revistavitrineibiuna.com.br\/?p=35450\",\"url\":\"http:\/\/revistavitrineibiuna.com.br\/?p=35450\",\"name\":\"IBI\\u00daNA &#8211; JORNALISTA SE INSCREVE PARA O CONSELHO MUNICIPAL DE SA\\u00daDE\"}}]},{\"@type\":\"Article\",\"@id\":\"http:\/\/revistavitrineibiuna.com.br\/?p=35450#article\",\"isPartOf\":{\"@id\":\"http:\/\/revistavitrineibiuna.com.br\/?p=35450#webpage\"},\"author\":{\"@id\":\"https:\/\/revistavitrineibiuna.com.br\/#\/schema\/person\/e51ef49d6d88170ea21ceabff3f73deb\"},\"headline\":\"IBI\\u00daNA &#8211; JORNALISTA SE INSCREVE PARA O CONSELHO MUNICIPAL DE SA\\u00daDE\",\"datePublished\":\"2026-04-15T17:56:56+00:00\",\"dateModified\":\"2026-04-16T15:25:52+00:00\",\"mainEntityOfPage\":{\"@id\":\"http:\/\/revistavitrineibiuna.com.br\/?p=35450#webpage\"},\"commentCount\":0,\"publisher\":{\"@id\":\"https:\/\/revistavitrineibiuna.com.br\/#\/schema\/person\/e51ef49d6d88170ea21ceabff3f73deb\"},\"image\":{\"@id\":\"http:\/\/revistavitrineibiuna.com.br\/?p=35450#primaryimage\"},\"articleSection\":\"Rapidinhas\",\"inLanguage\":\"pt-BR\",\"potentialAction\":[{\"@type\":\"CommentAction\",\"name\":\"Comment\",\"target\":[\"http:\/\/revistavitrineibiuna.com.br\/?p=35450#respond\"]}]},{\"@type\":[\"Person\",\"Organization\"],\"@id\":\"https:\/\/revistavitrineibiuna.com.br\/#\/schema\/person\/e51ef49d6d88170ea21ceabff3f73deb\",\"name\":\"Carlos Rossini\",\"image\":{\"@type\":\"ImageObject\",\"@id\":\"https:\/\/revistavitrineibiuna.com.br\/#personlogo\",\"inLanguage\":\"pt-BR\",\"url\":\"https:\/\/secure.gravatar.com\/avatar\/4f2d0f99fac1f85c7d643f21f5c8d900?s=96&d=mm&r=g\",\"caption\":\"Carlos Rossini\"},\"logo\":{\"@id\":\"https:\/\/revistavitrineibiuna.com.br\/#personlogo\"},\"description\":\"Carlos Rossini \\u00e9 jornalista, soci\\u00f3logo, escritor e professor universit\\u00e1rio, tendo sido professor de jornalismo por vinte anos. Trabalhou em ve\\u00edculos de comunica\\u00e7\\u00e3o nas fun\\u00e7\\u00f5es de rep\\u00f3rter, redator, editor, articulista e colaborador, como Folha de S. Paulo, O Estado de S. Paulo, Di\\u00e1rio Popular, entre outros. Ao transferir a revista vitrine, vers\\u00e3o imprensa, de S\\u00e3o Paulo para Ibi\\u00fana h\\u00e1 alguns anos, iniciou uma nova experi\\u00eancia profissional, dedicando-se ao jornalismo regional, depois de cumprir uma trajet\\u00f3ria bem-sucedida na grande imprensa brasileira. Seu primeiro livro A Coragem de Comunicar foi lan\\u00e7ado na Bienal do Livro em S\\u00e3o Paulo no ano 2000, pela editora Madras.\"}]}<\/script>\n<!-- \/ Yoast SEO plugin. -->","_links":{"self":[{"href":"https:\/\/revistavitrineibiuna.com.br\/index.php?rest_route=\/wp\/v2\/posts\/35450"}],"collection":[{"href":"https:\/\/revistavitrineibiuna.com.br\/index.php?rest_route=\/wp\/v2\/posts"}],"about":[{"href":"https:\/\/revistavitrineibiuna.com.br\/index.php?rest_route=\/wp\/v2\/types\/post"}],"author":[{"embeddable":true,"href":"https:\/\/revistavitrineibiuna.com.br\/index.php?rest_route=\/wp\/v2\/users\/1"}],"replies":[{"embeddable":true,"href":"https:\/\/revistavitrineibiuna.com.br\/index.php?rest_route=%2Fwp%2Fv2%2Fcomments&post=35450"}],"version-history":[{"count":3,"href":"https:\/\/revistavitrineibiuna.com.br\/index.php?rest_route=\/wp\/v2\/posts\/35450\/revisions"}],"predecessor-version":[{"id":35469,"href":"https:\/\/revistavitrineibiuna.com.br\/index.php?rest_route=\/wp\/v2\/posts\/35450\/revisions\/35469"}],"wp:featuredmedia":[{"embeddable":true,"href":"https:\/\/revistavitrineibiuna.com.br\/index.php?rest_route=\/wp\/v2\/media\/35453"}],"wp:attachment":[{"href":"https:\/\/revistavitrineibiuna.com.br\/index.php?rest_route=%2Fwp%2Fv2%2Fmedia&parent=35450"}],"wp:term":[{"taxonomy":"category","embeddable":true,"href":"https:\/\/revistavitrineibiuna.com.br\/index.php?rest_route=%2Fwp%2Fv2%2Fcategories&post=35450"},{"taxonomy":"post_tag","embeddable":true,"href":"https:\/\/revistavitrineibiuna.com.br\/index.php?rest_route=%2Fwp%2Fv2%2Ftags&post=35450"}],"curies":[{"name":"wp","href":"https:\/\/api.w.org\/{rel}","templated":true}]}}