{"id":35455,"date":"2026-04-16T05:05:49","date_gmt":"2026-04-16T08:05:49","guid":{"rendered":"http:\/\/revistavitrineibiuna.com.br\/?p=35455"},"modified":"2026-04-16T11:58:34","modified_gmt":"2026-04-16T14:58:34","slug":"aluga-se-um-jornalista-ou-algumas-palavras-para-quem-vive-em-ibiuna","status":"publish","type":"post","link":"https:\/\/revistavitrineibiuna.com.br\/?p=35455","title":{"rendered":"ALUGA-SE UM JORNALISTA OU ALGUMAS PALAVRAS PARA QUEM VIVE EM IBI\u00daNA"},"content":{"rendered":"\n<p class=\"has-drop-cap\"><strong>Se voc\u00ea, leitor(a) vive em Ibi\u00fana, depende dos servi\u00e7os p\u00fablicos municipais, como sa\u00fade, transporte, educa\u00e7\u00e3o, seguran\u00e7a p\u00fablica, zeladoria, etc., este artigo foi escrito para voc\u00ea.<\/strong><\/p>\n\n\n\n<p><strong>Mas, naturalmente, voc\u00ea pode descart\u00e1-lo como uma embalagem vazia de salgadinhos ultraprocessados, como algumas pessoas fazem de modo autom\u00e1tico, porque pol\u00edtica, voc\u00ea assim a pode ver, \u00e9 um assunto desprez\u00edvel.<\/strong><\/p>\n\n\n\n<p><strong>Mas saiba, antes de seguirmos em frente, que \u00e9 exatamente esse desprezo por pol\u00edtica, que afeta a vida di\u00e1ria de todos n\u00f3s, que d\u00e1 aos pol\u00edticos profissionais um prazer emocional intenso como objeto de poder.<\/strong><\/p>\n\n\n\n<p><strong>Isso acontece porque eles se sentem livres e desimpedidos para fazerem o que bem entendem, sem serem incomodados por cidad\u00e3os atrevidos e exigentes dos seus direitos.<\/strong><\/p>\n\n\n\n<p><strong>Vamos por parte.<\/strong><\/p>\n\n\n\n<p><strong>Voc\u00ea j\u00e1 reparou como a maioria absoluta dos an\u00fancios publicizados das autoridades se referem a coisas que v\u00e3o acontecer no futuro, como melhoria nas estradas, sem previs\u00e3o de datas para execu\u00e7\u00e3o do servi\u00e7o, sem apresentar um cronograma das obras?<\/strong><\/p>\n\n\n\n<p><strong>Veja o que acontece em sua cabe\u00e7a, se voc\u00ea n\u00e3o reagir criticamente \u00e0s influ\u00eancias dos pol\u00edticos.<\/strong><\/p>\n\n\n\n<p><strong>Voc\u00ea fica com aquela informa\u00e7\u00e3o de que muitas obras ser\u00e3o feitas e isso \u00e9 uma not\u00edcia positiva, em princ\u00edpio. Mas, o tempo vai passando e a tend\u00eancia \u00e9 que esque\u00e7amos muitas coisas do que vemos e ouvimos e as promessas feitas caem no limbo da mem\u00f3ria.<\/strong><\/p>\n\n\n\n<p><strong>Repare! Logo mais chegaremos a dezembro ou \u00e0 metade do tempo de mandato dos prefeitos eleitos em 2024. O tempo passa que a gente nem percebe e as coisas ficam por ser resolvidas.<\/strong><\/p>\n\n\n\n<p><strong>Tome esse exemplo. \u00c9 apenas um exemplo. Temos falado aqui das obras paralisadas do j\u00e1 famigerado e intermin\u00e1vel Teatro Municipal Alto da Figueira. Ele foi objeto de um an\u00fancio, tamb\u00e9m, e o futuro foi ultrapassado.<\/strong><\/p>\n\n\n\n<p><strong>Quanto ter\u00e1 consumido de algo em torno de R$ 7,9 milh\u00f5es [anunciados nas placas oficiais da obra], que era o montante inicial dos recursos disponibilizados pela Secretaria de Turismo e Cidades do estado de S\u00e3o Paulo? N\u00e3o h\u00e1 informa\u00e7\u00f5es dispon\u00edveis, apesar de termos solicitado de modo insistente. \u00c9 preciso considerar ainda um montante da chamada contrapartida que deve ser paga pela municipalidade.<\/strong><\/p>\n\n\n\n<p><strong>Ele foi contratado pelo governo anterior e deixado para o atual como um abacaxi a ser descascado. Que coisa feia, n\u00e9? Geralmente, os governos que saem e os que entram falam idiomas diferentes e divergentes, como se v\u00ea na hist\u00f3ria real<\/strong> <strong>de quatro em quatro anos<\/strong>.<\/p>\n\n\n\n<p><strong>Numa sintonia fina com o assunto, uma representante do governo anterior atribuiu a responsabilidade pela conclus\u00e3o da obra ao atual governo.<\/strong><\/p>\n\n\n\n<p><strong>O atual governo, de seu lado, atribui informalmente a responsabilidade pela manuten\u00e7\u00e3o da obra ao governo anterior que n\u00e3o renovou o contrato que venceu em dezembro de 2024, \u00faltimo m\u00eas do governo anterior. Um belo samba de duas notas!<\/strong><\/p>\n\n\n\n<p><strong>Aqui temos defendido, at\u00e9 agora em v\u00e3o, que, mesmo que n\u00e3o possa ser culpabilizado pelo abandono da obra, o atual governo tem a obriga\u00e7\u00e3o moral de esclarecer a situa\u00e7\u00e3o real desse projeto \u00e0 opini\u00e3o p\u00fablica.<\/strong><\/p>\n\n\n\n<p><strong>Uma obra, ali\u00e1s, discut\u00edvel sob o ponto de vista de sua inadequada localiza\u00e7\u00e3o, bem longe do centro da cidade. Construir um teatro longe do centro urbano, com dif\u00edcil acesso para os cidad\u00e3os, n\u00e3o \u00e9 aconselh\u00e1vel, pela importante quest\u00e3o da acessibilidade, considerando que&nbsp; a maioria depende de \u00f4nibus para se locomover.<\/strong><\/p>\n\n\n\n<p><strong>Lembremos o que estamos tratando aqui. As autoridades do governo anterior postaram v\u00eddeos entusiasmados, dizendo que esse teatro tinha sido uma conquista privilegiada para o munic\u00edpio, em rela\u00e7\u00e3o a outras cidades vizinhas. S\u00f3 que por falta de pagamento, por que outra raz\u00e3o seria?, a empresa construtora, sem receber, juntou seu material, reuniu seus funcion\u00e1rios, e picou a mula.<\/strong><\/p>\n\n\n\n<p><strong>O esqueleto do elefante branco \u00e9 vis\u00edvel da cidade no Alto da Figueira, onde existe a ru\u00edna do que fora um dia um mirante do qual se via a cidade e que hoje est\u00e1 igualmente abandonado.<\/strong><\/p>\n\n\n\n<p><strong>Em outro momento poderemos falar da situa\u00e7\u00e3o do sistema de sa\u00fade p\u00fablica, se \u00e9 que voc\u00ea chegou a ler esse artigo at\u00e9 aqui, o que \u00e9 em geral pouco prov\u00e1vel, porque o h\u00e1bito da leitura est\u00e1 cada vez mais raro.<\/strong><\/p>\n\n\n\n<p><strong>Por isso, as autoridades continuam apostando na massifica\u00e7\u00e3o de v\u00eddeos tiquetoquianos irados e descolados, estes sim vistos abundantemente porque s\u00e3o superficiais, ultrarr\u00e1pidos, de f\u00e1cil absor\u00e7\u00e3o visual e auditiva, e consumidos sem\u00a0o aval da raz\u00e3o. <\/strong><\/p>\n\n\n\n<p><strong>Mas, isso j\u00e1 \u00e9 uma outra hist\u00f3ria, e eu preciso preparar o caf\u00e9 da manh\u00e3. (Carlos Rossini \u00e9 diretor da TVUNA e editor de vitrine online)<\/strong><\/p>\n","protected":false},"excerpt":{"rendered":"<p>Se voc\u00ea, leitor(a) vive em Ibi\u00fana, depende dos servi\u00e7os p\u00fablicos municipais, como sa\u00fade, transporte, educa\u00e7\u00e3o, seguran\u00e7a p\u00fablica, zeladoria, etc., este<\/p>\n","protected":false},"author":1,"featured_media":35456,"comment_status":"open","ping_status":"open","sticky":false,"template":"","format":"standard","meta":[],"categories":[3],"tags":[],"yoast_head":"<!-- This site is optimized with the Yoast SEO plugin v15.8 - https:\/\/yoast.com\/wordpress\/plugins\/seo\/ -->\n<title>ALUGA-SE UM JORNALISTA OU ALGUMAS PALAVRAS PARA QUEM VIVE EM IBI\u00daNA - Revista Vitrine Online<\/title>\n<meta name=\"robots\" content=\"index, follow, max-snippet:-1, max-image-preview:large, max-video-preview:-1\" \/>\n<link rel=\"canonical\" href=\"https:\/\/revistavitrineibiuna.com.br\/?p=35455\" \/>\n<meta property=\"og:locale\" content=\"pt_BR\" \/>\n<meta property=\"og:type\" content=\"article\" \/>\n<meta property=\"og:title\" content=\"ALUGA-SE UM JORNALISTA OU ALGUMAS PALAVRAS PARA QUEM VIVE EM IBI\u00daNA - Revista Vitrine Online\" \/>\n<meta property=\"og:description\" content=\"Se voc\u00ea, leitor(a) vive em Ibi\u00fana, depende dos servi\u00e7os p\u00fablicos municipais, como sa\u00fade, transporte, educa\u00e7\u00e3o, seguran\u00e7a p\u00fablica, zeladoria, etc., este\" \/>\n<meta property=\"og:url\" content=\"https:\/\/revistavitrineibiuna.com.br\/?p=35455\" \/>\n<meta property=\"og:site_name\" content=\"Revista Vitrine Online\" \/>\n<meta property=\"article:published_time\" content=\"2026-04-16T08:05:49+00:00\" \/>\n<meta property=\"article:modified_time\" content=\"2026-04-16T14:58:34+00:00\" \/>\n<meta property=\"og:image\" content=\"https:\/\/revistavitrineibiuna.com.br\/wp-content\/uploads\/2026\/04\/teatro-nosso-senhor-1.png\" \/>\n\t<meta property=\"og:image:width\" content=\"1346\" \/>\n\t<meta property=\"og:image:height\" content=\"866\" \/>\n<meta name=\"twitter:card\" content=\"summary\" \/>\n<meta name=\"twitter:label1\" content=\"Est. reading time\">\n\t<meta name=\"twitter:data1\" content=\"4 minutos\">\n<script type=\"application\/ld+json\" class=\"yoast-schema-graph\">{\"@context\":\"https:\/\/schema.org\",\"@graph\":[{\"@type\":\"WebSite\",\"@id\":\"https:\/\/revistavitrineibiuna.com.br\/#website\",\"url\":\"https:\/\/revistavitrineibiuna.com.br\/\",\"name\":\"Revista Vitrine Ibi\\u00fana\",\"description\":\"A Revista de Ibi\\u00fana e Regi\\u00e3o\",\"publisher\":{\"@id\":\"https:\/\/revistavitrineibiuna.com.br\/#\/schema\/person\/e51ef49d6d88170ea21ceabff3f73deb\"},\"potentialAction\":[{\"@type\":\"SearchAction\",\"target\":\"https:\/\/revistavitrineibiuna.com.br\/?s={search_term_string}\",\"query-input\":\"required name=search_term_string\"}],\"inLanguage\":\"pt-BR\"},{\"@type\":\"ImageObject\",\"@id\":\"https:\/\/revistavitrineibiuna.com.br\/?p=35455#primaryimage\",\"inLanguage\":\"pt-BR\",\"url\":\"https:\/\/revistavitrineibiuna.com.br\/wp-content\/uploads\/2026\/04\/teatro-nosso-senhor-1.png\",\"width\":1346,\"height\":866},{\"@type\":\"WebPage\",\"@id\":\"https:\/\/revistavitrineibiuna.com.br\/?p=35455#webpage\",\"url\":\"https:\/\/revistavitrineibiuna.com.br\/?p=35455\",\"name\":\"ALUGA-SE UM JORNALISTA OU ALGUMAS PALAVRAS PARA QUEM VIVE EM IBI\\u00daNA - Revista Vitrine Online\",\"isPartOf\":{\"@id\":\"https:\/\/revistavitrineibiuna.com.br\/#website\"},\"primaryImageOfPage\":{\"@id\":\"https:\/\/revistavitrineibiuna.com.br\/?p=35455#primaryimage\"},\"datePublished\":\"2026-04-16T08:05:49+00:00\",\"dateModified\":\"2026-04-16T14:58:34+00:00\",\"breadcrumb\":{\"@id\":\"https:\/\/revistavitrineibiuna.com.br\/?p=35455#breadcrumb\"},\"inLanguage\":\"pt-BR\",\"potentialAction\":[{\"@type\":\"ReadAction\",\"target\":[\"https:\/\/revistavitrineibiuna.com.br\/?p=35455\"]}]},{\"@type\":\"BreadcrumbList\",\"@id\":\"https:\/\/revistavitrineibiuna.com.br\/?p=35455#breadcrumb\",\"itemListElement\":[{\"@type\":\"ListItem\",\"position\":1,\"item\":{\"@type\":\"WebPage\",\"@id\":\"https:\/\/revistavitrineibiuna.com.br\/\",\"url\":\"https:\/\/revistavitrineibiuna.com.br\/\",\"name\":\"In\\u00edcio\"}},{\"@type\":\"ListItem\",\"position\":2,\"item\":{\"@type\":\"WebPage\",\"@id\":\"https:\/\/revistavitrineibiuna.com.br\/?p=35455\",\"url\":\"https:\/\/revistavitrineibiuna.com.br\/?p=35455\",\"name\":\"ALUGA-SE UM JORNALISTA OU ALGUMAS PALAVRAS PARA QUEM VIVE EM IBI\\u00daNA\"}}]},{\"@type\":\"Article\",\"@id\":\"https:\/\/revistavitrineibiuna.com.br\/?p=35455#article\",\"isPartOf\":{\"@id\":\"https:\/\/revistavitrineibiuna.com.br\/?p=35455#webpage\"},\"author\":{\"@id\":\"https:\/\/revistavitrineibiuna.com.br\/#\/schema\/person\/e51ef49d6d88170ea21ceabff3f73deb\"},\"headline\":\"ALUGA-SE UM JORNALISTA OU ALGUMAS PALAVRAS PARA QUEM VIVE EM IBI\\u00daNA\",\"datePublished\":\"2026-04-16T08:05:49+00:00\",\"dateModified\":\"2026-04-16T14:58:34+00:00\",\"mainEntityOfPage\":{\"@id\":\"https:\/\/revistavitrineibiuna.com.br\/?p=35455#webpage\"},\"commentCount\":0,\"publisher\":{\"@id\":\"https:\/\/revistavitrineibiuna.com.br\/#\/schema\/person\/e51ef49d6d88170ea21ceabff3f73deb\"},\"image\":{\"@id\":\"https:\/\/revistavitrineibiuna.com.br\/?p=35455#primaryimage\"},\"articleSection\":\"Not\\u00edcias\",\"inLanguage\":\"pt-BR\",\"potentialAction\":[{\"@type\":\"CommentAction\",\"name\":\"Comment\",\"target\":[\"https:\/\/revistavitrineibiuna.com.br\/?p=35455#respond\"]}]},{\"@type\":[\"Person\",\"Organization\"],\"@id\":\"https:\/\/revistavitrineibiuna.com.br\/#\/schema\/person\/e51ef49d6d88170ea21ceabff3f73deb\",\"name\":\"Carlos Rossini\",\"image\":{\"@type\":\"ImageObject\",\"@id\":\"https:\/\/revistavitrineibiuna.com.br\/#personlogo\",\"inLanguage\":\"pt-BR\",\"url\":\"https:\/\/secure.gravatar.com\/avatar\/4f2d0f99fac1f85c7d643f21f5c8d900?s=96&d=mm&r=g\",\"caption\":\"Carlos Rossini\"},\"logo\":{\"@id\":\"https:\/\/revistavitrineibiuna.com.br\/#personlogo\"},\"description\":\"Carlos Rossini \\u00e9 jornalista, soci\\u00f3logo, escritor e professor universit\\u00e1rio, tendo sido professor de jornalismo por vinte anos. Trabalhou em ve\\u00edculos de comunica\\u00e7\\u00e3o nas fun\\u00e7\\u00f5es de rep\\u00f3rter, redator, editor, articulista e colaborador, como Folha de S. Paulo, O Estado de S. Paulo, Di\\u00e1rio Popular, entre outros. Ao transferir a revista vitrine, vers\\u00e3o imprensa, de S\\u00e3o Paulo para Ibi\\u00fana h\\u00e1 alguns anos, iniciou uma nova experi\\u00eancia profissional, dedicando-se ao jornalismo regional, depois de cumprir uma trajet\\u00f3ria bem-sucedida na grande imprensa brasileira. Seu primeiro livro A Coragem de Comunicar foi lan\\u00e7ado na Bienal do Livro em S\\u00e3o Paulo no ano 2000, pela editora Madras.\"}]}<\/script>\n<!-- \/ Yoast SEO plugin. -->","_links":{"self":[{"href":"https:\/\/revistavitrineibiuna.com.br\/index.php?rest_route=\/wp\/v2\/posts\/35455"}],"collection":[{"href":"https:\/\/revistavitrineibiuna.com.br\/index.php?rest_route=\/wp\/v2\/posts"}],"about":[{"href":"https:\/\/revistavitrineibiuna.com.br\/index.php?rest_route=\/wp\/v2\/types\/post"}],"author":[{"embeddable":true,"href":"https:\/\/revistavitrineibiuna.com.br\/index.php?rest_route=\/wp\/v2\/users\/1"}],"replies":[{"embeddable":true,"href":"https:\/\/revistavitrineibiuna.com.br\/index.php?rest_route=%2Fwp%2Fv2%2Fcomments&post=35455"}],"version-history":[{"count":10,"href":"https:\/\/revistavitrineibiuna.com.br\/index.php?rest_route=\/wp\/v2\/posts\/35455\/revisions"}],"predecessor-version":[{"id":35468,"href":"https:\/\/revistavitrineibiuna.com.br\/index.php?rest_route=\/wp\/v2\/posts\/35455\/revisions\/35468"}],"wp:featuredmedia":[{"embeddable":true,"href":"https:\/\/revistavitrineibiuna.com.br\/index.php?rest_route=\/wp\/v2\/media\/35456"}],"wp:attachment":[{"href":"https:\/\/revistavitrineibiuna.com.br\/index.php?rest_route=%2Fwp%2Fv2%2Fmedia&parent=35455"}],"wp:term":[{"taxonomy":"category","embeddable":true,"href":"https:\/\/revistavitrineibiuna.com.br\/index.php?rest_route=%2Fwp%2Fv2%2Fcategories&post=35455"},{"taxonomy":"post_tag","embeddable":true,"href":"https:\/\/revistavitrineibiuna.com.br\/index.php?rest_route=%2Fwp%2Fv2%2Ftags&post=35455"}],"curies":[{"name":"wp","href":"https:\/\/api.w.org\/{rel}","templated":true}]}}