{"id":35473,"date":"2026-04-16T13:02:14","date_gmt":"2026-04-16T16:02:14","guid":{"rendered":"http:\/\/revistavitrineibiuna.com.br\/?p=35473"},"modified":"2026-04-16T13:02:15","modified_gmt":"2026-04-16T16:02:15","slug":"pela-primeira-vez-uma-mulher-assume-o-comando-geral-da-policia-militar-de-sp","status":"publish","type":"post","link":"https:\/\/revistavitrineibiuna.com.br\/?p=35473","title":{"rendered":"PELA PRIMEIRA VEZ, UMA MULHER ASSUME O COMANDO-GERAL DA POLICIA MILITAR DE SP"},"content":{"rendered":"\n<p class=\"has-drop-cap\"><strong>A coronel PM Glauce Anselmo Cavalli foi nomeada hoje (16) comandante-geral da Pol\u00edcia Militar do Estado de S\u00e3o Paulo.<\/strong><\/p>\n\n\n\n<p><strong>Trata-se da primeira vez, nos 194 anos da corpora\u00e7\u00e3o, que uma mulher assume o mais alto posto da institui\u00e7\u00e3o da maior for\u00e7a policial do Brasil<\/strong><\/p>\n\n\n\n<p><strong>\u200bDetentora de uma carreira not\u00e1vel, a coronel Glauce \u00e9 graduada em Direito pela Universidade Cruzeiro do Sul, em Educa\u00e7\u00e3o F\u00edsica pela Escola de Educa\u00e7\u00e3o F\u00edsica da PM; e mestre e doutora em Ci\u00eancias Policiais de Seguran\u00e7a e Ordem P\u00fablica.<\/strong><\/p>\n\n\n\n<p><strong>\u200bAntes de assumir o comando-geral, ela estava \u00e0 frente da Diretoria de Log\u00edstica da corpora\u00e7\u00e3o. Tamb\u00e9m comandou o CPA\/M-2, sendo respons\u00e1vel pelo policiamento de uma das regi\u00f5es mais populosas da capital paulista, e chefiou o Centro de Comunica\u00e7\u00e3o Social da PM.<\/strong><\/p>\n\n\n\n<p><strong>\u200bSua nomea\u00e7\u00e3o \u00e9 vista como um avan\u00e7o fundamental para a amplia\u00e7\u00e3o da presen\u00e7a feminina em cargos de alta gest\u00e3o no Estado.<\/strong><\/p>\n\n\n\n<p><strong>\u200bA nova comandante substitui o coronel Jos\u00e9 Augusto Coutinho, que seguiu para a reserva. Junto com ela, o coronel Mario Kitsuwa assume o cargo de subcomandante-geral.<\/strong><\/p>\n\n\n\n<p>\u200b<\/p>\n","protected":false},"excerpt":{"rendered":"<p>A coronel PM Glauce Anselmo Cavalli foi nomeada hoje (16) comandante-geral da Pol\u00edcia Militar do Estado de S\u00e3o Paulo. Trata-se<\/p>\n","protected":false},"author":1,"featured_media":35474,"comment_status":"open","ping_status":"open","sticky":false,"template":"","format":"standard","meta":[],"categories":[3],"tags":[],"yoast_head":"<!-- This site is optimized with the Yoast SEO plugin v15.8 - https:\/\/yoast.com\/wordpress\/plugins\/seo\/ -->\n<title>PELA PRIMEIRA VEZ, UMA MULHER ASSUME O COMANDO-GERAL DA POLICIA MILITAR DE SP - Revista Vitrine Online<\/title>\n<meta name=\"robots\" content=\"index, follow, max-snippet:-1, max-image-preview:large, max-video-preview:-1\" \/>\n<link rel=\"canonical\" href=\"http:\/\/revistavitrineibiuna.com.br\/?p=35473\" \/>\n<meta property=\"og:locale\" content=\"pt_BR\" \/>\n<meta property=\"og:type\" content=\"article\" \/>\n<meta property=\"og:title\" content=\"PELA PRIMEIRA VEZ, UMA MULHER ASSUME O COMANDO-GERAL DA POLICIA MILITAR DE SP - Revista Vitrine Online\" \/>\n<meta property=\"og:description\" content=\"A coronel PM Glauce Anselmo Cavalli foi nomeada hoje (16) comandante-geral da Pol\u00edcia Militar do Estado de S\u00e3o Paulo. Trata-se\" \/>\n<meta property=\"og:url\" content=\"http:\/\/revistavitrineibiuna.com.br\/?p=35473\" \/>\n<meta property=\"og:site_name\" content=\"Revista Vitrine Online\" \/>\n<meta property=\"article:published_time\" content=\"2026-04-16T16:02:14+00:00\" \/>\n<meta property=\"article:modified_time\" content=\"2026-04-16T16:02:15+00:00\" \/>\n<meta property=\"og:image\" content=\"https:\/\/revistavitrineibiuna.com.br\/wp-content\/uploads\/2026\/04\/comandante-da-pm-glauce.png\" \/>\n\t<meta property=\"og:image:width\" content=\"708\" \/>\n\t<meta property=\"og:image:height\" content=\"720\" \/>\n<meta name=\"twitter:card\" content=\"summary\" \/>\n<meta name=\"twitter:label1\" content=\"Est. reading time\">\n\t<meta name=\"twitter:data1\" content=\"1 minuto\">\n<script type=\"application\/ld+json\" class=\"yoast-schema-graph\">{\"@context\":\"https:\/\/schema.org\",\"@graph\":[{\"@type\":\"WebSite\",\"@id\":\"https:\/\/revistavitrineibiuna.com.br\/#website\",\"url\":\"https:\/\/revistavitrineibiuna.com.br\/\",\"name\":\"Revista Vitrine Ibi\\u00fana\",\"description\":\"A Revista de Ibi\\u00fana e Regi\\u00e3o\",\"publisher\":{\"@id\":\"https:\/\/revistavitrineibiuna.com.br\/#\/schema\/person\/e51ef49d6d88170ea21ceabff3f73deb\"},\"potentialAction\":[{\"@type\":\"SearchAction\",\"target\":\"https:\/\/revistavitrineibiuna.com.br\/?s={search_term_string}\",\"query-input\":\"required name=search_term_string\"}],\"inLanguage\":\"pt-BR\"},{\"@type\":\"ImageObject\",\"@id\":\"http:\/\/revistavitrineibiuna.com.br\/?p=35473#primaryimage\",\"inLanguage\":\"pt-BR\",\"url\":\"https:\/\/revistavitrineibiuna.com.br\/wp-content\/uploads\/2026\/04\/comandante-da-pm-glauce.png\",\"width\":708,\"height\":720},{\"@type\":\"WebPage\",\"@id\":\"http:\/\/revistavitrineibiuna.com.br\/?p=35473#webpage\",\"url\":\"http:\/\/revistavitrineibiuna.com.br\/?p=35473\",\"name\":\"PELA PRIMEIRA VEZ, UMA MULHER ASSUME O COMANDO-GERAL DA POLICIA MILITAR DE SP - Revista Vitrine Online\",\"isPartOf\":{\"@id\":\"https:\/\/revistavitrineibiuna.com.br\/#website\"},\"primaryImageOfPage\":{\"@id\":\"http:\/\/revistavitrineibiuna.com.br\/?p=35473#primaryimage\"},\"datePublished\":\"2026-04-16T16:02:14+00:00\",\"dateModified\":\"2026-04-16T16:02:15+00:00\",\"breadcrumb\":{\"@id\":\"http:\/\/revistavitrineibiuna.com.br\/?p=35473#breadcrumb\"},\"inLanguage\":\"pt-BR\",\"potentialAction\":[{\"@type\":\"ReadAction\",\"target\":[\"http:\/\/revistavitrineibiuna.com.br\/?p=35473\"]}]},{\"@type\":\"BreadcrumbList\",\"@id\":\"http:\/\/revistavitrineibiuna.com.br\/?p=35473#breadcrumb\",\"itemListElement\":[{\"@type\":\"ListItem\",\"position\":1,\"item\":{\"@type\":\"WebPage\",\"@id\":\"https:\/\/revistavitrineibiuna.com.br\/\",\"url\":\"https:\/\/revistavitrineibiuna.com.br\/\",\"name\":\"In\\u00edcio\"}},{\"@type\":\"ListItem\",\"position\":2,\"item\":{\"@type\":\"WebPage\",\"@id\":\"http:\/\/revistavitrineibiuna.com.br\/?p=35473\",\"url\":\"http:\/\/revistavitrineibiuna.com.br\/?p=35473\",\"name\":\"PELA PRIMEIRA VEZ, UMA MULHER ASSUME O COMANDO-GERAL DA POLICIA MILITAR DE SP\"}}]},{\"@type\":\"Article\",\"@id\":\"http:\/\/revistavitrineibiuna.com.br\/?p=35473#article\",\"isPartOf\":{\"@id\":\"http:\/\/revistavitrineibiuna.com.br\/?p=35473#webpage\"},\"author\":{\"@id\":\"https:\/\/revistavitrineibiuna.com.br\/#\/schema\/person\/e51ef49d6d88170ea21ceabff3f73deb\"},\"headline\":\"PELA PRIMEIRA VEZ, UMA MULHER ASSUME O COMANDO-GERAL DA POLICIA MILITAR DE SP\",\"datePublished\":\"2026-04-16T16:02:14+00:00\",\"dateModified\":\"2026-04-16T16:02:15+00:00\",\"mainEntityOfPage\":{\"@id\":\"http:\/\/revistavitrineibiuna.com.br\/?p=35473#webpage\"},\"commentCount\":0,\"publisher\":{\"@id\":\"https:\/\/revistavitrineibiuna.com.br\/#\/schema\/person\/e51ef49d6d88170ea21ceabff3f73deb\"},\"image\":{\"@id\":\"http:\/\/revistavitrineibiuna.com.br\/?p=35473#primaryimage\"},\"articleSection\":\"Not\\u00edcias\",\"inLanguage\":\"pt-BR\",\"potentialAction\":[{\"@type\":\"CommentAction\",\"name\":\"Comment\",\"target\":[\"http:\/\/revistavitrineibiuna.com.br\/?p=35473#respond\"]}]},{\"@type\":[\"Person\",\"Organization\"],\"@id\":\"https:\/\/revistavitrineibiuna.com.br\/#\/schema\/person\/e51ef49d6d88170ea21ceabff3f73deb\",\"name\":\"Carlos Rossini\",\"image\":{\"@type\":\"ImageObject\",\"@id\":\"https:\/\/revistavitrineibiuna.com.br\/#personlogo\",\"inLanguage\":\"pt-BR\",\"url\":\"https:\/\/secure.gravatar.com\/avatar\/4f2d0f99fac1f85c7d643f21f5c8d900?s=96&d=mm&r=g\",\"caption\":\"Carlos Rossini\"},\"logo\":{\"@id\":\"https:\/\/revistavitrineibiuna.com.br\/#personlogo\"},\"description\":\"Carlos Rossini \\u00e9 jornalista, soci\\u00f3logo, escritor e professor universit\\u00e1rio, tendo sido professor de jornalismo por vinte anos. Trabalhou em ve\\u00edculos de comunica\\u00e7\\u00e3o nas fun\\u00e7\\u00f5es de rep\\u00f3rter, redator, editor, articulista e colaborador, como Folha de S. Paulo, O Estado de S. Paulo, Di\\u00e1rio Popular, entre outros. Ao transferir a revista vitrine, vers\\u00e3o imprensa, de S\\u00e3o Paulo para Ibi\\u00fana h\\u00e1 alguns anos, iniciou uma nova experi\\u00eancia profissional, dedicando-se ao jornalismo regional, depois de cumprir uma trajet\\u00f3ria bem-sucedida na grande imprensa brasileira. Seu primeiro livro A Coragem de Comunicar foi lan\\u00e7ado na Bienal do Livro em S\\u00e3o Paulo no ano 2000, pela editora Madras.\"}]}<\/script>\n<!-- \/ Yoast SEO plugin. -->","_links":{"self":[{"href":"https:\/\/revistavitrineibiuna.com.br\/index.php?rest_route=\/wp\/v2\/posts\/35473"}],"collection":[{"href":"https:\/\/revistavitrineibiuna.com.br\/index.php?rest_route=\/wp\/v2\/posts"}],"about":[{"href":"https:\/\/revistavitrineibiuna.com.br\/index.php?rest_route=\/wp\/v2\/types\/post"}],"author":[{"embeddable":true,"href":"https:\/\/revistavitrineibiuna.com.br\/index.php?rest_route=\/wp\/v2\/users\/1"}],"replies":[{"embeddable":true,"href":"https:\/\/revistavitrineibiuna.com.br\/index.php?rest_route=%2Fwp%2Fv2%2Fcomments&post=35473"}],"version-history":[{"count":1,"href":"https:\/\/revistavitrineibiuna.com.br\/index.php?rest_route=\/wp\/v2\/posts\/35473\/revisions"}],"predecessor-version":[{"id":35475,"href":"https:\/\/revistavitrineibiuna.com.br\/index.php?rest_route=\/wp\/v2\/posts\/35473\/revisions\/35475"}],"wp:featuredmedia":[{"embeddable":true,"href":"https:\/\/revistavitrineibiuna.com.br\/index.php?rest_route=\/wp\/v2\/media\/35474"}],"wp:attachment":[{"href":"https:\/\/revistavitrineibiuna.com.br\/index.php?rest_route=%2Fwp%2Fv2%2Fmedia&parent=35473"}],"wp:term":[{"taxonomy":"category","embeddable":true,"href":"https:\/\/revistavitrineibiuna.com.br\/index.php?rest_route=%2Fwp%2Fv2%2Fcategories&post=35473"},{"taxonomy":"post_tag","embeddable":true,"href":"https:\/\/revistavitrineibiuna.com.br\/index.php?rest_route=%2Fwp%2Fv2%2Ftags&post=35473"}],"curies":[{"name":"wp","href":"https:\/\/api.w.org\/{rel}","templated":true}]}}