{"id":35476,"date":"2026-04-17T03:39:18","date_gmt":"2026-04-17T06:39:18","guid":{"rendered":"http:\/\/revistavitrineibiuna.com.br\/?p=35476"},"modified":"2026-04-17T04:14:59","modified_gmt":"2026-04-17T07:14:59","slug":"ibiuna-desconforto-e-perigo-acossam-a-populacao","status":"publish","type":"post","link":"https:\/\/revistavitrineibiuna.com.br\/?p=35476","title":{"rendered":"IBI\u00daNA \u2013 DESCONFORTO E PERIGO ACOSSAM A POPULA\u00c7\u00c3O"},"content":{"rendered":"\n<p class=\"has-drop-cap\"><strong>H\u00e1 uma not\u00e1vel dist\u00e2ncia entre os malabarismos do marketing empregado pela Prefeitura de Ibi\u00fana e a realidade vivida cotidianamente pela popula\u00e7\u00e3o nos espa\u00e7os p\u00fablicos do munic\u00edpio.<\/strong><\/p>\n\n\n\n<p><strong>TRANSPORTE P\u00daBLICO \u2013 Um homem deixou o carro em uma funilaria e, estando a p\u00e9, resolveu se submeter ao transporte coletivo que opera na cidade de Ibi\u00fana. \u00c9 fato real.<\/strong><\/p>\n\n\n\n<p><strong>Chegou \u00e0 rodovi\u00e1ria \u00e0s 8h50 e indagou: \u201cQual \u00e9 o hor\u00e1rio do pr\u00f3ximo \u00f4nibus para a Cachoeira\u201d [nome de um bairro]?<\/strong><\/p>\n\n\n\n<p><strong>Sol\u00edcito, o funcion\u00e1rio da Via\u00e7\u00e3o Raposo Tavares informou: \u201c11h30\u201d.<\/strong><\/p>\n\n\n\n<p><strong>Ou seja: o cidad\u00e3o ibiunense teria que esperar por 2 horas e 40 minutos para poder tomar um \u00f4nibus e retornar para a sua casa.<\/strong><\/p>\n\n\n\n<p><strong>[Em muito menos tempo do que esse, de avi\u00e3o claro, quatro vereadores ibiunenses voaram cerca de mil quil\u00f4metros e chegaram a Bras\u00edlia para apresentarem reivindica\u00e7\u00f5es de recursos para o munic\u00edpio.]<\/strong><\/p>\n\n\n\n<p><strong>Essa \u00e9 uma hist\u00f3ria banal! O sistema de transporte p\u00fablico de Ibi\u00fana n\u00e3o atende \u00e0s necessidades reais da popula\u00e7\u00e3o. \u00c9 um problema cr\u00f4nico e que se agrava no per\u00edodo das f\u00e9rias escolares, fins de semana, feriados ou quando a empresa, unilateralmente resolve reduzir o n\u00famero de sa\u00edda dos \u00f4nibus, como aconteceu recentemente.<\/strong><\/p>\n\n\n\n<figure class=\"wp-block-image size-large\"><img loading=\"lazy\" width=\"501\" height=\"343\" src=\"https:\/\/revistavitrineibiuna.com.br\/wp-content\/uploads\/2026\/04\/onibus-3.png\" alt=\"\" class=\"wp-image-35480\" srcset=\"https:\/\/revistavitrineibiuna.com.br\/wp-content\/uploads\/2026\/04\/onibus-3.png 501w, https:\/\/revistavitrineibiuna.com.br\/wp-content\/uploads\/2026\/04\/onibus-3-300x205.png 300w, https:\/\/revistavitrineibiuna.com.br\/wp-content\/uploads\/2026\/04\/onibus-3-130x90.png 130w\" sizes=\"(max-width: 501px) 100vw, 501px\" \/><figcaption>Popula\u00e7\u00e3o enfrenta um tormento di\u00e1rio com cr\u00f4nica escassez de \u00f4nibus <\/figcaption><\/figure>\n\n\n\n<p><strong>Uma professora, ouviu o relato desse usu\u00e1rio bissexto de \u00f4nibus e resolveu contar o transtorno de todos os dias aos quais se submete para ir dar aula e voltar para casa.<\/strong><\/p>\n\n\n\n<p><strong>PERIGO NO T\u00c1XI \u2013 Sem poder esperar tanto tempo, porque o homem precisava levar as compras para a casa para o almo\u00e7o, resolveu pegar um t\u00e1xi. Fez um r\u00e1pido balan\u00e7o de natureza financeira e tentou encontrar uma solu\u00e7\u00e3o mais em conta procurando um desses profissionais que atendem pelo \u201csistema UBER\u201d que opera na cidade.<\/strong><\/p>\n\n\n\n<p><strong>Encontrou um parado na margem da avenida Ant\u00f4nio Falci. O pre\u00e7o era a metade do pre\u00e7o do que foi or\u00e7ado pelo taxista do ponto. Corrida acertada.<\/strong><\/p>\n\n\n\n<p><strong>O passageiro passou um sufoco com o desempenho do taxista: uma conversa t\u00f3xica, ultrapassagem irregular, abuso na velocidade numa estrada precarizada. Em suma: passageiro estressado.<\/strong><\/p>\n\n\n\n<p><strong>PERIGO NA ESTRADA<\/strong><\/p>\n\n\n\n<p><strong>A Estrada da Cachoeira, denominada oficialmente como Estrada Vicinal Ant\u00f4nio Rodrigues desemboca no Clara Ibi\u00fana Resort, distante dez quil\u00f4metros do centro de Ibi\u00fana.<\/strong><\/p>\n\n\n\n<p><strong>Todo esse trecho foi recapeado pelos propriet\u00e1rios do Resort em troca de isen\u00e7\u00e3o de impostos, acerto feito no governo Jo\u00e3o Mello.<\/strong><\/p>\n\n\n\n<p><strong>Na verdade a primeira empresa contratada pelo Resort fez um p\u00e9ssimo servi\u00e7o, o que exigiu que fosse feito um segundo recape sobre o&nbsp; primeiro.<\/strong><\/p>\n\n\n\n<p><strong>Ocorre que desde que o Resort foi inaugurado e \u00e9 um estupendo sucesso de p\u00fablico, sobretudo com a realiza\u00e7\u00e3o de conven\u00e7\u00f5es empresariais, transformou a estrada em uma avenida, com momentos de tr\u00e2nsito carregado.<\/strong><\/p>\n\n\n\n<p><strong>Em resumo: a estrada ficou perigosa sobretudo&nbsp; para os seus usu\u00e1rios tradicionais que caminham a p\u00e9 para ir e vir da cidade ou se deslocar para trabalhar nas ch\u00e1caras ali existentes.<\/strong><\/p>\n\n\n\n<figure class=\"wp-block-image size-large\"><img loading=\"lazy\" width=\"651\" height=\"401\" src=\"https:\/\/revistavitrineibiuna.com.br\/wp-content\/uploads\/2026\/04\/perigo-a-vista-2-1.png\" alt=\"\" class=\"wp-image-35482\" srcset=\"https:\/\/revistavitrineibiuna.com.br\/wp-content\/uploads\/2026\/04\/perigo-a-vista-2-1.png 651w, https:\/\/revistavitrineibiuna.com.br\/wp-content\/uploads\/2026\/04\/perigo-a-vista-2-1-300x185.png 300w\" sizes=\"(max-width: 651px) 100vw, 651px\" \/><figcaption>A inseguran\u00e7a \u00e9 tanto para os pedestres quanto para os motoristas que usam a estrada diariamente<\/figcaption><\/figure>\n\n\n\n<p><strong>ZELADORIA<\/strong><\/p>\n\n\n\n<p><strong>Como o servi\u00e7o de zeladoria da Prefeitura n\u00e3o consegue dar conta da demanda, a popula\u00e7\u00e3o do bairro da&nbsp; Cachoeira est\u00e1 pedindo socorro porque a estrada se tornou um risco de atropelamentos ou colis\u00f5es a qualquer momento.<\/strong><\/p>\n\n\n\n<p><strong>A esperan\u00e7a \u00e9 que a Secretaria de Desenvolvimento Urbano, agora\u00a0 com um novo secret\u00e1rio, tome as devidas provid\u00eancias.<\/strong><\/p>\n\n\n\n<p><strong>A estrada foi simplesmente tomada pelo mato que encobriu at\u00e9 mesmo os olhos de gato. Ou seja: os pedestres n\u00e3o t\u00eam alternativa sen\u00e3o andar na estreita pista de rolamento que tem v\u00e1rias curvas, de modo que um motorista n\u00e3o consegue visualizar o que vem pela frente. Se ele dirigir al\u00e9m do limite permitido, o que \u00e9 uma constante, ent\u00e3o, s\u00f3 com a prote\u00e7\u00e3o divina!<\/strong><\/p>\n\n\n\n<p><strong>Ali exatamente onde h\u00e1 uma descida \u00edngreme, que come\u00e7a na frente da Capela da Nossa Senhora do Bom Parto, h\u00e1 uma curva onde pelo menos dois carros capotaram e ca\u00edram fora da pista.<\/strong><\/p>\n\n\n\n<p><strong>Com a palavra a Prefeitura: 1. Quanto ao problema relacionado aos prec\u00e1rios hor\u00e1rios dos \u00f4nibus; 2. Quanto \u00e0 fiscaliza\u00e7\u00e3o para impedir abusos de alguns motoristas de t\u00e1xi; 3. Quanto \u00e0 urgente necessidade de ro\u00e7ar as margem da estrada.<\/strong><\/p>\n\n\n\n<p><strong>A hist\u00f3ria ficou um pouco longa, mas resume os pedidos da popula\u00e7\u00e3o que chegaram \u00e0 reda\u00e7\u00e3o de vitrine online. (C.R.)<\/strong><\/p>\n","protected":false},"excerpt":{"rendered":"<p>H\u00e1 uma not\u00e1vel dist\u00e2ncia entre os malabarismos do marketing empregado pela Prefeitura de Ibi\u00fana e a realidade vivida cotidianamente pela<\/p>\n","protected":false},"author":1,"featured_media":35477,"comment_status":"open","ping_status":"open","sticky":false,"template":"","format":"standard","meta":[],"categories":[3],"tags":[],"yoast_head":"<!-- This site is optimized with the Yoast SEO plugin v15.8 - https:\/\/yoast.com\/wordpress\/plugins\/seo\/ -->\n<title>IBI\u00daNA \u2013 DESCONFORTO E PERIGO ACOSSAM A POPULA\u00c7\u00c3O - Revista Vitrine Online<\/title>\n<meta name=\"robots\" content=\"index, follow, max-snippet:-1, max-image-preview:large, max-video-preview:-1\" \/>\n<link rel=\"canonical\" href=\"http:\/\/revistavitrineibiuna.com.br\/?p=35476\" \/>\n<meta property=\"og:locale\" content=\"pt_BR\" \/>\n<meta property=\"og:type\" content=\"article\" \/>\n<meta property=\"og:title\" content=\"IBI\u00daNA \u2013 DESCONFORTO E PERIGO ACOSSAM A POPULA\u00c7\u00c3O - Revista Vitrine Online\" \/>\n<meta property=\"og:description\" content=\"H\u00e1 uma not\u00e1vel dist\u00e2ncia entre os malabarismos do marketing empregado pela Prefeitura de Ibi\u00fana e a realidade vivida cotidianamente pela\" \/>\n<meta property=\"og:url\" content=\"http:\/\/revistavitrineibiuna.com.br\/?p=35476\" \/>\n<meta property=\"og:site_name\" content=\"Revista Vitrine Online\" \/>\n<meta property=\"article:published_time\" content=\"2026-04-17T06:39:18+00:00\" \/>\n<meta property=\"article:modified_time\" content=\"2026-04-17T07:14:59+00:00\" \/>\n<meta property=\"og:image\" content=\"https:\/\/revistavitrineibiuna.com.br\/wp-content\/uploads\/2026\/04\/perigo-a-vista-2.png\" \/>\n\t<meta property=\"og:image:width\" content=\"651\" \/>\n\t<meta property=\"og:image:height\" content=\"401\" \/>\n<meta name=\"twitter:card\" content=\"summary\" \/>\n<meta name=\"twitter:label1\" content=\"Est. reading time\">\n\t<meta name=\"twitter:data1\" content=\"4 minutos\">\n<script type=\"application\/ld+json\" class=\"yoast-schema-graph\">{\"@context\":\"https:\/\/schema.org\",\"@graph\":[{\"@type\":\"WebSite\",\"@id\":\"https:\/\/revistavitrineibiuna.com.br\/#website\",\"url\":\"https:\/\/revistavitrineibiuna.com.br\/\",\"name\":\"Revista Vitrine Ibi\\u00fana\",\"description\":\"A Revista de Ibi\\u00fana e Regi\\u00e3o\",\"publisher\":{\"@id\":\"https:\/\/revistavitrineibiuna.com.br\/#\/schema\/person\/e51ef49d6d88170ea21ceabff3f73deb\"},\"potentialAction\":[{\"@type\":\"SearchAction\",\"target\":\"https:\/\/revistavitrineibiuna.com.br\/?s={search_term_string}\",\"query-input\":\"required name=search_term_string\"}],\"inLanguage\":\"pt-BR\"},{\"@type\":\"ImageObject\",\"@id\":\"http:\/\/revistavitrineibiuna.com.br\/?p=35476#primaryimage\",\"inLanguage\":\"pt-BR\",\"url\":\"https:\/\/revistavitrineibiuna.com.br\/wp-content\/uploads\/2026\/04\/perigo-a-vista-2.png\",\"width\":651,\"height\":401},{\"@type\":\"WebPage\",\"@id\":\"http:\/\/revistavitrineibiuna.com.br\/?p=35476#webpage\",\"url\":\"http:\/\/revistavitrineibiuna.com.br\/?p=35476\",\"name\":\"IBI\\u00daNA \\u2013 DESCONFORTO E PERIGO ACOSSAM A POPULA\\u00c7\\u00c3O - Revista Vitrine Online\",\"isPartOf\":{\"@id\":\"https:\/\/revistavitrineibiuna.com.br\/#website\"},\"primaryImageOfPage\":{\"@id\":\"http:\/\/revistavitrineibiuna.com.br\/?p=35476#primaryimage\"},\"datePublished\":\"2026-04-17T06:39:18+00:00\",\"dateModified\":\"2026-04-17T07:14:59+00:00\",\"breadcrumb\":{\"@id\":\"http:\/\/revistavitrineibiuna.com.br\/?p=35476#breadcrumb\"},\"inLanguage\":\"pt-BR\",\"potentialAction\":[{\"@type\":\"ReadAction\",\"target\":[\"http:\/\/revistavitrineibiuna.com.br\/?p=35476\"]}]},{\"@type\":\"BreadcrumbList\",\"@id\":\"http:\/\/revistavitrineibiuna.com.br\/?p=35476#breadcrumb\",\"itemListElement\":[{\"@type\":\"ListItem\",\"position\":1,\"item\":{\"@type\":\"WebPage\",\"@id\":\"https:\/\/revistavitrineibiuna.com.br\/\",\"url\":\"https:\/\/revistavitrineibiuna.com.br\/\",\"name\":\"In\\u00edcio\"}},{\"@type\":\"ListItem\",\"position\":2,\"item\":{\"@type\":\"WebPage\",\"@id\":\"http:\/\/revistavitrineibiuna.com.br\/?p=35476\",\"url\":\"http:\/\/revistavitrineibiuna.com.br\/?p=35476\",\"name\":\"IBI\\u00daNA \\u2013 DESCONFORTO E PERIGO ACOSSAM A POPULA\\u00c7\\u00c3O\"}}]},{\"@type\":\"Article\",\"@id\":\"http:\/\/revistavitrineibiuna.com.br\/?p=35476#article\",\"isPartOf\":{\"@id\":\"http:\/\/revistavitrineibiuna.com.br\/?p=35476#webpage\"},\"author\":{\"@id\":\"https:\/\/revistavitrineibiuna.com.br\/#\/schema\/person\/e51ef49d6d88170ea21ceabff3f73deb\"},\"headline\":\"IBI\\u00daNA \\u2013 DESCONFORTO E PERIGO ACOSSAM A POPULA\\u00c7\\u00c3O\",\"datePublished\":\"2026-04-17T06:39:18+00:00\",\"dateModified\":\"2026-04-17T07:14:59+00:00\",\"mainEntityOfPage\":{\"@id\":\"http:\/\/revistavitrineibiuna.com.br\/?p=35476#webpage\"},\"commentCount\":0,\"publisher\":{\"@id\":\"https:\/\/revistavitrineibiuna.com.br\/#\/schema\/person\/e51ef49d6d88170ea21ceabff3f73deb\"},\"image\":{\"@id\":\"http:\/\/revistavitrineibiuna.com.br\/?p=35476#primaryimage\"},\"articleSection\":\"Not\\u00edcias\",\"inLanguage\":\"pt-BR\",\"potentialAction\":[{\"@type\":\"CommentAction\",\"name\":\"Comment\",\"target\":[\"http:\/\/revistavitrineibiuna.com.br\/?p=35476#respond\"]}]},{\"@type\":[\"Person\",\"Organization\"],\"@id\":\"https:\/\/revistavitrineibiuna.com.br\/#\/schema\/person\/e51ef49d6d88170ea21ceabff3f73deb\",\"name\":\"Carlos Rossini\",\"image\":{\"@type\":\"ImageObject\",\"@id\":\"https:\/\/revistavitrineibiuna.com.br\/#personlogo\",\"inLanguage\":\"pt-BR\",\"url\":\"https:\/\/secure.gravatar.com\/avatar\/4f2d0f99fac1f85c7d643f21f5c8d900?s=96&d=mm&r=g\",\"caption\":\"Carlos Rossini\"},\"logo\":{\"@id\":\"https:\/\/revistavitrineibiuna.com.br\/#personlogo\"},\"description\":\"Carlos Rossini \\u00e9 jornalista, soci\\u00f3logo, escritor e professor universit\\u00e1rio, tendo sido professor de jornalismo por vinte anos. Trabalhou em ve\\u00edculos de comunica\\u00e7\\u00e3o nas fun\\u00e7\\u00f5es de rep\\u00f3rter, redator, editor, articulista e colaborador, como Folha de S. Paulo, O Estado de S. Paulo, Di\\u00e1rio Popular, entre outros. Ao transferir a revista vitrine, vers\\u00e3o imprensa, de S\\u00e3o Paulo para Ibi\\u00fana h\\u00e1 alguns anos, iniciou uma nova experi\\u00eancia profissional, dedicando-se ao jornalismo regional, depois de cumprir uma trajet\\u00f3ria bem-sucedida na grande imprensa brasileira. Seu primeiro livro A Coragem de Comunicar foi lan\\u00e7ado na Bienal do Livro em S\\u00e3o Paulo no ano 2000, pela editora Madras.\"}]}<\/script>\n<!-- \/ Yoast SEO plugin. -->","_links":{"self":[{"href":"https:\/\/revistavitrineibiuna.com.br\/index.php?rest_route=\/wp\/v2\/posts\/35476"}],"collection":[{"href":"https:\/\/revistavitrineibiuna.com.br\/index.php?rest_route=\/wp\/v2\/posts"}],"about":[{"href":"https:\/\/revistavitrineibiuna.com.br\/index.php?rest_route=\/wp\/v2\/types\/post"}],"author":[{"embeddable":true,"href":"https:\/\/revistavitrineibiuna.com.br\/index.php?rest_route=\/wp\/v2\/users\/1"}],"replies":[{"embeddable":true,"href":"https:\/\/revistavitrineibiuna.com.br\/index.php?rest_route=%2Fwp%2Fv2%2Fcomments&post=35476"}],"version-history":[{"count":5,"href":"https:\/\/revistavitrineibiuna.com.br\/index.php?rest_route=\/wp\/v2\/posts\/35476\/revisions"}],"predecessor-version":[{"id":35486,"href":"https:\/\/revistavitrineibiuna.com.br\/index.php?rest_route=\/wp\/v2\/posts\/35476\/revisions\/35486"}],"wp:featuredmedia":[{"embeddable":true,"href":"https:\/\/revistavitrineibiuna.com.br\/index.php?rest_route=\/wp\/v2\/media\/35477"}],"wp:attachment":[{"href":"https:\/\/revistavitrineibiuna.com.br\/index.php?rest_route=%2Fwp%2Fv2%2Fmedia&parent=35476"}],"wp:term":[{"taxonomy":"category","embeddable":true,"href":"https:\/\/revistavitrineibiuna.com.br\/index.php?rest_route=%2Fwp%2Fv2%2Fcategories&post=35476"},{"taxonomy":"post_tag","embeddable":true,"href":"https:\/\/revistavitrineibiuna.com.br\/index.php?rest_route=%2Fwp%2Fv2%2Ftags&post=35476"}],"curies":[{"name":"wp","href":"https:\/\/api.w.org\/{rel}","templated":true}]}}