{"id":35487,"date":"2026-04-17T16:39:40","date_gmt":"2026-04-17T19:39:40","guid":{"rendered":"http:\/\/revistavitrineibiuna.com.br\/?p=35487"},"modified":"2026-04-17T16:41:37","modified_gmt":"2026-04-17T19:41:37","slug":"ibiuna-ano-eleitoral-movimenta-gabinete-do-prefeito","status":"publish","type":"post","link":"https:\/\/revistavitrineibiuna.com.br\/?p=35487","title":{"rendered":"IBI\u00daNA \u2013 ANO ELEITORAL MOVIMENTA GABINETE DO PREFEITO"},"content":{"rendered":"\n<p class=\"has-drop-cap\"><strong>O prefeito de Ibi\u00fana recebeu ex-vereadores e vereadores em exerc\u00edcio na atual gest\u00e3o em seu gabinete esta semana.<\/strong><\/p>\n\n\n\n<p><strong>A pauta foi o ano eleitoral e a forma\u00e7\u00e3o de poss\u00edveis alian\u00e7as visando apoiar candidaturas para reelei\u00e7\u00e3o de deputados e senadores dispostos a ajudar o munic\u00edpio, sobretudo no envio de emendas, especialmente aquelas destinadas a custeio.<\/strong><\/p>\n\n\n\n<p><strong>Os parlamentares interessados na reelei\u00e7\u00e3o est\u00e3o se movimentando intensamente e com as portas abertas para receber pol\u00edticos dos estados e munic\u00edpios, na ca\u00e7a aos votos.<\/strong><\/p>\n\n\n\n<p><strong>Por isso n\u00e3o surpreende que est\u00e3o mais acess\u00edveis do que nunca na manuten\u00e7\u00e3o de contatos enriquecidos com promessas atraentes de ajuda.<\/strong><\/p>\n\n\n\n<p><strong>O col\u00e9gio eleitoral de Ibi\u00fana ultrapassa sessenta mil eleitores.<\/strong><\/p>\n\n\n\n<p><strong>Tanto ex-vereadores quanto atuais foram recebidos individualmente.<\/strong><\/p>\n\n\n\n<p><strong>Vitrine online apurou que tamb\u00e9m foi cogitada destina\u00e7\u00e3o de cargos, um dos quais para a Secretaria de Cultura e Turismo, que ficou vaga com a exonera\u00e7\u00e3o da Leonice de Paz, que vai integrar a campanha do ex-secret\u00e1rio de Turismo do Estado, Roberto de Lucena, para deputado federal.<\/strong><\/p>\n\n\n\n<p><strong>A Secretaria de Cultura e Turismo est\u00e1 interinamente sob o comando do secret\u00e1rio de Administra\u00e7\u00e3o, Eli Valentim.<\/strong><\/p>\n","protected":false},"excerpt":{"rendered":"<p>O prefeito de Ibi\u00fana recebeu ex-vereadores e vereadores em exerc\u00edcio na atual gest\u00e3o em seu gabinete esta semana. A pauta<\/p>\n","protected":false},"author":1,"featured_media":35488,"comment_status":"open","ping_status":"open","sticky":false,"template":"","format":"standard","meta":[],"categories":[70],"tags":[],"yoast_head":"<!-- This site is optimized with the Yoast SEO plugin v15.8 - https:\/\/yoast.com\/wordpress\/plugins\/seo\/ -->\n<title>IBI\u00daNA \u2013 ANO ELEITORAL MOVIMENTA GABINETE DO PREFEITO - Revista Vitrine Online<\/title>\n<meta name=\"robots\" content=\"index, follow, max-snippet:-1, max-image-preview:large, max-video-preview:-1\" \/>\n<link rel=\"canonical\" href=\"http:\/\/revistavitrineibiuna.com.br\/?p=35487\" \/>\n<meta property=\"og:locale\" content=\"pt_BR\" \/>\n<meta property=\"og:type\" content=\"article\" \/>\n<meta property=\"og:title\" content=\"IBI\u00daNA \u2013 ANO ELEITORAL MOVIMENTA GABINETE DO PREFEITO - Revista Vitrine Online\" \/>\n<meta property=\"og:description\" content=\"O prefeito de Ibi\u00fana recebeu ex-vereadores e vereadores em exerc\u00edcio na atual gest\u00e3o em seu gabinete esta semana. A pauta\" \/>\n<meta property=\"og:url\" content=\"http:\/\/revistavitrineibiuna.com.br\/?p=35487\" \/>\n<meta property=\"og:site_name\" content=\"Revista Vitrine Online\" \/>\n<meta property=\"article:published_time\" content=\"2026-04-17T19:39:40+00:00\" \/>\n<meta property=\"article:modified_time\" content=\"2026-04-17T19:41:37+00:00\" \/>\n<meta property=\"og:image\" content=\"https:\/\/revistavitrineibiuna.com.br\/wp-content\/uploads\/2026\/04\/Pires-no-Palacio-dos-Bandeirantes-6.1.2025-1.png\" \/>\n\t<meta property=\"og:image:width\" content=\"716\" \/>\n\t<meta property=\"og:image:height\" content=\"461\" \/>\n<meta name=\"twitter:card\" content=\"summary\" \/>\n<meta name=\"twitter:label1\" content=\"Est. reading time\">\n\t<meta name=\"twitter:data1\" content=\"1 minuto\">\n<script type=\"application\/ld+json\" class=\"yoast-schema-graph\">{\"@context\":\"https:\/\/schema.org\",\"@graph\":[{\"@type\":\"WebSite\",\"@id\":\"https:\/\/revistavitrineibiuna.com.br\/#website\",\"url\":\"https:\/\/revistavitrineibiuna.com.br\/\",\"name\":\"Revista Vitrine Ibi\\u00fana\",\"description\":\"A Revista de Ibi\\u00fana e Regi\\u00e3o\",\"publisher\":{\"@id\":\"https:\/\/revistavitrineibiuna.com.br\/#\/schema\/person\/e51ef49d6d88170ea21ceabff3f73deb\"},\"potentialAction\":[{\"@type\":\"SearchAction\",\"target\":\"https:\/\/revistavitrineibiuna.com.br\/?s={search_term_string}\",\"query-input\":\"required name=search_term_string\"}],\"inLanguage\":\"pt-BR\"},{\"@type\":\"ImageObject\",\"@id\":\"http:\/\/revistavitrineibiuna.com.br\/?p=35487#primaryimage\",\"inLanguage\":\"pt-BR\",\"url\":\"https:\/\/revistavitrineibiuna.com.br\/wp-content\/uploads\/2026\/04\/Pires-no-Palacio-dos-Bandeirantes-6.1.2025-1.png\",\"width\":716,\"height\":461},{\"@type\":\"WebPage\",\"@id\":\"http:\/\/revistavitrineibiuna.com.br\/?p=35487#webpage\",\"url\":\"http:\/\/revistavitrineibiuna.com.br\/?p=35487\",\"name\":\"IBI\\u00daNA \\u2013 ANO ELEITORAL MOVIMENTA GABINETE DO PREFEITO - Revista Vitrine Online\",\"isPartOf\":{\"@id\":\"https:\/\/revistavitrineibiuna.com.br\/#website\"},\"primaryImageOfPage\":{\"@id\":\"http:\/\/revistavitrineibiuna.com.br\/?p=35487#primaryimage\"},\"datePublished\":\"2026-04-17T19:39:40+00:00\",\"dateModified\":\"2026-04-17T19:41:37+00:00\",\"breadcrumb\":{\"@id\":\"http:\/\/revistavitrineibiuna.com.br\/?p=35487#breadcrumb\"},\"inLanguage\":\"pt-BR\",\"potentialAction\":[{\"@type\":\"ReadAction\",\"target\":[\"http:\/\/revistavitrineibiuna.com.br\/?p=35487\"]}]},{\"@type\":\"BreadcrumbList\",\"@id\":\"http:\/\/revistavitrineibiuna.com.br\/?p=35487#breadcrumb\",\"itemListElement\":[{\"@type\":\"ListItem\",\"position\":1,\"item\":{\"@type\":\"WebPage\",\"@id\":\"https:\/\/revistavitrineibiuna.com.br\/\",\"url\":\"https:\/\/revistavitrineibiuna.com.br\/\",\"name\":\"In\\u00edcio\"}},{\"@type\":\"ListItem\",\"position\":2,\"item\":{\"@type\":\"WebPage\",\"@id\":\"http:\/\/revistavitrineibiuna.com.br\/?p=35487\",\"url\":\"http:\/\/revistavitrineibiuna.com.br\/?p=35487\",\"name\":\"IBI\\u00daNA \\u2013 ANO ELEITORAL MOVIMENTA GABINETE DO PREFEITO\"}}]},{\"@type\":\"Article\",\"@id\":\"http:\/\/revistavitrineibiuna.com.br\/?p=35487#article\",\"isPartOf\":{\"@id\":\"http:\/\/revistavitrineibiuna.com.br\/?p=35487#webpage\"},\"author\":{\"@id\":\"https:\/\/revistavitrineibiuna.com.br\/#\/schema\/person\/e51ef49d6d88170ea21ceabff3f73deb\"},\"headline\":\"IBI\\u00daNA \\u2013 ANO ELEITORAL MOVIMENTA GABINETE DO PREFEITO\",\"datePublished\":\"2026-04-17T19:39:40+00:00\",\"dateModified\":\"2026-04-17T19:41:37+00:00\",\"mainEntityOfPage\":{\"@id\":\"http:\/\/revistavitrineibiuna.com.br\/?p=35487#webpage\"},\"commentCount\":0,\"publisher\":{\"@id\":\"https:\/\/revistavitrineibiuna.com.br\/#\/schema\/person\/e51ef49d6d88170ea21ceabff3f73deb\"},\"image\":{\"@id\":\"http:\/\/revistavitrineibiuna.com.br\/?p=35487#primaryimage\"},\"articleSection\":\"Rapidinhas\",\"inLanguage\":\"pt-BR\",\"potentialAction\":[{\"@type\":\"CommentAction\",\"name\":\"Comment\",\"target\":[\"http:\/\/revistavitrineibiuna.com.br\/?p=35487#respond\"]}]},{\"@type\":[\"Person\",\"Organization\"],\"@id\":\"https:\/\/revistavitrineibiuna.com.br\/#\/schema\/person\/e51ef49d6d88170ea21ceabff3f73deb\",\"name\":\"Carlos Rossini\",\"image\":{\"@type\":\"ImageObject\",\"@id\":\"https:\/\/revistavitrineibiuna.com.br\/#personlogo\",\"inLanguage\":\"pt-BR\",\"url\":\"https:\/\/secure.gravatar.com\/avatar\/4f2d0f99fac1f85c7d643f21f5c8d900?s=96&d=mm&r=g\",\"caption\":\"Carlos Rossini\"},\"logo\":{\"@id\":\"https:\/\/revistavitrineibiuna.com.br\/#personlogo\"},\"description\":\"Carlos Rossini \\u00e9 jornalista, soci\\u00f3logo, escritor e professor universit\\u00e1rio, tendo sido professor de jornalismo por vinte anos. Trabalhou em ve\\u00edculos de comunica\\u00e7\\u00e3o nas fun\\u00e7\\u00f5es de rep\\u00f3rter, redator, editor, articulista e colaborador, como Folha de S. Paulo, O Estado de S. Paulo, Di\\u00e1rio Popular, entre outros. Ao transferir a revista vitrine, vers\\u00e3o imprensa, de S\\u00e3o Paulo para Ibi\\u00fana h\\u00e1 alguns anos, iniciou uma nova experi\\u00eancia profissional, dedicando-se ao jornalismo regional, depois de cumprir uma trajet\\u00f3ria bem-sucedida na grande imprensa brasileira. Seu primeiro livro A Coragem de Comunicar foi lan\\u00e7ado na Bienal do Livro em S\\u00e3o Paulo no ano 2000, pela editora Madras.\"}]}<\/script>\n<!-- \/ Yoast SEO plugin. -->","_links":{"self":[{"href":"https:\/\/revistavitrineibiuna.com.br\/index.php?rest_route=\/wp\/v2\/posts\/35487"}],"collection":[{"href":"https:\/\/revistavitrineibiuna.com.br\/index.php?rest_route=\/wp\/v2\/posts"}],"about":[{"href":"https:\/\/revistavitrineibiuna.com.br\/index.php?rest_route=\/wp\/v2\/types\/post"}],"author":[{"embeddable":true,"href":"https:\/\/revistavitrineibiuna.com.br\/index.php?rest_route=\/wp\/v2\/users\/1"}],"replies":[{"embeddable":true,"href":"https:\/\/revistavitrineibiuna.com.br\/index.php?rest_route=%2Fwp%2Fv2%2Fcomments&post=35487"}],"version-history":[{"count":2,"href":"https:\/\/revistavitrineibiuna.com.br\/index.php?rest_route=\/wp\/v2\/posts\/35487\/revisions"}],"predecessor-version":[{"id":35490,"href":"https:\/\/revistavitrineibiuna.com.br\/index.php?rest_route=\/wp\/v2\/posts\/35487\/revisions\/35490"}],"wp:featuredmedia":[{"embeddable":true,"href":"https:\/\/revistavitrineibiuna.com.br\/index.php?rest_route=\/wp\/v2\/media\/35488"}],"wp:attachment":[{"href":"https:\/\/revistavitrineibiuna.com.br\/index.php?rest_route=%2Fwp%2Fv2%2Fmedia&parent=35487"}],"wp:term":[{"taxonomy":"category","embeddable":true,"href":"https:\/\/revistavitrineibiuna.com.br\/index.php?rest_route=%2Fwp%2Fv2%2Fcategories&post=35487"},{"taxonomy":"post_tag","embeddable":true,"href":"https:\/\/revistavitrineibiuna.com.br\/index.php?rest_route=%2Fwp%2Fv2%2Ftags&post=35487"}],"curies":[{"name":"wp","href":"https:\/\/api.w.org\/{rel}","templated":true}]}}