{"id":35491,"date":"2026-04-18T11:06:01","date_gmt":"2026-04-18T14:06:01","guid":{"rendered":"http:\/\/revistavitrineibiuna.com.br\/?p=35491"},"modified":"2026-04-18T11:57:26","modified_gmt":"2026-04-18T14:57:26","slug":"ibiuna-moradora-denuncia-furtos-no-teatro-inacabado-no-alto-da-figueira","status":"publish","type":"post","link":"https:\/\/revistavitrineibiuna.com.br\/?p=35491","title":{"rendered":"IBI\u00daNA \u2013 MORADORA DENUNCIA FURTOS NO TEATRO INACABADO NO ALTO DA FIGUEIRA"},"content":{"rendered":"\n<p class=\"has-drop-cap\"><strong>Como se n\u00e3o bastasse o abandono das obras do famigerado Teatro Municipal Alto da Figueira, agora uma moradora na Vila Lima [local do teatro] divulga um v\u00eddeo apontando que homens est\u00e3o furtando grades de ferro e outros materiais remanescentes do que foi executado pela empresa construtora.<\/strong><\/p>\n\n\n\n<p><strong>Temos aqui publicado not\u00edcias porque se trata de um patrim\u00f4nio p\u00fablico resultado do dinheiro que sai dos impostos dos cidad\u00e3os, tanto do pr\u00f3prio munic\u00edpio quanto daqueles recolhidos pelo governo estadual.<\/strong><\/p>\n\n\n\n<p><strong>E, pelo que temos visto at\u00e9 agora, trata-se de um mau uso de recursos p\u00fablicos.<\/strong><\/p>\n\n\n\n<p><strong>Como se v\u00ea, o local inteiro est\u00e1 exposto e abandonado.<\/strong><\/p>\n\n\n\n<p><strong>Enquanto a ex-secret\u00e1ria de Cultura e Turismo atribui a responsabilidade pela paralisa\u00e7\u00e3o das obras ao atual governo, este atribui a responsabilidade \u00e0 administra\u00e7\u00e3o anterior, por n\u00e3o ter renovado os termos do contrato em dezembro de 2024, \u00faltimo ano da antiga gest\u00e3o.<\/strong><\/p>\n\n\n\n<p><strong>\u00c9 importante lembrar que o uso da verba estadual e da contrapartida municipal para a constru\u00e7\u00e3o do teatro foi aprovado por 13 dos 15 vereadores, na sess\u00e3o da C\u00e2mara Municipal realizada no dia 3 de maio de 2022, mediante o projeto encaminhado pelo ent\u00e3o prefeito Paulo Sasaki.<\/strong><\/p>\n\n\n\n<p><strong>Na ocasi\u00e3o votaram a favor os vereadores: Abel do Cupim, Aladin, Devanir, Walmir J\u00fanior, Fausto Dourado, Jair Marmelo, Lino J\u00fanior, Lucas do Samu, Luiz Fernando Piu, Naldo Firmino, Paulinho Dias, Ronie Von e Valnei Galv\u00e3o.<\/strong><\/p>\n\n\n\n<p><strong>N\u00e3o votaram os vereadores Rozi da Farm\u00e1cia e Devanir Andrade, que n\u00e3o se encontravam no&nbsp; plen\u00e1rio na hora da vota\u00e7\u00e3o.<\/strong><\/p>\n\n\n\n<p><strong>A men\u00e7\u00e3o desses nomes \u00e9 apenas um registro informativo e n\u00e3o tem car\u00e1ter de qualquer forma de implica\u00e7\u00e3o, uma vez que aprovar projetos do Executivo faz parte da rotina dos parlamentares e, na ocasi\u00e3o, possivelmente o projeto tenha sido apreciado como uma importante obra cultural para a cidade.<\/strong><\/p>\n\n\n\n<p><strong>No entanto, seria oportuno que os atuais parlamentares passassem a se interessar pelo assunto, exatamente pela import\u00e2ncia que tem a n\u00e3o conclus\u00e3o da obra, que estava prevista para dezembro de 2023. (C.R.)<\/strong><\/p>\n","protected":false},"excerpt":{"rendered":"<p>Como se n\u00e3o bastasse o abandono das obras do famigerado Teatro Municipal Alto da Figueira, agora uma moradora na Vila<\/p>\n","protected":false},"author":1,"featured_media":35492,"comment_status":"open","ping_status":"open","sticky":false,"template":"","format":"standard","meta":[],"categories":[3],"tags":[],"yoast_head":"<!-- This site is optimized with the Yoast SEO plugin v15.8 - https:\/\/yoast.com\/wordpress\/plugins\/seo\/ -->\n<title>IBI\u00daNA \u2013 MORADORA DENUNCIA FURTOS NO TEATRO INACABADO NO ALTO DA FIGUEIRA - Revista Vitrine Online<\/title>\n<meta name=\"robots\" content=\"index, follow, max-snippet:-1, max-image-preview:large, max-video-preview:-1\" \/>\n<link rel=\"canonical\" href=\"http:\/\/revistavitrineibiuna.com.br\/?p=35491\" \/>\n<meta property=\"og:locale\" content=\"pt_BR\" \/>\n<meta property=\"og:type\" content=\"article\" \/>\n<meta property=\"og:title\" content=\"IBI\u00daNA \u2013 MORADORA DENUNCIA FURTOS NO TEATRO INACABADO NO ALTO DA FIGUEIRA - Revista Vitrine Online\" \/>\n<meta property=\"og:description\" content=\"Como se n\u00e3o bastasse o abandono das obras do famigerado Teatro Municipal Alto da Figueira, agora uma moradora na Vila\" \/>\n<meta property=\"og:url\" content=\"http:\/\/revistavitrineibiuna.com.br\/?p=35491\" \/>\n<meta property=\"og:site_name\" content=\"Revista Vitrine Online\" \/>\n<meta property=\"article:published_time\" content=\"2026-04-18T14:06:01+00:00\" \/>\n<meta property=\"article:modified_time\" content=\"2026-04-18T14:57:26+00:00\" \/>\n<meta property=\"og:image\" content=\"https:\/\/revistavitrineibiuna.com.br\/wp-content\/uploads\/2026\/04\/teatro-brota-da-mata-1024x675.png\" \/>\n\t<meta property=\"og:image:width\" content=\"1024\" \/>\n\t<meta property=\"og:image:height\" content=\"675\" \/>\n<meta name=\"twitter:card\" content=\"summary\" \/>\n<meta name=\"twitter:label1\" content=\"Est. reading time\">\n\t<meta name=\"twitter:data1\" content=\"2 minutos\">\n<script type=\"application\/ld+json\" class=\"yoast-schema-graph\">{\"@context\":\"https:\/\/schema.org\",\"@graph\":[{\"@type\":\"WebSite\",\"@id\":\"https:\/\/revistavitrineibiuna.com.br\/#website\",\"url\":\"https:\/\/revistavitrineibiuna.com.br\/\",\"name\":\"Revista Vitrine Ibi\\u00fana\",\"description\":\"A Revista de Ibi\\u00fana e Regi\\u00e3o\",\"publisher\":{\"@id\":\"https:\/\/revistavitrineibiuna.com.br\/#\/schema\/person\/e51ef49d6d88170ea21ceabff3f73deb\"},\"potentialAction\":[{\"@type\":\"SearchAction\",\"target\":\"https:\/\/revistavitrineibiuna.com.br\/?s={search_term_string}\",\"query-input\":\"required name=search_term_string\"}],\"inLanguage\":\"pt-BR\"},{\"@type\":\"ImageObject\",\"@id\":\"http:\/\/revistavitrineibiuna.com.br\/?p=35491#primaryimage\",\"inLanguage\":\"pt-BR\",\"url\":\"https:\/\/revistavitrineibiuna.com.br\/wp-content\/uploads\/2026\/04\/teatro-brota-da-mata.png\",\"width\":1595,\"height\":1052},{\"@type\":\"WebPage\",\"@id\":\"http:\/\/revistavitrineibiuna.com.br\/?p=35491#webpage\",\"url\":\"http:\/\/revistavitrineibiuna.com.br\/?p=35491\",\"name\":\"IBI\\u00daNA \\u2013 MORADORA DENUNCIA FURTOS NO TEATRO INACABADO NO ALTO DA FIGUEIRA - Revista Vitrine Online\",\"isPartOf\":{\"@id\":\"https:\/\/revistavitrineibiuna.com.br\/#website\"},\"primaryImageOfPage\":{\"@id\":\"http:\/\/revistavitrineibiuna.com.br\/?p=35491#primaryimage\"},\"datePublished\":\"2026-04-18T14:06:01+00:00\",\"dateModified\":\"2026-04-18T14:57:26+00:00\",\"breadcrumb\":{\"@id\":\"http:\/\/revistavitrineibiuna.com.br\/?p=35491#breadcrumb\"},\"inLanguage\":\"pt-BR\",\"potentialAction\":[{\"@type\":\"ReadAction\",\"target\":[\"http:\/\/revistavitrineibiuna.com.br\/?p=35491\"]}]},{\"@type\":\"BreadcrumbList\",\"@id\":\"http:\/\/revistavitrineibiuna.com.br\/?p=35491#breadcrumb\",\"itemListElement\":[{\"@type\":\"ListItem\",\"position\":1,\"item\":{\"@type\":\"WebPage\",\"@id\":\"https:\/\/revistavitrineibiuna.com.br\/\",\"url\":\"https:\/\/revistavitrineibiuna.com.br\/\",\"name\":\"In\\u00edcio\"}},{\"@type\":\"ListItem\",\"position\":2,\"item\":{\"@type\":\"WebPage\",\"@id\":\"http:\/\/revistavitrineibiuna.com.br\/?p=35491\",\"url\":\"http:\/\/revistavitrineibiuna.com.br\/?p=35491\",\"name\":\"IBI\\u00daNA \\u2013 MORADORA DENUNCIA FURTOS NO TEATRO INACABADO NO ALTO DA FIGUEIRA\"}}]},{\"@type\":\"Article\",\"@id\":\"http:\/\/revistavitrineibiuna.com.br\/?p=35491#article\",\"isPartOf\":{\"@id\":\"http:\/\/revistavitrineibiuna.com.br\/?p=35491#webpage\"},\"author\":{\"@id\":\"https:\/\/revistavitrineibiuna.com.br\/#\/schema\/person\/e51ef49d6d88170ea21ceabff3f73deb\"},\"headline\":\"IBI\\u00daNA \\u2013 MORADORA DENUNCIA FURTOS NO TEATRO INACABADO NO ALTO DA FIGUEIRA\",\"datePublished\":\"2026-04-18T14:06:01+00:00\",\"dateModified\":\"2026-04-18T14:57:26+00:00\",\"mainEntityOfPage\":{\"@id\":\"http:\/\/revistavitrineibiuna.com.br\/?p=35491#webpage\"},\"commentCount\":0,\"publisher\":{\"@id\":\"https:\/\/revistavitrineibiuna.com.br\/#\/schema\/person\/e51ef49d6d88170ea21ceabff3f73deb\"},\"image\":{\"@id\":\"http:\/\/revistavitrineibiuna.com.br\/?p=35491#primaryimage\"},\"articleSection\":\"Not\\u00edcias\",\"inLanguage\":\"pt-BR\",\"potentialAction\":[{\"@type\":\"CommentAction\",\"name\":\"Comment\",\"target\":[\"http:\/\/revistavitrineibiuna.com.br\/?p=35491#respond\"]}]},{\"@type\":[\"Person\",\"Organization\"],\"@id\":\"https:\/\/revistavitrineibiuna.com.br\/#\/schema\/person\/e51ef49d6d88170ea21ceabff3f73deb\",\"name\":\"Carlos Rossini\",\"image\":{\"@type\":\"ImageObject\",\"@id\":\"https:\/\/revistavitrineibiuna.com.br\/#personlogo\",\"inLanguage\":\"pt-BR\",\"url\":\"https:\/\/secure.gravatar.com\/avatar\/4f2d0f99fac1f85c7d643f21f5c8d900?s=96&d=mm&r=g\",\"caption\":\"Carlos Rossini\"},\"logo\":{\"@id\":\"https:\/\/revistavitrineibiuna.com.br\/#personlogo\"},\"description\":\"Carlos Rossini \\u00e9 jornalista, soci\\u00f3logo, escritor e professor universit\\u00e1rio, tendo sido professor de jornalismo por vinte anos. Trabalhou em ve\\u00edculos de comunica\\u00e7\\u00e3o nas fun\\u00e7\\u00f5es de rep\\u00f3rter, redator, editor, articulista e colaborador, como Folha de S. Paulo, O Estado de S. Paulo, Di\\u00e1rio Popular, entre outros. Ao transferir a revista vitrine, vers\\u00e3o imprensa, de S\\u00e3o Paulo para Ibi\\u00fana h\\u00e1 alguns anos, iniciou uma nova experi\\u00eancia profissional, dedicando-se ao jornalismo regional, depois de cumprir uma trajet\\u00f3ria bem-sucedida na grande imprensa brasileira. Seu primeiro livro A Coragem de Comunicar foi lan\\u00e7ado na Bienal do Livro em S\\u00e3o Paulo no ano 2000, pela editora Madras.\"}]}<\/script>\n<!-- \/ Yoast SEO plugin. -->","_links":{"self":[{"href":"https:\/\/revistavitrineibiuna.com.br\/index.php?rest_route=\/wp\/v2\/posts\/35491"}],"collection":[{"href":"https:\/\/revistavitrineibiuna.com.br\/index.php?rest_route=\/wp\/v2\/posts"}],"about":[{"href":"https:\/\/revistavitrineibiuna.com.br\/index.php?rest_route=\/wp\/v2\/types\/post"}],"author":[{"embeddable":true,"href":"https:\/\/revistavitrineibiuna.com.br\/index.php?rest_route=\/wp\/v2\/users\/1"}],"replies":[{"embeddable":true,"href":"https:\/\/revistavitrineibiuna.com.br\/index.php?rest_route=%2Fwp%2Fv2%2Fcomments&post=35491"}],"version-history":[{"count":2,"href":"https:\/\/revistavitrineibiuna.com.br\/index.php?rest_route=\/wp\/v2\/posts\/35491\/revisions"}],"predecessor-version":[{"id":35494,"href":"https:\/\/revistavitrineibiuna.com.br\/index.php?rest_route=\/wp\/v2\/posts\/35491\/revisions\/35494"}],"wp:featuredmedia":[{"embeddable":true,"href":"https:\/\/revistavitrineibiuna.com.br\/index.php?rest_route=\/wp\/v2\/media\/35492"}],"wp:attachment":[{"href":"https:\/\/revistavitrineibiuna.com.br\/index.php?rest_route=%2Fwp%2Fv2%2Fmedia&parent=35491"}],"wp:term":[{"taxonomy":"category","embeddable":true,"href":"https:\/\/revistavitrineibiuna.com.br\/index.php?rest_route=%2Fwp%2Fv2%2Fcategories&post=35491"},{"taxonomy":"post_tag","embeddable":true,"href":"https:\/\/revistavitrineibiuna.com.br\/index.php?rest_route=%2Fwp%2Fv2%2Ftags&post=35491"}],"curies":[{"name":"wp","href":"https:\/\/api.w.org\/{rel}","templated":true}]}}