{"id":35503,"date":"2026-04-18T18:33:16","date_gmt":"2026-04-18T21:33:16","guid":{"rendered":"http:\/\/revistavitrineibiuna.com.br\/?p=35503"},"modified":"2026-04-18T18:46:26","modified_gmt":"2026-04-18T21:46:26","slug":"forte-chuva-de-granizo-afeta-plantacoes-em-ibiuna","status":"publish","type":"post","link":"https:\/\/revistavitrineibiuna.com.br\/?p=35503","title":{"rendered":"FORTE CHUVA DE GRANIZO AFETA PLANTA\u00c7\u00d5ES EM IBI\u00daNA"},"content":{"rendered":"\n<p class=\"has-drop-cap\"><strong>A forte chuva de granizo que desabou sobre o munic\u00edpio de Ibi\u00fana na tarde deste s\u00e1bado (18) afetou planta\u00e7\u00f5es em v\u00e1rios bairros da zona rural, principalmente na regi\u00e3o do Cocais, Col\u00e9gio e Ressaca, segundo informa\u00e7\u00f5es de leitores.<\/strong><\/p>\n\n\n\n<p><strong>A Defesa Civil do Estado de S\u00e3o Paulo, a prop\u00f3sito, havia disparado um alerta severo de chuva forte em Ibi\u00fana deslocando para S\u00e3o Roque e Vargem Grande Paulista, com raios e vento. Mas o aspecto mais marcante foi a quantidade de pedras de gelo que atingiu a regi\u00e3o.<\/strong><\/p>\n\n\n\n<p><strong>Na Ressaca houve produtores que perderam toda a planta\u00e7\u00e3o de coentro, informou um leitor, acrescentando: \u201cQue pena, acabou com os lavradores da regi\u00e3o, que j\u00e1 s\u00e3o pessoas bem sofridas!\u201d<\/strong><\/p>\n\n\n\n<p><strong>Estradas tamb\u00e9m ficaram cobertas de pedras e exigiram maior cautela dos motoristas, porque as pistas ficaram muito escorregadias.<\/strong><\/p>\n\n\n\n<figure class=\"wp-block-image size-large\"><img loading=\"lazy\" width=\"677\" height=\"408\" src=\"http:\/\/revistavitrineibiuna.com.br\/wp-content\/uploads\/2026\/04\/granizo-2.png\" alt=\"\" class=\"wp-image-35507\" srcset=\"https:\/\/revistavitrineibiuna.com.br\/wp-content\/uploads\/2026\/04\/granizo-2.png 677w, https:\/\/revistavitrineibiuna.com.br\/wp-content\/uploads\/2026\/04\/granizo-2-300x181.png 300w\" sizes=\"(max-width: 677px) 100vw, 677px\" \/><\/figure>\n\n\n\n<p><strong>Tentamos contato com a Defesa Civil de Ibi\u00fana para saber sobre poss\u00edveis pedidos de socorro, mas at\u00e9 a reda\u00e7\u00e3o desta not\u00edcia n\u00e3o obtivemos retorno.<\/strong><\/p>\n\n\n\n<p><strong>A queda do granizo na forma de bolinhas ocorreu depois da passagem de uma ventania muita trovoada, arrancando muitas folhas das \u00e1rvores e salpicando o ch\u00e3o de branco.<\/strong><\/p>\n\n\n\n<figure class=\"wp-block-image size-large\"><img loading=\"lazy\" width=\"718\" height=\"424\" src=\"http:\/\/revistavitrineibiuna.com.br\/wp-content\/uploads\/2026\/04\/granizo-5.png\" alt=\"\" class=\"wp-image-35508\" srcset=\"https:\/\/revistavitrineibiuna.com.br\/wp-content\/uploads\/2026\/04\/granizo-5.png 718w, https:\/\/revistavitrineibiuna.com.br\/wp-content\/uploads\/2026\/04\/granizo-5-300x177.png 300w\" sizes=\"(max-width: 718px) 100vw, 718px\" \/><\/figure>\n\n\n\n<p><strong>DANOS<\/strong><\/p>\n\n\n\n<p><strong>A chuva de granizo afeta severamente as planta\u00e7\u00f5es causando danos mec\u00e2nicos como corte de folhas, quebra de ramos e destrui\u00e7\u00e3o de frutos. Os impactos podem destruir lavouras inteiras, especialmente culturas sens\u00edveis, como \u00e9 o caso das hortali\u00e7as que s\u00e3o predominantes na agricultura ibiunense.<\/strong><\/p>\n\n\n\n<figure class=\"wp-block-image size-large\"><img loading=\"lazy\" width=\"896\" height=\"579\" src=\"http:\/\/revistavitrineibiuna.com.br\/wp-content\/uploads\/2026\/04\/granizo-1.png\" alt=\"\" class=\"wp-image-35509\" srcset=\"https:\/\/revistavitrineibiuna.com.br\/wp-content\/uploads\/2026\/04\/granizo-1.png 896w, https:\/\/revistavitrineibiuna.com.br\/wp-content\/uploads\/2026\/04\/granizo-1-300x194.png 300w, https:\/\/revistavitrineibiuna.com.br\/wp-content\/uploads\/2026\/04\/granizo-1-768x496.png 768w\" sizes=\"(max-width: 896px) 100vw, 896px\" \/><\/figure>\n\n\n\n<figure class=\"wp-block-image size-large\"><img loading=\"lazy\" width=\"577\" height=\"415\" src=\"http:\/\/revistavitrineibiuna.com.br\/wp-content\/uploads\/2026\/04\/granizo-3.png\" alt=\"\" class=\"wp-image-35510\" srcset=\"https:\/\/revistavitrineibiuna.com.br\/wp-content\/uploads\/2026\/04\/granizo-3.png 577w, https:\/\/revistavitrineibiuna.com.br\/wp-content\/uploads\/2026\/04\/granizo-3-300x216.png 300w\" sizes=\"(max-width: 577px) 100vw, 577px\" \/><figcaption>A Defesa  Civil do Estado de Paulo apitou nos celulares dos  moradores da regi\u00e3o<\/figcaption><\/figure>\n","protected":false},"excerpt":{"rendered":"<p>A forte chuva de granizo que desabou sobre o munic\u00edpio de Ibi\u00fana na tarde deste s\u00e1bado (18) afetou planta\u00e7\u00f5es em<\/p>\n","protected":false},"author":1,"featured_media":35504,"comment_status":"open","ping_status":"open","sticky":false,"template":"","format":"standard","meta":[],"categories":[3],"tags":[],"yoast_head":"<!-- This site is optimized with the Yoast SEO plugin v15.8 - https:\/\/yoast.com\/wordpress\/plugins\/seo\/ -->\n<title>FORTE CHUVA DE GRANIZO AFETA PLANTA\u00c7\u00d5ES EM IBI\u00daNA - Revista Vitrine Online<\/title>\n<meta name=\"robots\" content=\"index, follow, max-snippet:-1, max-image-preview:large, max-video-preview:-1\" \/>\n<link rel=\"canonical\" href=\"http:\/\/revistavitrineibiuna.com.br\/?p=35503\" \/>\n<meta property=\"og:locale\" content=\"pt_BR\" \/>\n<meta property=\"og:type\" content=\"article\" \/>\n<meta property=\"og:title\" content=\"FORTE CHUVA DE GRANIZO AFETA PLANTA\u00c7\u00d5ES EM IBI\u00daNA - Revista Vitrine Online\" \/>\n<meta property=\"og:description\" content=\"A forte chuva de granizo que desabou sobre o munic\u00edpio de Ibi\u00fana na tarde deste s\u00e1bado (18) afetou planta\u00e7\u00f5es em\" \/>\n<meta property=\"og:url\" content=\"http:\/\/revistavitrineibiuna.com.br\/?p=35503\" \/>\n<meta property=\"og:site_name\" content=\"Revista Vitrine Online\" \/>\n<meta property=\"article:published_time\" content=\"2026-04-18T21:33:16+00:00\" \/>\n<meta property=\"article:modified_time\" content=\"2026-04-18T21:46:26+00:00\" \/>\n<meta property=\"og:image\" content=\"https:\/\/revistavitrineibiuna.com.br\/wp-content\/uploads\/2026\/04\/granizo-4.png\" \/>\n\t<meta property=\"og:image:width\" content=\"899\" \/>\n\t<meta property=\"og:image:height\" content=\"580\" \/>\n<meta name=\"twitter:card\" content=\"summary\" \/>\n<meta name=\"twitter:label1\" content=\"Est. reading time\">\n\t<meta name=\"twitter:data1\" content=\"2 minutos\">\n<script type=\"application\/ld+json\" class=\"yoast-schema-graph\">{\"@context\":\"https:\/\/schema.org\",\"@graph\":[{\"@type\":\"WebSite\",\"@id\":\"https:\/\/revistavitrineibiuna.com.br\/#website\",\"url\":\"https:\/\/revistavitrineibiuna.com.br\/\",\"name\":\"Revista Vitrine Ibi\\u00fana\",\"description\":\"A Revista de Ibi\\u00fana e Regi\\u00e3o\",\"publisher\":{\"@id\":\"https:\/\/revistavitrineibiuna.com.br\/#\/schema\/person\/e51ef49d6d88170ea21ceabff3f73deb\"},\"potentialAction\":[{\"@type\":\"SearchAction\",\"target\":\"https:\/\/revistavitrineibiuna.com.br\/?s={search_term_string}\",\"query-input\":\"required name=search_term_string\"}],\"inLanguage\":\"pt-BR\"},{\"@type\":\"ImageObject\",\"@id\":\"http:\/\/revistavitrineibiuna.com.br\/?p=35503#primaryimage\",\"inLanguage\":\"pt-BR\",\"url\":\"https:\/\/revistavitrineibiuna.com.br\/wp-content\/uploads\/2026\/04\/granizo-4.png\",\"width\":899,\"height\":580},{\"@type\":\"WebPage\",\"@id\":\"http:\/\/revistavitrineibiuna.com.br\/?p=35503#webpage\",\"url\":\"http:\/\/revistavitrineibiuna.com.br\/?p=35503\",\"name\":\"FORTE CHUVA DE GRANIZO AFETA PLANTA\\u00c7\\u00d5ES EM IBI\\u00daNA - Revista Vitrine Online\",\"isPartOf\":{\"@id\":\"https:\/\/revistavitrineibiuna.com.br\/#website\"},\"primaryImageOfPage\":{\"@id\":\"http:\/\/revistavitrineibiuna.com.br\/?p=35503#primaryimage\"},\"datePublished\":\"2026-04-18T21:33:16+00:00\",\"dateModified\":\"2026-04-18T21:46:26+00:00\",\"breadcrumb\":{\"@id\":\"http:\/\/revistavitrineibiuna.com.br\/?p=35503#breadcrumb\"},\"inLanguage\":\"pt-BR\",\"potentialAction\":[{\"@type\":\"ReadAction\",\"target\":[\"http:\/\/revistavitrineibiuna.com.br\/?p=35503\"]}]},{\"@type\":\"BreadcrumbList\",\"@id\":\"http:\/\/revistavitrineibiuna.com.br\/?p=35503#breadcrumb\",\"itemListElement\":[{\"@type\":\"ListItem\",\"position\":1,\"item\":{\"@type\":\"WebPage\",\"@id\":\"https:\/\/revistavitrineibiuna.com.br\/\",\"url\":\"https:\/\/revistavitrineibiuna.com.br\/\",\"name\":\"In\\u00edcio\"}},{\"@type\":\"ListItem\",\"position\":2,\"item\":{\"@type\":\"WebPage\",\"@id\":\"http:\/\/revistavitrineibiuna.com.br\/?p=35503\",\"url\":\"http:\/\/revistavitrineibiuna.com.br\/?p=35503\",\"name\":\"FORTE CHUVA DE GRANIZO AFETA PLANTA\\u00c7\\u00d5ES EM IBI\\u00daNA\"}}]},{\"@type\":\"Article\",\"@id\":\"http:\/\/revistavitrineibiuna.com.br\/?p=35503#article\",\"isPartOf\":{\"@id\":\"http:\/\/revistavitrineibiuna.com.br\/?p=35503#webpage\"},\"author\":{\"@id\":\"https:\/\/revistavitrineibiuna.com.br\/#\/schema\/person\/e51ef49d6d88170ea21ceabff3f73deb\"},\"headline\":\"FORTE CHUVA DE GRANIZO AFETA PLANTA\\u00c7\\u00d5ES EM IBI\\u00daNA\",\"datePublished\":\"2026-04-18T21:33:16+00:00\",\"dateModified\":\"2026-04-18T21:46:26+00:00\",\"mainEntityOfPage\":{\"@id\":\"http:\/\/revistavitrineibiuna.com.br\/?p=35503#webpage\"},\"commentCount\":0,\"publisher\":{\"@id\":\"https:\/\/revistavitrineibiuna.com.br\/#\/schema\/person\/e51ef49d6d88170ea21ceabff3f73deb\"},\"image\":{\"@id\":\"http:\/\/revistavitrineibiuna.com.br\/?p=35503#primaryimage\"},\"articleSection\":\"Not\\u00edcias\",\"inLanguage\":\"pt-BR\",\"potentialAction\":[{\"@type\":\"CommentAction\",\"name\":\"Comment\",\"target\":[\"http:\/\/revistavitrineibiuna.com.br\/?p=35503#respond\"]}]},{\"@type\":[\"Person\",\"Organization\"],\"@id\":\"https:\/\/revistavitrineibiuna.com.br\/#\/schema\/person\/e51ef49d6d88170ea21ceabff3f73deb\",\"name\":\"Carlos Rossini\",\"image\":{\"@type\":\"ImageObject\",\"@id\":\"https:\/\/revistavitrineibiuna.com.br\/#personlogo\",\"inLanguage\":\"pt-BR\",\"url\":\"https:\/\/secure.gravatar.com\/avatar\/4f2d0f99fac1f85c7d643f21f5c8d900?s=96&d=mm&r=g\",\"caption\":\"Carlos Rossini\"},\"logo\":{\"@id\":\"https:\/\/revistavitrineibiuna.com.br\/#personlogo\"},\"description\":\"Carlos Rossini \\u00e9 jornalista, soci\\u00f3logo, escritor e professor universit\\u00e1rio, tendo sido professor de jornalismo por vinte anos. Trabalhou em ve\\u00edculos de comunica\\u00e7\\u00e3o nas fun\\u00e7\\u00f5es de rep\\u00f3rter, redator, editor, articulista e colaborador, como Folha de S. Paulo, O Estado de S. Paulo, Di\\u00e1rio Popular, entre outros. Ao transferir a revista vitrine, vers\\u00e3o imprensa, de S\\u00e3o Paulo para Ibi\\u00fana h\\u00e1 alguns anos, iniciou uma nova experi\\u00eancia profissional, dedicando-se ao jornalismo regional, depois de cumprir uma trajet\\u00f3ria bem-sucedida na grande imprensa brasileira. Seu primeiro livro A Coragem de Comunicar foi lan\\u00e7ado na Bienal do Livro em S\\u00e3o Paulo no ano 2000, pela editora Madras.\"}]}<\/script>\n<!-- \/ Yoast SEO plugin. -->","_links":{"self":[{"href":"https:\/\/revistavitrineibiuna.com.br\/index.php?rest_route=\/wp\/v2\/posts\/35503"}],"collection":[{"href":"https:\/\/revistavitrineibiuna.com.br\/index.php?rest_route=\/wp\/v2\/posts"}],"about":[{"href":"https:\/\/revistavitrineibiuna.com.br\/index.php?rest_route=\/wp\/v2\/types\/post"}],"author":[{"embeddable":true,"href":"https:\/\/revistavitrineibiuna.com.br\/index.php?rest_route=\/wp\/v2\/users\/1"}],"replies":[{"embeddable":true,"href":"https:\/\/revistavitrineibiuna.com.br\/index.php?rest_route=%2Fwp%2Fv2%2Fcomments&post=35503"}],"version-history":[{"count":2,"href":"https:\/\/revistavitrineibiuna.com.br\/index.php?rest_route=\/wp\/v2\/posts\/35503\/revisions"}],"predecessor-version":[{"id":35511,"href":"https:\/\/revistavitrineibiuna.com.br\/index.php?rest_route=\/wp\/v2\/posts\/35503\/revisions\/35511"}],"wp:featuredmedia":[{"embeddable":true,"href":"https:\/\/revistavitrineibiuna.com.br\/index.php?rest_route=\/wp\/v2\/media\/35504"}],"wp:attachment":[{"href":"https:\/\/revistavitrineibiuna.com.br\/index.php?rest_route=%2Fwp%2Fv2%2Fmedia&parent=35503"}],"wp:term":[{"taxonomy":"category","embeddable":true,"href":"https:\/\/revistavitrineibiuna.com.br\/index.php?rest_route=%2Fwp%2Fv2%2Fcategories&post=35503"},{"taxonomy":"post_tag","embeddable":true,"href":"https:\/\/revistavitrineibiuna.com.br\/index.php?rest_route=%2Fwp%2Fv2%2Ftags&post=35503"}],"curies":[{"name":"wp","href":"https:\/\/api.w.org\/{rel}","templated":true}]}}