{"id":35514,"date":"2026-04-19T06:45:41","date_gmt":"2026-04-19T09:45:41","guid":{"rendered":"http:\/\/revistavitrineibiuna.com.br\/?p=35514"},"modified":"2026-04-19T07:05:27","modified_gmt":"2026-04-19T10:05:27","slug":"ibiuna-vivo-atormenta-assinantes-de-linhas-fixas","status":"publish","type":"post","link":"https:\/\/revistavitrineibiuna.com.br\/?p=35514","title":{"rendered":"IBI\u00daNA &#8211; VIVO ATORMENTA ASSINANTES DE LINHAS FIXAS"},"content":{"rendered":"\n<p>A Vivo \u00e9 propriedade da Telef\u00f3nica, uma gigante espanhola de telecomunica\u00e7\u00f5es. \u00c9 a marca comercial da Telef\u00f4nica Brasil, uma subsidi\u00e1ria do grupo sediado na Espanha, que opera no pa\u00eds desde 1998.<\/p>\n\n\n\n<p>Com seu imenso poder, e certamente um neg\u00f3cio altamente rent\u00e1vel, a Vivo \u00e9 tamb\u00e9m uma das campe\u00e3s de reclama\u00e7\u00f5es dos consumidores no Procon, como vem acontecendo no munic\u00edpio de Ibi\u00fana, de modo vergonhoso, atormentando seus clientes.<\/p>\n\n\n\n<p>A TVUNA gravou programa que deve ir ao ar em breve mostrando o abuso que a Vivo vem cometendo contra propriet\u00e1rios de linhas telef\u00f4nicas fixas.<\/p>\n\n\n\n<p>Como a empresa resolveu abandonar esse mercado, substitu\u00eddo pela fibra \u00f3ptica [nada contra a nova tecnologia, obviamente], simplesmente decidiu n\u00e3o mais fazer manuten\u00e7\u00e3o das linhas fixas, deixando-as mudas, mas cobrando regularmente a mensalidade, que atesta no m\u00ednimo uma irresponsabilidade: cobrar por servi\u00e7os contratados e n\u00e3o prestados.<\/p>\n\n\n\n<p>Muitos propriet\u00e1rios de telefones fixos acabam desistindo de fazer valer seus direitos e simplesmente abandonam as linhas. A Vivo tem apostado no cansa\u00e7o dos consumidores e, h\u00e1 casos em que oferece uma tal portabilidade, ou seja: voc\u00ea faz a assinatura com uma empresa de fibra \u00f3ptica, como a Ibiunet, pode usar o mesmo n\u00famero do telefone fixo, s\u00f3 que este passa a funcionar por sinal de internet. E voc\u00ea passa a pagar \u00e0 prestadora de servi\u00e7o de fibra \u00f3ptica.<\/p>\n\n\n\n<p>A reportagem da TVUNA vai orientar as pessoas que se encontram nessa situa\u00e7\u00e3o a que defendam seus direitos leg\u00edtimos por meio do &nbsp;Procon e, em seguida, ingressem na justi\u00e7a, no Juizado das Pequenas Causas, conforme o caso.<\/p>\n\n\n\n<p>Agora veja o absurdo da atitude unilateral da famigerada Vivo, que, ali\u00e1s, n\u00e3o oferece sinal adequado a v\u00e1rias regi\u00f5es de Ibi\u00fana. E o caso \u00e9 rigorosamente real.<\/p>\n\n\n\n<p>H\u00e1 mais de trinta anos, um cidad\u00e3o morador no bairro da Cachoeira comprou uma linha fixa, tendo &nbsp;que pagar um alto valor em d\u00f3lares na \u00e9poca em ainda n\u00e3o havia celulares num momento de orgia e de lucros excepcionais nos chamados balc\u00f5es de telefone. At\u00e9 a\u00ed&nbsp; nada tem a ver com a Vivo, que \u00e9 sucessora da Telef\u00f4nica, que \u00e9 sucessora da Telesp, que foi privatizada.<\/p>\n\n\n\n<p>Muito bem! Para instalar a linha de telefone no bairro da Cachoeira a Telesp exigiu que o consumidor comprasse 6 quil\u00f4metros de cabos telef\u00f4nicos, o que foi feito e pago.<\/p>\n\n\n\n<p>Agora, simplesmente \u201cnada menos que eso\u201d, a decis\u00e3o unilateral da Vivo despreza o consumidor em seus direitos elementares.<\/p>\n\n\n\n<p>E como se isso n\u00e3o bastasse, voc\u00ea recorre diversas vezes \u00e0 Ouvidoria da Telef\u00f4nica, que \u00e9 a \u00faltima inst\u00e2ncia dentro de uma empresa, para reivindicar seus direitos, mas acaba recebendo a mesma resposta que a empresa resolveu mudar o metal dos cabos telef\u00f4nicos e que n\u00e3o h\u00e1 como restabelecer sua linha fixa com mais de trinta anos.<\/p>\n\n\n\n<p>No entanto, fazem promessa de que enviar\u00e3o uma equipe t\u00e9cnica que marca dia e hor\u00e1rio da chamada \u201cvisita t\u00e9cnica\u201d, v\u00e1rias vezes e n\u00e3o v\u00eam, simplesmente \u00e9 isso que est\u00e3o fazendo, isso uma empresa gigantesca!<\/p>\n\n\n\n<p>Soube indo ao Procon que h\u00e1 in\u00fameras queixas contra a Vivo que, como uma&nbsp; empresa capitalista est\u00e1 tendo seu momento selvagem contra antigos assinantes do seu servi\u00e7o.<\/p>\n\n\n\n<p>Defenda seus direitos! Pe\u00e7a orienta\u00e7\u00e3o ao Procon! (C.R.)<\/p>\n","protected":false},"excerpt":{"rendered":"<p>A Vivo \u00e9 propriedade da Telef\u00f3nica, uma gigante espanhola de telecomunica\u00e7\u00f5es. \u00c9 a marca comercial da Telef\u00f4nica Brasil, uma subsidi\u00e1ria<\/p>\n","protected":false},"author":1,"featured_media":35515,"comment_status":"open","ping_status":"open","sticky":false,"template":"","format":"standard","meta":[],"categories":[1],"tags":[],"yoast_head":"<!-- This site is optimized with the Yoast SEO plugin v15.8 - https:\/\/yoast.com\/wordpress\/plugins\/seo\/ -->\n<title>IBI\u00daNA - VIVO ATORMENTA ASSINANTES DE LINHAS FIXAS - Revista Vitrine Online<\/title>\n<meta name=\"robots\" content=\"index, follow, max-snippet:-1, max-image-preview:large, max-video-preview:-1\" \/>\n<link rel=\"canonical\" href=\"http:\/\/revistavitrineibiuna.com.br\/?p=35514\" \/>\n<meta property=\"og:locale\" content=\"pt_BR\" \/>\n<meta property=\"og:type\" content=\"article\" \/>\n<meta property=\"og:title\" content=\"IBI\u00daNA - VIVO ATORMENTA ASSINANTES DE LINHAS FIXAS - Revista Vitrine Online\" \/>\n<meta property=\"og:description\" content=\"A Vivo \u00e9 propriedade da Telef\u00f3nica, uma gigante espanhola de telecomunica\u00e7\u00f5es. \u00c9 a marca comercial da Telef\u00f4nica Brasil, uma subsidi\u00e1ria\" \/>\n<meta property=\"og:url\" content=\"http:\/\/revistavitrineibiuna.com.br\/?p=35514\" \/>\n<meta property=\"og:site_name\" content=\"Revista Vitrine Online\" \/>\n<meta property=\"article:published_time\" content=\"2026-04-19T09:45:41+00:00\" \/>\n<meta property=\"article:modified_time\" content=\"2026-04-19T10:05:27+00:00\" \/>\n<meta property=\"og:image\" content=\"https:\/\/revistavitrineibiuna.com.br\/wp-content\/uploads\/2026\/04\/vivo-unilateral.png\" \/>\n\t<meta property=\"og:image:width\" content=\"1594\" \/>\n\t<meta property=\"og:image:height\" content=\"1053\" \/>\n<meta name=\"twitter:card\" content=\"summary\" \/>\n<meta name=\"twitter:label1\" content=\"Est. reading time\">\n\t<meta name=\"twitter:data1\" content=\"3 minutos\">\n<script type=\"application\/ld+json\" class=\"yoast-schema-graph\">{\"@context\":\"https:\/\/schema.org\",\"@graph\":[{\"@type\":\"WebSite\",\"@id\":\"https:\/\/revistavitrineibiuna.com.br\/#website\",\"url\":\"https:\/\/revistavitrineibiuna.com.br\/\",\"name\":\"Revista Vitrine Ibi\\u00fana\",\"description\":\"A Revista de Ibi\\u00fana e Regi\\u00e3o\",\"publisher\":{\"@id\":\"https:\/\/revistavitrineibiuna.com.br\/#\/schema\/person\/e51ef49d6d88170ea21ceabff3f73deb\"},\"potentialAction\":[{\"@type\":\"SearchAction\",\"target\":\"https:\/\/revistavitrineibiuna.com.br\/?s={search_term_string}\",\"query-input\":\"required name=search_term_string\"}],\"inLanguage\":\"pt-BR\"},{\"@type\":\"ImageObject\",\"@id\":\"http:\/\/revistavitrineibiuna.com.br\/?p=35514#primaryimage\",\"inLanguage\":\"pt-BR\",\"url\":\"https:\/\/revistavitrineibiuna.com.br\/wp-content\/uploads\/2026\/04\/vivo-unilateral.png\",\"width\":1594,\"height\":1053},{\"@type\":\"WebPage\",\"@id\":\"http:\/\/revistavitrineibiuna.com.br\/?p=35514#webpage\",\"url\":\"http:\/\/revistavitrineibiuna.com.br\/?p=35514\",\"name\":\"IBI\\u00daNA - VIVO ATORMENTA ASSINANTES DE LINHAS FIXAS - Revista Vitrine Online\",\"isPartOf\":{\"@id\":\"https:\/\/revistavitrineibiuna.com.br\/#website\"},\"primaryImageOfPage\":{\"@id\":\"http:\/\/revistavitrineibiuna.com.br\/?p=35514#primaryimage\"},\"datePublished\":\"2026-04-19T09:45:41+00:00\",\"dateModified\":\"2026-04-19T10:05:27+00:00\",\"breadcrumb\":{\"@id\":\"http:\/\/revistavitrineibiuna.com.br\/?p=35514#breadcrumb\"},\"inLanguage\":\"pt-BR\",\"potentialAction\":[{\"@type\":\"ReadAction\",\"target\":[\"http:\/\/revistavitrineibiuna.com.br\/?p=35514\"]}]},{\"@type\":\"BreadcrumbList\",\"@id\":\"http:\/\/revistavitrineibiuna.com.br\/?p=35514#breadcrumb\",\"itemListElement\":[{\"@type\":\"ListItem\",\"position\":1,\"item\":{\"@type\":\"WebPage\",\"@id\":\"https:\/\/revistavitrineibiuna.com.br\/\",\"url\":\"https:\/\/revistavitrineibiuna.com.br\/\",\"name\":\"In\\u00edcio\"}},{\"@type\":\"ListItem\",\"position\":2,\"item\":{\"@type\":\"WebPage\",\"@id\":\"http:\/\/revistavitrineibiuna.com.br\/?p=35514\",\"url\":\"http:\/\/revistavitrineibiuna.com.br\/?p=35514\",\"name\":\"IBI\\u00daNA &#8211; VIVO ATORMENTA ASSINANTES DE LINHAS FIXAS\"}}]},{\"@type\":\"Article\",\"@id\":\"http:\/\/revistavitrineibiuna.com.br\/?p=35514#article\",\"isPartOf\":{\"@id\":\"http:\/\/revistavitrineibiuna.com.br\/?p=35514#webpage\"},\"author\":{\"@id\":\"https:\/\/revistavitrineibiuna.com.br\/#\/schema\/person\/e51ef49d6d88170ea21ceabff3f73deb\"},\"headline\":\"IBI\\u00daNA &#8211; VIVO ATORMENTA ASSINANTES DE LINHAS FIXAS\",\"datePublished\":\"2026-04-19T09:45:41+00:00\",\"dateModified\":\"2026-04-19T10:05:27+00:00\",\"mainEntityOfPage\":{\"@id\":\"http:\/\/revistavitrineibiuna.com.br\/?p=35514#webpage\"},\"commentCount\":0,\"publisher\":{\"@id\":\"https:\/\/revistavitrineibiuna.com.br\/#\/schema\/person\/e51ef49d6d88170ea21ceabff3f73deb\"},\"image\":{\"@id\":\"http:\/\/revistavitrineibiuna.com.br\/?p=35514#primaryimage\"},\"articleSection\":\"Uncategorized\",\"inLanguage\":\"pt-BR\",\"potentialAction\":[{\"@type\":\"CommentAction\",\"name\":\"Comment\",\"target\":[\"http:\/\/revistavitrineibiuna.com.br\/?p=35514#respond\"]}]},{\"@type\":[\"Person\",\"Organization\"],\"@id\":\"https:\/\/revistavitrineibiuna.com.br\/#\/schema\/person\/e51ef49d6d88170ea21ceabff3f73deb\",\"name\":\"Carlos Rossini\",\"image\":{\"@type\":\"ImageObject\",\"@id\":\"https:\/\/revistavitrineibiuna.com.br\/#personlogo\",\"inLanguage\":\"pt-BR\",\"url\":\"https:\/\/secure.gravatar.com\/avatar\/4f2d0f99fac1f85c7d643f21f5c8d900?s=96&d=mm&r=g\",\"caption\":\"Carlos Rossini\"},\"logo\":{\"@id\":\"https:\/\/revistavitrineibiuna.com.br\/#personlogo\"},\"description\":\"Carlos Rossini \\u00e9 jornalista, soci\\u00f3logo, escritor e professor universit\\u00e1rio, tendo sido professor de jornalismo por vinte anos. Trabalhou em ve\\u00edculos de comunica\\u00e7\\u00e3o nas fun\\u00e7\\u00f5es de rep\\u00f3rter, redator, editor, articulista e colaborador, como Folha de S. Paulo, O Estado de S. Paulo, Di\\u00e1rio Popular, entre outros. Ao transferir a revista vitrine, vers\\u00e3o imprensa, de S\\u00e3o Paulo para Ibi\\u00fana h\\u00e1 alguns anos, iniciou uma nova experi\\u00eancia profissional, dedicando-se ao jornalismo regional, depois de cumprir uma trajet\\u00f3ria bem-sucedida na grande imprensa brasileira. Seu primeiro livro A Coragem de Comunicar foi lan\\u00e7ado na Bienal do Livro em S\\u00e3o Paulo no ano 2000, pela editora Madras.\"}]}<\/script>\n<!-- \/ Yoast SEO plugin. -->","_links":{"self":[{"href":"https:\/\/revistavitrineibiuna.com.br\/index.php?rest_route=\/wp\/v2\/posts\/35514"}],"collection":[{"href":"https:\/\/revistavitrineibiuna.com.br\/index.php?rest_route=\/wp\/v2\/posts"}],"about":[{"href":"https:\/\/revistavitrineibiuna.com.br\/index.php?rest_route=\/wp\/v2\/types\/post"}],"author":[{"embeddable":true,"href":"https:\/\/revistavitrineibiuna.com.br\/index.php?rest_route=\/wp\/v2\/users\/1"}],"replies":[{"embeddable":true,"href":"https:\/\/revistavitrineibiuna.com.br\/index.php?rest_route=%2Fwp%2Fv2%2Fcomments&post=35514"}],"version-history":[{"count":5,"href":"https:\/\/revistavitrineibiuna.com.br\/index.php?rest_route=\/wp\/v2\/posts\/35514\/revisions"}],"predecessor-version":[{"id":35521,"href":"https:\/\/revistavitrineibiuna.com.br\/index.php?rest_route=\/wp\/v2\/posts\/35514\/revisions\/35521"}],"wp:featuredmedia":[{"embeddable":true,"href":"https:\/\/revistavitrineibiuna.com.br\/index.php?rest_route=\/wp\/v2\/media\/35515"}],"wp:attachment":[{"href":"https:\/\/revistavitrineibiuna.com.br\/index.php?rest_route=%2Fwp%2Fv2%2Fmedia&parent=35514"}],"wp:term":[{"taxonomy":"category","embeddable":true,"href":"https:\/\/revistavitrineibiuna.com.br\/index.php?rest_route=%2Fwp%2Fv2%2Fcategories&post=35514"},{"taxonomy":"post_tag","embeddable":true,"href":"https:\/\/revistavitrineibiuna.com.br\/index.php?rest_route=%2Fwp%2Fv2%2Ftags&post=35514"}],"curies":[{"name":"wp","href":"https:\/\/api.w.org\/{rel}","templated":true}]}}