{"id":35522,"date":"2026-04-19T19:34:39","date_gmt":"2026-04-19T22:34:39","guid":{"rendered":"http:\/\/revistavitrineibiuna.com.br\/?p=35522"},"modified":"2026-04-19T19:46:59","modified_gmt":"2026-04-19T22:46:59","slug":"depois-do-granizo-o-que-vai-ser-de-nois-agora","status":"publish","type":"post","link":"https:\/\/revistavitrineibiuna.com.br\/?p=35522","title":{"rendered":"DEPOIS DO GRANIZO \u2013 \u201cO QUE VAI SER DE N\u00d3IS, AGORA?\u201d"},"content":{"rendered":"\n<p class=\"has-drop-cap\"><strong>A forte chuva de granizo que caiu na tarde deste s\u00e1bado (18) sobre o munic\u00edpio de Ibi\u00fana causou s\u00e9rios danos: 1. mais de 100 resid\u00eancias no bairro do Paruru tiveram seus telhados de Brasilit danificados pelas pedras de gelo; 2. planta\u00e7\u00f5es de hortali\u00e7as foram destru\u00eddas, em algumas houve perda total da produ\u00e7\u00e3o.<\/strong><\/p>\n\n\n\n<p><strong>Felizmente, n\u00e3o houve nenhuma pessoa ferida e tampouco pessoas precisaram se proteger na creche do bairro inaugurada recentemente e colocada \u00e0 disposi\u00e7\u00e3o pela prefeitura como abrigo emergencial.<\/strong><\/p>\n\n\n\n<p><strong>A prefeitura escalou equipes de v\u00e1rios setores que se deslocaram para o bairro e trabalharam durante a madrugada para dar assist\u00eancia aos moradores das casas atingidas, levando cobertores, cestas b\u00e1sicas, lonas para tapar os telhados, cobertores, kit de higiene.<\/strong><\/p>\n\n\n\n<p><strong>O presidente da Cetril, N\u00e9lio Leite, disse a vitrine online que \u201cgra\u00e7as a Deus a rede\u201d de energia el\u00e9trica da empresa n\u00e3o foi afetada pela forte chuva de pedras.<\/strong><\/p>\n\n\n\n<p><strong>\u201cO QUE SER\u00c1 DE N\u00d3S?\u201d<\/strong><\/p>\n\n\n\n<figure class=\"wp-block-image size-large\"><img loading=\"lazy\" width=\"712\" height=\"491\" src=\"http:\/\/revistavitrineibiuna.com.br\/wp-content\/uploads\/2026\/04\/novo-granizo-2.png\" alt=\"\" class=\"wp-image-35526\" srcset=\"https:\/\/revistavitrineibiuna.com.br\/wp-content\/uploads\/2026\/04\/novo-granizo-2.png 712w, https:\/\/revistavitrineibiuna.com.br\/wp-content\/uploads\/2026\/04\/novo-granizo-2-300x207.png 300w, https:\/\/revistavitrineibiuna.com.br\/wp-content\/uploads\/2026\/04\/novo-granizo-2-130x90.png 130w\" sizes=\"(max-width: 712px) 100vw, 712px\" \/><figcaption>Toda produ\u00e7\u00e3o de alface foi perdida no bairro dos Dias<\/figcaption><\/figure>\n\n\n\n<figure class=\"wp-block-image size-large\"><img loading=\"lazy\" width=\"720\" height=\"788\" src=\"http:\/\/revistavitrineibiuna.com.br\/wp-content\/uploads\/2026\/04\/novo-granizo-6.png\" alt=\"\" class=\"wp-image-35528\" srcset=\"https:\/\/revistavitrineibiuna.com.br\/wp-content\/uploads\/2026\/04\/novo-granizo-6.png 720w, https:\/\/revistavitrineibiuna.com.br\/wp-content\/uploads\/2026\/04\/novo-granizo-6-274x300.png 274w\" sizes=\"(max-width: 720px) 100vw, 720px\" \/><figcaption>Imagem captada do v\u00eddeo enviado pela irm\u00e3 do agricultor<\/figcaption><\/figure>\n\n\n\n<figure class=\"wp-block-image size-large\"><img loading=\"lazy\" width=\"716\" height=\"548\" src=\"http:\/\/revistavitrineibiuna.com.br\/wp-content\/uploads\/2026\/04\/novo-granizo-3.png\" alt=\"\" class=\"wp-image-35532\" srcset=\"https:\/\/revistavitrineibiuna.com.br\/wp-content\/uploads\/2026\/04\/novo-granizo-3.png 716w, https:\/\/revistavitrineibiuna.com.br\/wp-content\/uploads\/2026\/04\/novo-granizo-3-300x230.png 300w\" sizes=\"(max-width: 716px) 100vw, 716px\" \/><figcaption>Tristeza: toda a planta\u00e7\u00e3o foi destru\u00edda pelo granizo<\/figcaption><\/figure>\n\n\n\n<p><strong>\u201cO que ser\u00e1 de n\u00f3is, agora?\u201d \u2013 perguntou um produtor no bairro dos Dias que viu toda a sua produ\u00e7\u00e3o de alface crespa e americana completamente destru\u00edda. \u201cTudo o que trabalhamos durante meses se desfez em segundos\u201d, disse a irm\u00e3 do produtor.<\/strong><\/p>\n\n\n\n<p><strong>A for\u00e7a do vento e da queda do granizo danificou tamb\u00e9m a rede de irriga\u00e7\u00e3o e o dep\u00f3sito de adubos cujos sacos ficaram molhados. \u201cPerdi minha&nbsp; ro\u00e7a inteira\u201d, lamentou.<\/strong><\/p>\n\n\n\n<p><strong>Vitrine online perguntou ao agricultor o que ele espera das autoridades governamentais, a fim de que possa se recuperar e come\u00e7ar de novo do zero. Ele declarou:<\/strong><\/p>\n\n\n\n<p><strong>&#8212; A gente precisa que o governo crie um plano de custeio emergencial que nos ofere\u00e7a um cr\u00e9dito de dois anos, com juros baixos. S\u00f3 assim poderemos plantar de novo.<\/strong><\/p>\n\n\n\n<p><strong>A prop\u00f3sito, neste domingo (19), a Secretaria da Agricultura Municipal divulgou uma nota oficial em que, coincidentemente, informa que a prefeitura j\u00e1 est\u00e1 realizando o levantamento dos danos e que far\u00e1 uma articula\u00e7\u00e3o com \u00f3rg\u00e3os dos governo estadual e federal para \u201cviabilizar o apoio neste momento\u201d.<\/strong><\/p>\n\n\n\n<p><strong>A nota pede que os produtores que tiveram perdas que entrem em contato pelo WhatsApp (15) 3241-2410, enviando, se poss\u00edvel, fotos e v\u00eddeos dos danos em suas propriedades.<\/strong><\/p>\n\n\n\n<figure class=\"wp-block-image size-large\"><img loading=\"lazy\" width=\"715\" height=\"797\" src=\"http:\/\/revistavitrineibiuna.com.br\/wp-content\/uploads\/2026\/04\/novo-granizo-7.png\" alt=\"\" class=\"wp-image-35535\" srcset=\"https:\/\/revistavitrineibiuna.com.br\/wp-content\/uploads\/2026\/04\/novo-granizo-7.png 715w, https:\/\/revistavitrineibiuna.com.br\/wp-content\/uploads\/2026\/04\/novo-granizo-7-269x300.png 269w\" sizes=\"(max-width: 715px) 100vw, 715px\" \/><figcaption>Telhado de Brasilit n\u00e3o resistiu \u00e0s pedras de gelo: mais de 100 casas foram danificadas no Paruru<\/figcaption><\/figure>\n\n\n\n<figure class=\"wp-block-image size-large\"><img loading=\"lazy\" width=\"713\" height=\"873\" src=\"http:\/\/revistavitrineibiuna.com.br\/wp-content\/uploads\/2026\/04\/novo-granizo4.png\" alt=\"\" class=\"wp-image-35537\" srcset=\"https:\/\/revistavitrineibiuna.com.br\/wp-content\/uploads\/2026\/04\/novo-granizo4.png 713w, https:\/\/revistavitrineibiuna.com.br\/wp-content\/uploads\/2026\/04\/novo-granizo4-245x300.png 245w\" sizes=\"(max-width: 713px) 100vw, 713px\" \/><figcaption>Na emerg\u00eancia, o esfor\u00e7o se concentrou em cobrir os  telhados com lonas<\/figcaption><\/figure>\n\n\n\n<p><strong>VOLUNT\u00c1RIOS<\/strong><\/p>\n\n\n\n<p><strong>A presidente do Fundo Social, Roberta Castanho, que esteve no local e se instalou em uma das casas atingidas pelo granizo, informou que a prefeitura levou o que dispunha no momento [cobertores, cestas b\u00e1sicas, lonas, kits de higiene] para dar atendimento emergencial.<\/strong><\/p>\n\n\n\n<p><strong>Informou ainda que a municipalidade pedir\u00e1 ajuda humanit\u00e1ria ao governo estadual para contar com mais recursos para amparar centenas de pessoas que sofreram com os danos causados pela chuva de pedras.<\/strong><\/p>\n\n\n\n<p><strong>A primeira dama do munic\u00edpio fez um chamamento de volunt\u00e1rios, moradores ou n\u00e3o no bairro do Paruru, para que se inscrevam para ajudar a colocar lonas nos telhados que sofreram perfura\u00e7\u00f5es e, posteriormente, para substituir as pe\u00e7as de brasilit por uma telha mais resistente.<\/strong><\/p>\n\n\n\n<p><strong>O trabalho da equipe da prefeitura foi intenso durante todas as \u00faltimas horas.<\/strong><\/p>\n\n\n\n<p><strong>TELHADOS FR\u00c1GEIS<\/strong><\/p>\n\n\n\n<p><strong>Em um comunicado, o secret\u00e1rio da Seguran\u00e7a do Munic\u00edpio, Erik Silva, informou que mais de 100 casas sofreram danos em seus telhados Brasilit, que segundo apuramos dever\u00e3o ser substitu\u00eddos por telhas Eternit.<\/strong><\/p>\n\n\n\n<p><strong>A principal difeten\u00e7a entre telhas Brasilit e Eternit est\u00e1 na tecnologia de fabrica\u00e7\u00e3o que usa um sistema visando repelir a \u00e1gua das chuvas, enquanto a caracter\u00edstica da Eternit \u00e9 a resist\u00eancia. As telhas, no entanto, s\u00e3o fabricadas com fibrocimento (sem amianto).<\/strong><\/p>\n\n\n\n<p><strong>VENDAVAL AVASSALADOR<\/strong><\/p>\n\n\n\n<p><strong>O maior vendaval com chuva de granizo ocorreu em Ibi\u00fana em 1846. A for\u00e7a da intemp\u00e9rie foi t\u00e3o intensa que danificou seriamente a torre da Igreja Matriz de Nossa Senhora das Dores, quando o pr\u00e9dio da igreja teve que passar por uma reforma, lembra o historiador Jos\u00e9 Gomes Linense.<\/strong><\/p>\n\n\n\n<p><strong>\u00c1rvores, pontes, casas comerciais e resid\u00eancias tamb\u00e9m sofreram danos. Ao lado da igreja, seis homens n\u00e3o conseguiram fechar a porta de uma casa por conta do vendaval.<\/strong><\/p>\n\n\n\n<p><strong>Coincidentemente em um abril, no dia 2 de abril de 2016, houve um temporal severo com granizo em Ibi\u00fana, tendo havido lugares em que o ac\u00famulo de pedras chegou a 30 cm. Tamb\u00e9m provocou grandes preju\u00edzos \u00e0 agricultura e bloqueou estradas.<\/strong><\/p>\n\n\n\n<p><strong>Segundo apuramos, devido \u00e0 altitude de Ibi\u00fana, em torno de 996 metros do n\u00edvel do mar, isso a torna propensa a epis\u00f3dios de temporais de granizo.<\/strong><\/p>\n","protected":false},"excerpt":{"rendered":"<p>A forte chuva de granizo que caiu na tarde deste s\u00e1bado (18) sobre o munic\u00edpio de Ibi\u00fana causou s\u00e9rios danos:<\/p>\n","protected":false},"author":1,"featured_media":35523,"comment_status":"open","ping_status":"open","sticky":false,"template":"","format":"standard","meta":[],"categories":[3],"tags":[],"yoast_head":"<!-- This site is optimized with the Yoast SEO plugin v15.8 - https:\/\/yoast.com\/wordpress\/plugins\/seo\/ -->\n<title>DEPOIS DO GRANIZO \u2013 \u201cO QUE VAI SER DE N\u00d3IS, AGORA?\u201d - Revista Vitrine Online<\/title>\n<meta name=\"robots\" content=\"index, follow, max-snippet:-1, max-image-preview:large, max-video-preview:-1\" \/>\n<link rel=\"canonical\" href=\"http:\/\/revistavitrineibiuna.com.br\/?p=35522\" \/>\n<meta property=\"og:locale\" content=\"pt_BR\" \/>\n<meta property=\"og:type\" content=\"article\" \/>\n<meta property=\"og:title\" content=\"DEPOIS DO GRANIZO \u2013 \u201cO QUE VAI SER DE N\u00d3IS, AGORA?\u201d - Revista Vitrine Online\" \/>\n<meta property=\"og:description\" content=\"A forte chuva de granizo que caiu na tarde deste s\u00e1bado (18) sobre o munic\u00edpio de Ibi\u00fana causou s\u00e9rios danos:\" \/>\n<meta property=\"og:url\" content=\"http:\/\/revistavitrineibiuna.com.br\/?p=35522\" \/>\n<meta property=\"og:site_name\" content=\"Revista Vitrine Online\" \/>\n<meta property=\"article:published_time\" content=\"2026-04-19T22:34:39+00:00\" \/>\n<meta property=\"article:modified_time\" content=\"2026-04-19T22:46:59+00:00\" \/>\n<meta property=\"og:image\" content=\"https:\/\/revistavitrineibiuna.com.br\/wp-content\/uploads\/2026\/04\/novo-granizo-1-1024x576.png\" \/>\n\t<meta property=\"og:image:width\" content=\"1024\" \/>\n\t<meta property=\"og:image:height\" content=\"576\" \/>\n<meta name=\"twitter:card\" content=\"summary\" \/>\n<meta name=\"twitter:label1\" content=\"Est. reading time\">\n\t<meta name=\"twitter:data1\" content=\"5 minutos\">\n<script type=\"application\/ld+json\" class=\"yoast-schema-graph\">{\"@context\":\"https:\/\/schema.org\",\"@graph\":[{\"@type\":\"WebSite\",\"@id\":\"https:\/\/revistavitrineibiuna.com.br\/#website\",\"url\":\"https:\/\/revistavitrineibiuna.com.br\/\",\"name\":\"Revista Vitrine Ibi\\u00fana\",\"description\":\"A Revista de Ibi\\u00fana e Regi\\u00e3o\",\"publisher\":{\"@id\":\"https:\/\/revistavitrineibiuna.com.br\/#\/schema\/person\/e51ef49d6d88170ea21ceabff3f73deb\"},\"potentialAction\":[{\"@type\":\"SearchAction\",\"target\":\"https:\/\/revistavitrineibiuna.com.br\/?s={search_term_string}\",\"query-input\":\"required name=search_term_string\"}],\"inLanguage\":\"pt-BR\"},{\"@type\":\"ImageObject\",\"@id\":\"http:\/\/revistavitrineibiuna.com.br\/?p=35522#primaryimage\",\"inLanguage\":\"pt-BR\",\"url\":\"https:\/\/revistavitrineibiuna.com.br\/wp-content\/uploads\/2026\/04\/novo-granizo-1.png\",\"width\":1472,\"height\":828},{\"@type\":\"WebPage\",\"@id\":\"http:\/\/revistavitrineibiuna.com.br\/?p=35522#webpage\",\"url\":\"http:\/\/revistavitrineibiuna.com.br\/?p=35522\",\"name\":\"DEPOIS DO GRANIZO \\u2013 \\u201cO QUE VAI SER DE N\\u00d3IS, AGORA?\\u201d - Revista Vitrine Online\",\"isPartOf\":{\"@id\":\"https:\/\/revistavitrineibiuna.com.br\/#website\"},\"primaryImageOfPage\":{\"@id\":\"http:\/\/revistavitrineibiuna.com.br\/?p=35522#primaryimage\"},\"datePublished\":\"2026-04-19T22:34:39+00:00\",\"dateModified\":\"2026-04-19T22:46:59+00:00\",\"breadcrumb\":{\"@id\":\"http:\/\/revistavitrineibiuna.com.br\/?p=35522#breadcrumb\"},\"inLanguage\":\"pt-BR\",\"potentialAction\":[{\"@type\":\"ReadAction\",\"target\":[\"http:\/\/revistavitrineibiuna.com.br\/?p=35522\"]}]},{\"@type\":\"BreadcrumbList\",\"@id\":\"http:\/\/revistavitrineibiuna.com.br\/?p=35522#breadcrumb\",\"itemListElement\":[{\"@type\":\"ListItem\",\"position\":1,\"item\":{\"@type\":\"WebPage\",\"@id\":\"https:\/\/revistavitrineibiuna.com.br\/\",\"url\":\"https:\/\/revistavitrineibiuna.com.br\/\",\"name\":\"In\\u00edcio\"}},{\"@type\":\"ListItem\",\"position\":2,\"item\":{\"@type\":\"WebPage\",\"@id\":\"http:\/\/revistavitrineibiuna.com.br\/?p=35522\",\"url\":\"http:\/\/revistavitrineibiuna.com.br\/?p=35522\",\"name\":\"DEPOIS DO GRANIZO \\u2013 \\u201cO QUE VAI SER DE N\\u00d3IS, AGORA?\\u201d\"}}]},{\"@type\":\"Article\",\"@id\":\"http:\/\/revistavitrineibiuna.com.br\/?p=35522#article\",\"isPartOf\":{\"@id\":\"http:\/\/revistavitrineibiuna.com.br\/?p=35522#webpage\"},\"author\":{\"@id\":\"https:\/\/revistavitrineibiuna.com.br\/#\/schema\/person\/e51ef49d6d88170ea21ceabff3f73deb\"},\"headline\":\"DEPOIS DO GRANIZO \\u2013 \\u201cO QUE VAI SER DE N\\u00d3IS, AGORA?\\u201d\",\"datePublished\":\"2026-04-19T22:34:39+00:00\",\"dateModified\":\"2026-04-19T22:46:59+00:00\",\"mainEntityOfPage\":{\"@id\":\"http:\/\/revistavitrineibiuna.com.br\/?p=35522#webpage\"},\"commentCount\":0,\"publisher\":{\"@id\":\"https:\/\/revistavitrineibiuna.com.br\/#\/schema\/person\/e51ef49d6d88170ea21ceabff3f73deb\"},\"image\":{\"@id\":\"http:\/\/revistavitrineibiuna.com.br\/?p=35522#primaryimage\"},\"articleSection\":\"Not\\u00edcias\",\"inLanguage\":\"pt-BR\",\"potentialAction\":[{\"@type\":\"CommentAction\",\"name\":\"Comment\",\"target\":[\"http:\/\/revistavitrineibiuna.com.br\/?p=35522#respond\"]}]},{\"@type\":[\"Person\",\"Organization\"],\"@id\":\"https:\/\/revistavitrineibiuna.com.br\/#\/schema\/person\/e51ef49d6d88170ea21ceabff3f73deb\",\"name\":\"Carlos Rossini\",\"image\":{\"@type\":\"ImageObject\",\"@id\":\"https:\/\/revistavitrineibiuna.com.br\/#personlogo\",\"inLanguage\":\"pt-BR\",\"url\":\"https:\/\/secure.gravatar.com\/avatar\/4f2d0f99fac1f85c7d643f21f5c8d900?s=96&d=mm&r=g\",\"caption\":\"Carlos Rossini\"},\"logo\":{\"@id\":\"https:\/\/revistavitrineibiuna.com.br\/#personlogo\"},\"description\":\"Carlos Rossini \\u00e9 jornalista, soci\\u00f3logo, escritor e professor universit\\u00e1rio, tendo sido professor de jornalismo por vinte anos. Trabalhou em ve\\u00edculos de comunica\\u00e7\\u00e3o nas fun\\u00e7\\u00f5es de rep\\u00f3rter, redator, editor, articulista e colaborador, como Folha de S. Paulo, O Estado de S. Paulo, Di\\u00e1rio Popular, entre outros. Ao transferir a revista vitrine, vers\\u00e3o imprensa, de S\\u00e3o Paulo para Ibi\\u00fana h\\u00e1 alguns anos, iniciou uma nova experi\\u00eancia profissional, dedicando-se ao jornalismo regional, depois de cumprir uma trajet\\u00f3ria bem-sucedida na grande imprensa brasileira. Seu primeiro livro A Coragem de Comunicar foi lan\\u00e7ado na Bienal do Livro em S\\u00e3o Paulo no ano 2000, pela editora Madras.\"}]}<\/script>\n<!-- \/ Yoast SEO plugin. -->","_links":{"self":[{"href":"https:\/\/revistavitrineibiuna.com.br\/index.php?rest_route=\/wp\/v2\/posts\/35522"}],"collection":[{"href":"https:\/\/revistavitrineibiuna.com.br\/index.php?rest_route=\/wp\/v2\/posts"}],"about":[{"href":"https:\/\/revistavitrineibiuna.com.br\/index.php?rest_route=\/wp\/v2\/types\/post"}],"author":[{"embeddable":true,"href":"https:\/\/revistavitrineibiuna.com.br\/index.php?rest_route=\/wp\/v2\/users\/1"}],"replies":[{"embeddable":true,"href":"https:\/\/revistavitrineibiuna.com.br\/index.php?rest_route=%2Fwp%2Fv2%2Fcomments&post=35522"}],"version-history":[{"count":9,"href":"https:\/\/revistavitrineibiuna.com.br\/index.php?rest_route=\/wp\/v2\/posts\/35522\/revisions"}],"predecessor-version":[{"id":35543,"href":"https:\/\/revistavitrineibiuna.com.br\/index.php?rest_route=\/wp\/v2\/posts\/35522\/revisions\/35543"}],"wp:featuredmedia":[{"embeddable":true,"href":"https:\/\/revistavitrineibiuna.com.br\/index.php?rest_route=\/wp\/v2\/media\/35523"}],"wp:attachment":[{"href":"https:\/\/revistavitrineibiuna.com.br\/index.php?rest_route=%2Fwp%2Fv2%2Fmedia&parent=35522"}],"wp:term":[{"taxonomy":"category","embeddable":true,"href":"https:\/\/revistavitrineibiuna.com.br\/index.php?rest_route=%2Fwp%2Fv2%2Fcategories&post=35522"},{"taxonomy":"post_tag","embeddable":true,"href":"https:\/\/revistavitrineibiuna.com.br\/index.php?rest_route=%2Fwp%2Fv2%2Ftags&post=35522"}],"curies":[{"name":"wp","href":"https:\/\/api.w.org\/{rel}","templated":true}]}}