{"id":35544,"date":"2026-04-20T03:20:17","date_gmt":"2026-04-20T06:20:17","guid":{"rendered":"http:\/\/revistavitrineibiuna.com.br\/?p=35544"},"modified":"2026-04-20T03:23:13","modified_gmt":"2026-04-20T06:23:13","slug":"alem-do-granizo-devastador-a-estrada-esta-pessima","status":"publish","type":"post","link":"https:\/\/revistavitrineibiuna.com.br\/?p=35544","title":{"rendered":"AL\u00c9M DO GRANIZO DEVASTADOR, A ESTRADA EST\u00c1 P\u00c9SSIMA"},"content":{"rendered":"\n<p class=\"has-drop-cap\"><strong>N\u00e3o basta perder a planta\u00e7\u00e3o para uma forte chuva de granizo que caiu sobre Ibi\u00fana na tarde do \u00faltimo s\u00e1bado (18) para saber o quanto \u00e9 dura a vida dos produtores agr\u00edcolas, especialmente os pequenos e familiares.<\/strong><\/p>\n\n\n\n<p><strong>Durante todo o ano, eles enfrentam cr\u00f4nicos problemas da situa\u00e7\u00e3o prec\u00e1ria das estradas para sa\u00edrem com suas mercadorias.<\/strong><\/p>\n\n\n\n<p><strong>Na regi\u00e3o do bairro dos Dias, conforme noticiamos ontem (19), fortemente afetada pelas pedras de gelo, chegando a destruir toda a produ\u00e7\u00e3o de hortali\u00e7as, a Estrada Jos\u00e9 Dias de Oliveira, se encontra em p\u00e9ssima condi\u00e7\u00e3o de uso.<\/strong><\/p>\n\n\n\n<p><strong>&#8212; Ela n\u00e3o recebe manuten\u00e7\u00e3o h\u00e1 mais de um ano \u2013 informaram moradores na regi\u00e3o.<\/strong><\/p>\n\n\n\n<p><strong>A condi\u00e7\u00e3o das estradas rurais no munic\u00edpio de Ibi\u00fana, n\u00e3o \u00e9 surpresa para ningu\u00e9m, \u00e9 um dos grandes problemas que afetam diretamente a economia do munic\u00edpio fortemente agr\u00edcola, sendo um dos maiores produtores de hortali\u00e7as do estado.<\/strong><\/p>\n\n\n\n<p><strong>Por meio de nota oficial, a Secretaria da Agricultura de Ibi\u00fana, cujo titular \u00e9 o produtor de org\u00e2nicos Reginaldo Antonio, anunciou medidas visando viabilizar a oferta de cr\u00e9dito subsidiado para os&nbsp; produtores que sofreram danos em suas planta\u00e7\u00f5es.<\/strong><\/p>\n\n\n\n<p><strong>Da mesma forma, \u00e9 preciso que a Secretaria de Obras, liderada pela arquiteta Priscila Ferrer, promova uma for\u00e7a tarefa para melhorar as condi\u00e7\u00f5es das estradas em situa\u00e7\u00f5es mais prec\u00e1rias, como \u00e9 o caso da Jos\u00e9 Dias de Oliveira, reveladas por imagens enviadas pelos leitores de vitrine online.<\/strong><\/p>\n\n\n\n<figure class=\"wp-block-image size-large\"><img loading=\"lazy\" width=\"668\" height=\"428\" src=\"http:\/\/revistavitrineibiuna.com.br\/wp-content\/uploads\/2026\/04\/estradado-dia-4.png\" alt=\"\" class=\"wp-image-35548\" srcset=\"https:\/\/revistavitrineibiuna.com.br\/wp-content\/uploads\/2026\/04\/estradado-dia-4.png 668w, https:\/\/revistavitrineibiuna.com.br\/wp-content\/uploads\/2026\/04\/estradado-dia-4-300x192.png 300w\" sizes=\"(max-width: 668px) 100vw, 668px\" \/><\/figure>\n\n\n\n<figure class=\"wp-block-image size-large\"><img loading=\"lazy\" width=\"718\" height=\"467\" src=\"http:\/\/revistavitrineibiuna.com.br\/wp-content\/uploads\/2026\/04\/Estrada-no-Dias-1.png\" alt=\"\" class=\"wp-image-35549\" srcset=\"https:\/\/revistavitrineibiuna.com.br\/wp-content\/uploads\/2026\/04\/Estrada-no-Dias-1.png 718w, https:\/\/revistavitrineibiuna.com.br\/wp-content\/uploads\/2026\/04\/Estrada-no-Dias-1-300x195.png 300w\" sizes=\"(max-width: 718px) 100vw, 718px\" \/><\/figure>\n\n\n\n<figure class=\"wp-block-image size-large\"><img loading=\"lazy\" width=\"728\" height=\"484\" src=\"http:\/\/revistavitrineibiuna.com.br\/wp-content\/uploads\/2026\/04\/Estrada-do-Dias2.png\" alt=\"\" class=\"wp-image-35550\" srcset=\"https:\/\/revistavitrineibiuna.com.br\/wp-content\/uploads\/2026\/04\/Estrada-do-Dias2.png 728w, https:\/\/revistavitrineibiuna.com.br\/wp-content\/uploads\/2026\/04\/Estrada-do-Dias2-300x199.png 300w\" sizes=\"(max-width: 728px) 100vw, 728px\" \/><figcaption>Recebemos tamb\u00e9m alguns v\u00eddeos enviados por leitores e o pedido de n\u00e3o serem identificados na mat\u00e9ria<\/figcaption><\/figure>\n","protected":false},"excerpt":{"rendered":"<p>N\u00e3o basta perder a planta\u00e7\u00e3o para uma forte chuva de granizo que caiu sobre Ibi\u00fana na tarde do \u00faltimo s\u00e1bado<\/p>\n","protected":false},"author":1,"featured_media":35545,"comment_status":"open","ping_status":"open","sticky":false,"template":"","format":"standard","meta":[],"categories":[3],"tags":[],"yoast_head":"<!-- This site is optimized with the Yoast SEO plugin v15.8 - https:\/\/yoast.com\/wordpress\/plugins\/seo\/ -->\n<title>AL\u00c9M DO GRANIZO DEVASTADOR, A ESTRADA EST\u00c1 P\u00c9SSIMA - Revista Vitrine Online<\/title>\n<meta name=\"robots\" content=\"index, follow, max-snippet:-1, max-image-preview:large, max-video-preview:-1\" \/>\n<link rel=\"canonical\" href=\"http:\/\/revistavitrineibiuna.com.br\/?p=35544\" \/>\n<meta property=\"og:locale\" content=\"pt_BR\" \/>\n<meta property=\"og:type\" content=\"article\" \/>\n<meta property=\"og:title\" content=\"AL\u00c9M DO GRANIZO DEVASTADOR, A ESTRADA EST\u00c1 P\u00c9SSIMA - Revista Vitrine Online\" \/>\n<meta property=\"og:description\" content=\"N\u00e3o basta perder a planta\u00e7\u00e3o para uma forte chuva de granizo que caiu sobre Ibi\u00fana na tarde do \u00faltimo s\u00e1bado\" \/>\n<meta property=\"og:url\" content=\"http:\/\/revistavitrineibiuna.com.br\/?p=35544\" \/>\n<meta property=\"og:site_name\" content=\"Revista Vitrine Online\" \/>\n<meta property=\"article:published_time\" content=\"2026-04-20T06:20:17+00:00\" \/>\n<meta property=\"article:modified_time\" content=\"2026-04-20T06:23:13+00:00\" \/>\n<meta property=\"og:image\" content=\"https:\/\/revistavitrineibiuna.com.br\/wp-content\/uploads\/2026\/04\/Estradado-Dias-3.png\" \/>\n\t<meta property=\"og:image:width\" content=\"676\" \/>\n\t<meta property=\"og:image:height\" content=\"454\" \/>\n<meta name=\"twitter:card\" content=\"summary\" \/>\n<meta name=\"twitter:label1\" content=\"Est. reading time\">\n\t<meta name=\"twitter:data1\" content=\"2 minutos\">\n<script type=\"application\/ld+json\" class=\"yoast-schema-graph\">{\"@context\":\"https:\/\/schema.org\",\"@graph\":[{\"@type\":\"WebSite\",\"@id\":\"https:\/\/revistavitrineibiuna.com.br\/#website\",\"url\":\"https:\/\/revistavitrineibiuna.com.br\/\",\"name\":\"Revista Vitrine Ibi\\u00fana\",\"description\":\"A Revista de Ibi\\u00fana e Regi\\u00e3o\",\"publisher\":{\"@id\":\"https:\/\/revistavitrineibiuna.com.br\/#\/schema\/person\/e51ef49d6d88170ea21ceabff3f73deb\"},\"potentialAction\":[{\"@type\":\"SearchAction\",\"target\":\"https:\/\/revistavitrineibiuna.com.br\/?s={search_term_string}\",\"query-input\":\"required name=search_term_string\"}],\"inLanguage\":\"pt-BR\"},{\"@type\":\"ImageObject\",\"@id\":\"http:\/\/revistavitrineibiuna.com.br\/?p=35544#primaryimage\",\"inLanguage\":\"pt-BR\",\"url\":\"https:\/\/revistavitrineibiuna.com.br\/wp-content\/uploads\/2026\/04\/Estradado-Dias-3.png\",\"width\":676,\"height\":454},{\"@type\":\"WebPage\",\"@id\":\"http:\/\/revistavitrineibiuna.com.br\/?p=35544#webpage\",\"url\":\"http:\/\/revistavitrineibiuna.com.br\/?p=35544\",\"name\":\"AL\\u00c9M DO GRANIZO DEVASTADOR, A ESTRADA EST\\u00c1 P\\u00c9SSIMA - Revista Vitrine Online\",\"isPartOf\":{\"@id\":\"https:\/\/revistavitrineibiuna.com.br\/#website\"},\"primaryImageOfPage\":{\"@id\":\"http:\/\/revistavitrineibiuna.com.br\/?p=35544#primaryimage\"},\"datePublished\":\"2026-04-20T06:20:17+00:00\",\"dateModified\":\"2026-04-20T06:23:13+00:00\",\"breadcrumb\":{\"@id\":\"http:\/\/revistavitrineibiuna.com.br\/?p=35544#breadcrumb\"},\"inLanguage\":\"pt-BR\",\"potentialAction\":[{\"@type\":\"ReadAction\",\"target\":[\"http:\/\/revistavitrineibiuna.com.br\/?p=35544\"]}]},{\"@type\":\"BreadcrumbList\",\"@id\":\"http:\/\/revistavitrineibiuna.com.br\/?p=35544#breadcrumb\",\"itemListElement\":[{\"@type\":\"ListItem\",\"position\":1,\"item\":{\"@type\":\"WebPage\",\"@id\":\"https:\/\/revistavitrineibiuna.com.br\/\",\"url\":\"https:\/\/revistavitrineibiuna.com.br\/\",\"name\":\"In\\u00edcio\"}},{\"@type\":\"ListItem\",\"position\":2,\"item\":{\"@type\":\"WebPage\",\"@id\":\"http:\/\/revistavitrineibiuna.com.br\/?p=35544\",\"url\":\"http:\/\/revistavitrineibiuna.com.br\/?p=35544\",\"name\":\"AL\\u00c9M DO GRANIZO DEVASTADOR, A ESTRADA EST\\u00c1 P\\u00c9SSIMA\"}}]},{\"@type\":\"Article\",\"@id\":\"http:\/\/revistavitrineibiuna.com.br\/?p=35544#article\",\"isPartOf\":{\"@id\":\"http:\/\/revistavitrineibiuna.com.br\/?p=35544#webpage\"},\"author\":{\"@id\":\"https:\/\/revistavitrineibiuna.com.br\/#\/schema\/person\/e51ef49d6d88170ea21ceabff3f73deb\"},\"headline\":\"AL\\u00c9M DO GRANIZO DEVASTADOR, A ESTRADA EST\\u00c1 P\\u00c9SSIMA\",\"datePublished\":\"2026-04-20T06:20:17+00:00\",\"dateModified\":\"2026-04-20T06:23:13+00:00\",\"mainEntityOfPage\":{\"@id\":\"http:\/\/revistavitrineibiuna.com.br\/?p=35544#webpage\"},\"commentCount\":0,\"publisher\":{\"@id\":\"https:\/\/revistavitrineibiuna.com.br\/#\/schema\/person\/e51ef49d6d88170ea21ceabff3f73deb\"},\"image\":{\"@id\":\"http:\/\/revistavitrineibiuna.com.br\/?p=35544#primaryimage\"},\"articleSection\":\"Not\\u00edcias\",\"inLanguage\":\"pt-BR\",\"potentialAction\":[{\"@type\":\"CommentAction\",\"name\":\"Comment\",\"target\":[\"http:\/\/revistavitrineibiuna.com.br\/?p=35544#respond\"]}]},{\"@type\":[\"Person\",\"Organization\"],\"@id\":\"https:\/\/revistavitrineibiuna.com.br\/#\/schema\/person\/e51ef49d6d88170ea21ceabff3f73deb\",\"name\":\"Carlos Rossini\",\"image\":{\"@type\":\"ImageObject\",\"@id\":\"https:\/\/revistavitrineibiuna.com.br\/#personlogo\",\"inLanguage\":\"pt-BR\",\"url\":\"https:\/\/secure.gravatar.com\/avatar\/4f2d0f99fac1f85c7d643f21f5c8d900?s=96&d=mm&r=g\",\"caption\":\"Carlos Rossini\"},\"logo\":{\"@id\":\"https:\/\/revistavitrineibiuna.com.br\/#personlogo\"},\"description\":\"Carlos Rossini \\u00e9 jornalista, soci\\u00f3logo, escritor e professor universit\\u00e1rio, tendo sido professor de jornalismo por vinte anos. Trabalhou em ve\\u00edculos de comunica\\u00e7\\u00e3o nas fun\\u00e7\\u00f5es de rep\\u00f3rter, redator, editor, articulista e colaborador, como Folha de S. Paulo, O Estado de S. Paulo, Di\\u00e1rio Popular, entre outros. Ao transferir a revista vitrine, vers\\u00e3o imprensa, de S\\u00e3o Paulo para Ibi\\u00fana h\\u00e1 alguns anos, iniciou uma nova experi\\u00eancia profissional, dedicando-se ao jornalismo regional, depois de cumprir uma trajet\\u00f3ria bem-sucedida na grande imprensa brasileira. Seu primeiro livro A Coragem de Comunicar foi lan\\u00e7ado na Bienal do Livro em S\\u00e3o Paulo no ano 2000, pela editora Madras.\"}]}<\/script>\n<!-- \/ Yoast SEO plugin. -->","_links":{"self":[{"href":"https:\/\/revistavitrineibiuna.com.br\/index.php?rest_route=\/wp\/v2\/posts\/35544"}],"collection":[{"href":"https:\/\/revistavitrineibiuna.com.br\/index.php?rest_route=\/wp\/v2\/posts"}],"about":[{"href":"https:\/\/revistavitrineibiuna.com.br\/index.php?rest_route=\/wp\/v2\/types\/post"}],"author":[{"embeddable":true,"href":"https:\/\/revistavitrineibiuna.com.br\/index.php?rest_route=\/wp\/v2\/users\/1"}],"replies":[{"embeddable":true,"href":"https:\/\/revistavitrineibiuna.com.br\/index.php?rest_route=%2Fwp%2Fv2%2Fcomments&post=35544"}],"version-history":[{"count":2,"href":"https:\/\/revistavitrineibiuna.com.br\/index.php?rest_route=\/wp\/v2\/posts\/35544\/revisions"}],"predecessor-version":[{"id":35551,"href":"https:\/\/revistavitrineibiuna.com.br\/index.php?rest_route=\/wp\/v2\/posts\/35544\/revisions\/35551"}],"wp:featuredmedia":[{"embeddable":true,"href":"https:\/\/revistavitrineibiuna.com.br\/index.php?rest_route=\/wp\/v2\/media\/35545"}],"wp:attachment":[{"href":"https:\/\/revistavitrineibiuna.com.br\/index.php?rest_route=%2Fwp%2Fv2%2Fmedia&parent=35544"}],"wp:term":[{"taxonomy":"category","embeddable":true,"href":"https:\/\/revistavitrineibiuna.com.br\/index.php?rest_route=%2Fwp%2Fv2%2Fcategories&post=35544"},{"taxonomy":"post_tag","embeddable":true,"href":"https:\/\/revistavitrineibiuna.com.br\/index.php?rest_route=%2Fwp%2Fv2%2Ftags&post=35544"}],"curies":[{"name":"wp","href":"https:\/\/api.w.org\/{rel}","templated":true}]}}