{"id":35552,"date":"2026-04-21T01:21:40","date_gmt":"2026-04-21T04:21:40","guid":{"rendered":"http:\/\/revistavitrineibiuna.com.br\/?p=35552"},"modified":"2026-04-21T01:43:24","modified_gmt":"2026-04-21T04:43:24","slug":"depois-da-chuva-a-solidariedade-e-a-licao-de-humildade","status":"publish","type":"post","link":"https:\/\/revistavitrineibiuna.com.br\/?p=35552","title":{"rendered":"DEPOIS DA CHUVA, A SOLIDARIEDADE E A LI\u00c7\u00c3O DE HUMILDADE"},"content":{"rendered":"\n<p class=\"has-drop-cap\"><strong>O distrito do Paruru, no munic\u00edpio de Ibi\u00fana, foi o lugar mais afetado pela intensa chuva de granizo e vendaval que assolou a regi\u00e3o de Sorocaba na tarde e noitinha do \u00faltimo s\u00e1bado (18).<\/strong><\/p>\n\n\n\n<p><strong>Mais de cem casas cobertas com telhas tipo Brasilit tiveram seus interiores e m\u00f3veis invadidos pelas \u00e1guas por conta dos buracos abertos em seus tetos pelas pedras de gelo.<\/strong><\/p>\n\n\n\n<p><strong>&#8212; Tudo aconteceu muito de repente e molhou tudo dentro de casa, disse uma moradora ouvida pela TVUNA.<\/strong><\/p>\n\n\n\n<p><strong>Esse foi o lado ruim de um epis\u00f3dio atmosf\u00e9rico. O lado bom foi que a equipe do atual governo municipal pode exercitar uma forte experi\u00eancia de solidariedade.<\/strong><\/p>\n\n\n\n<p><strong>Agiram r\u00e1pido, levando o que havia dispon\u00edvel para acudir as fam\u00edlias atingidas: \u00e1gua, cestas b\u00e1sicas, kits de higiene, cobertores, colch\u00f5es, lonas de pl\u00e1sticos, telhas.<\/strong><\/p>\n\n\n\n<p><strong>Os trabalhos de apoio prosseguem porque as necessidades de cada fam\u00edlia t\u00eam algo comum, mas tamb\u00e9m algumas peculiaridades, que requerem agilidade e a\u00e7\u00f5es espec\u00edficas. Um exemplo: em algumas casas n\u00e3o era s\u00f3 a telha o problema, mas tamb\u00e9m fr\u00e1gil madeiramento de sustenta\u00e7\u00e3o.<\/strong><\/p>\n\n\n\n<p><strong>Isto posto, vamos ao n\u00facleo das inten\u00e7\u00f5es destas linhas.<\/strong><\/p>\n\n\n\n<p><strong>Essa foi a maior experi\u00eancia de um ato de solidariedade do atual governo, que exigiu intensas movimenta\u00e7\u00f5es de pessoas e objetos de combate aos danos sofridos. E, se estivermos fazendo a aposta certa, uma li\u00e7\u00e3o de humildade para os administradores da cidade.<\/strong><\/p>\n\n\n\n<p><strong>A palavra humildade em sua raiz latina significa aquele que est\u00e1 perto do solo. Trata-se de uma indica\u00e7\u00e3o de mod\u00e9stia e aus\u00eancia de soberba. Assim como o h\u00famus (mat\u00e9ria org\u00e2nica no solo) fertiliza a terra, a humildade \u00e9 vista como a base que torna a exist\u00eancia f\u00e9rtil e virtuosa.<\/strong><\/p>\n\n\n\n<p><strong>E isso tem muito a ver com telhas fr\u00e1geis perfuradas, \u00e1guas agitadas pelo vento penetrando no interior das casas e tornando a vida um palco de desconforto e agita\u00e7\u00e3o emocional.<\/strong><\/p>\n\n\n\n<p><strong>Bem, o pr\u00f3ximo passo \u00e9 relacionar a raiz da palavra h\u00famus ao conceito de humano, de que se origina. Portanto, a mobiliza\u00e7\u00e3o da equipe da prefeitura e de volunt\u00e1rios que se juntaram \u00e0 causa foi \u2013 e est\u00e1 sendo \u2013 uma li\u00e7\u00e3o de vida e de suas conting\u00eancias para todos.<\/strong><\/p>\n\n\n\n<p><strong>Quando a chuva desabou sobre a cidade no s\u00e1bado, o prefeito se encontrava em Bras\u00edlia, fazendo um curso de gest\u00e3o p\u00fablica, buscando aprimorar sua vis\u00e3o administrativa.<\/strong><\/p>\n\n\n\n<p><strong>Mas nesta segunda-feira (21) quando retornou \u00e0 cidade, pegou sua moto e foi percorrer as casas atingidas para ter uma dimens\u00e3o das medidas necess\u00e1rias a serem tomadas para que a normalidade seja retomada na vida de mais de seiscentas pessoas.<\/strong><\/p>\n\n\n\n<p><strong>Talvez essa chuva de pedras inesperada e assustadora tenha o seu lado ben\u00e9fico ao provocar por meio de cenas expl\u00edcitas de solidariedade o despertar do indispens\u00e1vel esp\u00edrito de equipe dedicado ao trabalho pelo bem comum, que no fundo diz respeito sempre a quest\u00f5es humanas. (Carlos Rossini \u00e9 diretor da TVUNA e editor de vitrine online)<\/strong><\/p>\n","protected":false},"excerpt":{"rendered":"<p>O distrito do Paruru, no munic\u00edpio de Ibi\u00fana, foi o lugar mais afetado pela intensa chuva de granizo e vendaval<\/p>\n","protected":false},"author":1,"featured_media":35553,"comment_status":"open","ping_status":"open","sticky":false,"template":"","format":"standard","meta":[],"categories":[3],"tags":[],"yoast_head":"<!-- This site is optimized with the Yoast SEO plugin v15.8 - https:\/\/yoast.com\/wordpress\/plugins\/seo\/ -->\n<title>DEPOIS DA CHUVA, A SOLIDARIEDADE E A LI\u00c7\u00c3O DE HUMILDADE - Revista Vitrine Online<\/title>\n<meta name=\"robots\" content=\"index, follow, max-snippet:-1, max-image-preview:large, max-video-preview:-1\" \/>\n<link rel=\"canonical\" href=\"https:\/\/revistavitrineibiuna.com.br\/?p=35552\" \/>\n<meta property=\"og:locale\" content=\"pt_BR\" \/>\n<meta property=\"og:type\" content=\"article\" \/>\n<meta property=\"og:title\" content=\"DEPOIS DA CHUVA, A SOLIDARIEDADE E A LI\u00c7\u00c3O DE HUMILDADE - Revista Vitrine Online\" \/>\n<meta property=\"og:description\" content=\"O distrito do Paruru, no munic\u00edpio de Ibi\u00fana, foi o lugar mais afetado pela intensa chuva de granizo e vendaval\" \/>\n<meta property=\"og:url\" content=\"https:\/\/revistavitrineibiuna.com.br\/?p=35552\" \/>\n<meta property=\"og:site_name\" content=\"Revista Vitrine Online\" \/>\n<meta property=\"article:published_time\" content=\"2026-04-21T04:21:40+00:00\" \/>\n<meta property=\"article:modified_time\" content=\"2026-04-21T04:43:24+00:00\" \/>\n<meta property=\"og:image\" content=\"https:\/\/revistavitrineibiuna.com.br\/wp-content\/uploads\/2026\/04\/roupas-para-secar.png\" \/>\n\t<meta property=\"og:image:width\" content=\"595\" \/>\n\t<meta property=\"og:image:height\" content=\"386\" \/>\n<meta name=\"twitter:card\" content=\"summary\" \/>\n<meta name=\"twitter:label1\" content=\"Est. reading time\">\n\t<meta name=\"twitter:data1\" content=\"3 minutos\">\n<script type=\"application\/ld+json\" class=\"yoast-schema-graph\">{\"@context\":\"https:\/\/schema.org\",\"@graph\":[{\"@type\":\"WebSite\",\"@id\":\"https:\/\/revistavitrineibiuna.com.br\/#website\",\"url\":\"https:\/\/revistavitrineibiuna.com.br\/\",\"name\":\"Revista Vitrine Ibi\\u00fana\",\"description\":\"A Revista de Ibi\\u00fana e Regi\\u00e3o\",\"publisher\":{\"@id\":\"https:\/\/revistavitrineibiuna.com.br\/#\/schema\/person\/e51ef49d6d88170ea21ceabff3f73deb\"},\"potentialAction\":[{\"@type\":\"SearchAction\",\"target\":\"https:\/\/revistavitrineibiuna.com.br\/?s={search_term_string}\",\"query-input\":\"required name=search_term_string\"}],\"inLanguage\":\"pt-BR\"},{\"@type\":\"ImageObject\",\"@id\":\"https:\/\/revistavitrineibiuna.com.br\/?p=35552#primaryimage\",\"inLanguage\":\"pt-BR\",\"url\":\"https:\/\/revistavitrineibiuna.com.br\/wp-content\/uploads\/2026\/04\/roupas-para-secar.png\",\"width\":595,\"height\":386},{\"@type\":\"WebPage\",\"@id\":\"https:\/\/revistavitrineibiuna.com.br\/?p=35552#webpage\",\"url\":\"https:\/\/revistavitrineibiuna.com.br\/?p=35552\",\"name\":\"DEPOIS DA CHUVA, A SOLIDARIEDADE E A LI\\u00c7\\u00c3O DE HUMILDADE - Revista Vitrine Online\",\"isPartOf\":{\"@id\":\"https:\/\/revistavitrineibiuna.com.br\/#website\"},\"primaryImageOfPage\":{\"@id\":\"https:\/\/revistavitrineibiuna.com.br\/?p=35552#primaryimage\"},\"datePublished\":\"2026-04-21T04:21:40+00:00\",\"dateModified\":\"2026-04-21T04:43:24+00:00\",\"breadcrumb\":{\"@id\":\"https:\/\/revistavitrineibiuna.com.br\/?p=35552#breadcrumb\"},\"inLanguage\":\"pt-BR\",\"potentialAction\":[{\"@type\":\"ReadAction\",\"target\":[\"https:\/\/revistavitrineibiuna.com.br\/?p=35552\"]}]},{\"@type\":\"BreadcrumbList\",\"@id\":\"https:\/\/revistavitrineibiuna.com.br\/?p=35552#breadcrumb\",\"itemListElement\":[{\"@type\":\"ListItem\",\"position\":1,\"item\":{\"@type\":\"WebPage\",\"@id\":\"https:\/\/revistavitrineibiuna.com.br\/\",\"url\":\"https:\/\/revistavitrineibiuna.com.br\/\",\"name\":\"In\\u00edcio\"}},{\"@type\":\"ListItem\",\"position\":2,\"item\":{\"@type\":\"WebPage\",\"@id\":\"https:\/\/revistavitrineibiuna.com.br\/?p=35552\",\"url\":\"https:\/\/revistavitrineibiuna.com.br\/?p=35552\",\"name\":\"DEPOIS DA CHUVA, A SOLIDARIEDADE E A LI\\u00c7\\u00c3O DE HUMILDADE\"}}]},{\"@type\":\"Article\",\"@id\":\"https:\/\/revistavitrineibiuna.com.br\/?p=35552#article\",\"isPartOf\":{\"@id\":\"https:\/\/revistavitrineibiuna.com.br\/?p=35552#webpage\"},\"author\":{\"@id\":\"https:\/\/revistavitrineibiuna.com.br\/#\/schema\/person\/e51ef49d6d88170ea21ceabff3f73deb\"},\"headline\":\"DEPOIS DA CHUVA, A SOLIDARIEDADE E A LI\\u00c7\\u00c3O DE HUMILDADE\",\"datePublished\":\"2026-04-21T04:21:40+00:00\",\"dateModified\":\"2026-04-21T04:43:24+00:00\",\"mainEntityOfPage\":{\"@id\":\"https:\/\/revistavitrineibiuna.com.br\/?p=35552#webpage\"},\"commentCount\":0,\"publisher\":{\"@id\":\"https:\/\/revistavitrineibiuna.com.br\/#\/schema\/person\/e51ef49d6d88170ea21ceabff3f73deb\"},\"image\":{\"@id\":\"https:\/\/revistavitrineibiuna.com.br\/?p=35552#primaryimage\"},\"articleSection\":\"Not\\u00edcias\",\"inLanguage\":\"pt-BR\",\"potentialAction\":[{\"@type\":\"CommentAction\",\"name\":\"Comment\",\"target\":[\"https:\/\/revistavitrineibiuna.com.br\/?p=35552#respond\"]}]},{\"@type\":[\"Person\",\"Organization\"],\"@id\":\"https:\/\/revistavitrineibiuna.com.br\/#\/schema\/person\/e51ef49d6d88170ea21ceabff3f73deb\",\"name\":\"Carlos Rossini\",\"image\":{\"@type\":\"ImageObject\",\"@id\":\"https:\/\/revistavitrineibiuna.com.br\/#personlogo\",\"inLanguage\":\"pt-BR\",\"url\":\"https:\/\/secure.gravatar.com\/avatar\/4f2d0f99fac1f85c7d643f21f5c8d900?s=96&d=mm&r=g\",\"caption\":\"Carlos Rossini\"},\"logo\":{\"@id\":\"https:\/\/revistavitrineibiuna.com.br\/#personlogo\"},\"description\":\"Carlos Rossini \\u00e9 jornalista, soci\\u00f3logo, escritor e professor universit\\u00e1rio, tendo sido professor de jornalismo por vinte anos. Trabalhou em ve\\u00edculos de comunica\\u00e7\\u00e3o nas fun\\u00e7\\u00f5es de rep\\u00f3rter, redator, editor, articulista e colaborador, como Folha de S. Paulo, O Estado de S. Paulo, Di\\u00e1rio Popular, entre outros. Ao transferir a revista vitrine, vers\\u00e3o imprensa, de S\\u00e3o Paulo para Ibi\\u00fana h\\u00e1 alguns anos, iniciou uma nova experi\\u00eancia profissional, dedicando-se ao jornalismo regional, depois de cumprir uma trajet\\u00f3ria bem-sucedida na grande imprensa brasileira. Seu primeiro livro A Coragem de Comunicar foi lan\\u00e7ado na Bienal do Livro em S\\u00e3o Paulo no ano 2000, pela editora Madras.\"}]}<\/script>\n<!-- \/ Yoast SEO plugin. -->","_links":{"self":[{"href":"https:\/\/revistavitrineibiuna.com.br\/index.php?rest_route=\/wp\/v2\/posts\/35552"}],"collection":[{"href":"https:\/\/revistavitrineibiuna.com.br\/index.php?rest_route=\/wp\/v2\/posts"}],"about":[{"href":"https:\/\/revistavitrineibiuna.com.br\/index.php?rest_route=\/wp\/v2\/types\/post"}],"author":[{"embeddable":true,"href":"https:\/\/revistavitrineibiuna.com.br\/index.php?rest_route=\/wp\/v2\/users\/1"}],"replies":[{"embeddable":true,"href":"https:\/\/revistavitrineibiuna.com.br\/index.php?rest_route=%2Fwp%2Fv2%2Fcomments&post=35552"}],"version-history":[{"count":2,"href":"https:\/\/revistavitrineibiuna.com.br\/index.php?rest_route=\/wp\/v2\/posts\/35552\/revisions"}],"predecessor-version":[{"id":35555,"href":"https:\/\/revistavitrineibiuna.com.br\/index.php?rest_route=\/wp\/v2\/posts\/35552\/revisions\/35555"}],"wp:featuredmedia":[{"embeddable":true,"href":"https:\/\/revistavitrineibiuna.com.br\/index.php?rest_route=\/wp\/v2\/media\/35553"}],"wp:attachment":[{"href":"https:\/\/revistavitrineibiuna.com.br\/index.php?rest_route=%2Fwp%2Fv2%2Fmedia&parent=35552"}],"wp:term":[{"taxonomy":"category","embeddable":true,"href":"https:\/\/revistavitrineibiuna.com.br\/index.php?rest_route=%2Fwp%2Fv2%2Fcategories&post=35552"},{"taxonomy":"post_tag","embeddable":true,"href":"https:\/\/revistavitrineibiuna.com.br\/index.php?rest_route=%2Fwp%2Fv2%2Ftags&post=35552"}],"curies":[{"name":"wp","href":"https:\/\/api.w.org\/{rel}","templated":true}]}}