{"id":35556,"date":"2026-04-21T19:41:57","date_gmt":"2026-04-21T22:41:57","guid":{"rendered":"http:\/\/revistavitrineibiuna.com.br\/?p=35556"},"modified":"2026-04-21T22:15:07","modified_gmt":"2026-04-22T01:15:07","slug":"ibiuna-cuidadora-de-idosos-faz-grave-denuncia-de-atendimento-medico-no-hospital-municipal","status":"publish","type":"post","link":"https:\/\/revistavitrineibiuna.com.br\/?p=35556","title":{"rendered":"IBI\u00daNA \u2013 CUIDADORA DE IDOSOS FAZ GRAVE DEN\u00daNCIA DE ATENDIMENTO M\u00c9DICO NO HOSPITAL MUNICIPAL"},"content":{"rendered":"\n<p class=\"has-drop-cap\"><strong>Roseli Ribeiro \u00e9 cuidadora de idosos em Ibi\u00fana. Ontem (20) levou seu pai, um homem de 83 anos ao Hospital Municipal de Ibi\u00fana para uma troca de sonda vesical.<\/strong><\/p>\n\n\n\n<p><strong>No entanto, a experi\u00eancia vivida durante o atendimento feito por uma m\u00e9dica a deixou horrorizada, a ponto de ela ter feito a seguinte den\u00fancia:<\/strong><\/p>\n\n\n\n<p><strong>&nbsp;\u201cNo hospital [Hospital municipal de Ibi\u00fana] tem uma m\u00e9dica que tem nojo do paciente.\u201d [veja abaixo]<\/strong><\/p>\n\n\n\n<p><strong>Diante da gravidade da den\u00fancia, vitrine online entrou em contado com a nova secret\u00e1ria da Sa\u00fade de Munic\u00edpio, M\u00e1rcia Matos, da qual recebemos um comunicado oficial.<\/strong><\/p>\n\n\n\n<p><strong>No documento, ela informa que &#8220;a Secretaria Municipal de Sa\u00fade \u00a0n\u00e3o compactua, em hip\u00f3tese alguma, com atitudes desrespeitosas ou que contrariem os princ\u00edpios de humaniza\u00e7\u00e3o, \u00e9tica e cuidado com os pacientes\u201d.<\/strong><\/p>\n\n\n\n<p><strong>A nota diz ainda que \u201ccaso sejam confirmadas irregularidades, medidas cab\u00edveis ser\u00e3o adotadas, conforme as normas vigentes\u201d.<\/strong><\/p>\n\n\n\n<p><strong>A DEN\u00daNCIA<\/strong><\/p>\n\n\n\n<p><strong>Eis, na \u00edntegra, a denuncia feita por Roseli Ribeiro publicada nas redes sociais:<\/strong><\/p>\n\n\n\n<p><strong>\u201cGente, povo ibiunese \u00e9 com voc\u00eas quero falar, vcs sabiam que no hospital [<em>Hospital Municipal de Ibi\u00fana<\/em>] tem uma m\u00e9dica que tem nojo do paciente!<\/strong><\/p>\n\n\n\n<p><strong>Ent\u00e3o povo ibiunese ontem (20) levei meu pai pra trocar sonda visical e sem querer caiu um pingo de urina no ch\u00e3o do consult\u00f3rio onde essa m\u00e9dica nojenta estava atendendo, rapidamente ela tocou meu pai pra fora e chamou a equipe de limpeza, meu pai com infec\u00e7\u00e3o de urina ela nem quis pedir exame.<\/strong><\/p>\n\n\n\n<p><strong>Rapidamente fui falar com outra m\u00e9dica ela tamb\u00e9m n\u00e3o quis pedir o exame dizendo que n\u00e3o podia passar por cima da outra m\u00e9dica. M\u00e9dica nojenta tem nojo do paciente, Dra. Solange. Meu pai tem 83 aninhos \u00e9 igual uma crian\u00e7a. Isso doeu em mim como uma facada no meu peito.\u201d<\/strong><\/p>\n\n\n\n<p><strong>A den\u00facia repercutiu e, entre dezenas de coment\u00e1rios , figuram outras queixas contra a m\u00e9dica citada.<\/strong><\/p>\n\n\n\n<figure class=\"wp-block-image size-large\"><img loading=\"lazy\" width=\"713\" height=\"693\" src=\"http:\/\/revistavitrineibiuna.com.br\/wp-content\/uploads\/2026\/04\/Roseli-Ribeiro.png\" alt=\"\" class=\"wp-image-35559\" srcset=\"https:\/\/revistavitrineibiuna.com.br\/wp-content\/uploads\/2026\/04\/Roseli-Ribeiro.png 713w, https:\/\/revistavitrineibiuna.com.br\/wp-content\/uploads\/2026\/04\/Roseli-Ribeiro-300x292.png 300w\" sizes=\"(max-width: 713px) 100vw, 713px\" \/><figcaption>Roseli Ribeiro: &#8220;Doeu como uma facada no meu peito&#8221;<\/figcaption><\/figure>\n\n\n\n<p><strong>MEDIDAS CAB\u00cdVEIS<\/strong><\/p>\n\n\n\n<p><strong>Eis, na \u00edntegra, o comunicado que recebemos da Secretaria da Sa\u00fade:<\/strong><\/p>\n\n\n\n<p><strong>\u201cA Secretaria Municipal de Sa\u00fade informa que n\u00e3o compactua, em hip\u00f3tese alguma, com atitudes desrespeitosas ou que contrariem os princ\u00edpios de humaniza\u00e7\u00e3o, \u00e9tica e cuidado com os pacientes.<\/strong><\/p>\n\n\n\n<p><strong>O relato apresentado ser\u00e1 devidamente apurado com seriedade e responsabilidade. <\/strong><\/p>\n\n\n\n<p><strong>Caso sejam confirmadas as irregularidades, as medidas cab\u00edveis ser\u00e3o adotadas conforme as normas vigentes.<\/strong><\/p>\n\n\n\n<p><strong>Reafirmamos nosso compromisso com um atendimento digno, acolhedor e de qualidade para toda a popula\u00e7\u00e3o.\u201d<\/strong><\/p>\n\n\n\n<p><strong>M\u00c9DICA DO IGATS<\/strong><\/p>\n\n\n\n<p><strong>A m\u00e9dica referida na den\u00fancia feita por Roseli Ribeiro, segundo vitrine online apurou, \u00e9 contratada do Instituto de Gest\u00e3o, Administra\u00e7\u00e3o e Treinamento em Sa\u00fade  &#8211; Igats, que administra o HMI desde 2019.<\/strong><\/p>\n\n\n\n<p><strong>O contrato de presta\u00e7\u00e3o de servi\u00e7o de gest\u00e3o do hospital se encerrou em 2025. Por isso, a Prefeitura abariu uma licita\u00e7\u00e3o para escolha de nova organiza\u00e7\u00e3o.<\/strong><\/p>\n\n\n\n<p><strong>Desclassificado, o Igats entrou com recurso que est\u00e1 sendo examinado pela comiss\u00e3o de licita\u00e7\u00e3o, num complexo processo que j\u00e1 conta com mais de 5.000 p\u00e1ginas. <\/strong><\/p>\n\n\n\n<p><strong>Por for\u00e7a de uma liminar concedida pelo Tribunal de Justi\u00e7a de S\u00e3o Paulo<\/strong> <strong>em setembro de 2025 e renovada em janeiro deste ano, o Igats permanecer\u00e1 administrando  o hospital pelo menos at\u00e9 4 de agosto pr\u00f3ximo.<\/strong><\/p>\n\n\n\n<p>Nota da Reda\u00e7\u00e3o: por um problema t\u00e9cnico, a primeira vers\u00e3o desta not\u00edcia saiu truncada em dois  trechos. Mas, o problema foi corrigido.<\/p>\n","protected":false},"excerpt":{"rendered":"<p>Roseli Ribeiro \u00e9 cuidadora de idosos em Ibi\u00fana. Ontem (20) levou seu pai, um homem de 83 anos ao Hospital<\/p>\n","protected":false},"author":1,"featured_media":35557,"comment_status":"open","ping_status":"open","sticky":false,"template":"","format":"standard","meta":[],"categories":[3],"tags":[],"yoast_head":"<!-- This site is optimized with the Yoast SEO plugin v15.8 - https:\/\/yoast.com\/wordpress\/plugins\/seo\/ -->\n<title>IBI\u00daNA \u2013 CUIDADORA DE IDOSOS FAZ GRAVE DEN\u00daNCIA DE ATENDIMENTO M\u00c9DICO NO HOSPITAL MUNICIPAL - Revista Vitrine Online<\/title>\n<meta name=\"robots\" content=\"index, follow, max-snippet:-1, max-image-preview:large, max-video-preview:-1\" \/>\n<link rel=\"canonical\" href=\"http:\/\/revistavitrineibiuna.com.br\/?p=35556\" \/>\n<meta property=\"og:locale\" content=\"pt_BR\" \/>\n<meta property=\"og:type\" content=\"article\" \/>\n<meta property=\"og:title\" content=\"IBI\u00daNA \u2013 CUIDADORA DE IDOSOS FAZ GRAVE DEN\u00daNCIA DE ATENDIMENTO M\u00c9DICO NO HOSPITAL MUNICIPAL - Revista Vitrine Online\" \/>\n<meta property=\"og:description\" content=\"Roseli Ribeiro \u00e9 cuidadora de idosos em Ibi\u00fana. Ontem (20) levou seu pai, um homem de 83 anos ao Hospital\" \/>\n<meta property=\"og:url\" content=\"http:\/\/revistavitrineibiuna.com.br\/?p=35556\" \/>\n<meta property=\"og:site_name\" content=\"Revista Vitrine Online\" \/>\n<meta property=\"article:published_time\" content=\"2026-04-21T22:41:57+00:00\" \/>\n<meta property=\"article:modified_time\" content=\"2026-04-22T01:15:07+00:00\" \/>\n<meta property=\"og:image\" content=\"https:\/\/revistavitrineibiuna.com.br\/wp-content\/uploads\/2026\/04\/8d869d19-77eb-457c-895e-673a6cf71d68.jpg\" \/>\n\t<meta property=\"og:image:width\" content=\"1600\" \/>\n\t<meta property=\"og:image:height\" content=\"1200\" \/>\n<meta name=\"twitter:card\" content=\"summary\" \/>\n<meta name=\"twitter:label1\" content=\"Est. reading time\">\n\t<meta name=\"twitter:data1\" content=\"3 minutos\">\n<script type=\"application\/ld+json\" class=\"yoast-schema-graph\">{\"@context\":\"https:\/\/schema.org\",\"@graph\":[{\"@type\":\"WebSite\",\"@id\":\"https:\/\/revistavitrineibiuna.com.br\/#website\",\"url\":\"https:\/\/revistavitrineibiuna.com.br\/\",\"name\":\"Revista Vitrine Ibi\\u00fana\",\"description\":\"A Revista de Ibi\\u00fana e Regi\\u00e3o\",\"publisher\":{\"@id\":\"https:\/\/revistavitrineibiuna.com.br\/#\/schema\/person\/e51ef49d6d88170ea21ceabff3f73deb\"},\"potentialAction\":[{\"@type\":\"SearchAction\",\"target\":\"https:\/\/revistavitrineibiuna.com.br\/?s={search_term_string}\",\"query-input\":\"required name=search_term_string\"}],\"inLanguage\":\"pt-BR\"},{\"@type\":\"ImageObject\",\"@id\":\"http:\/\/revistavitrineibiuna.com.br\/?p=35556#primaryimage\",\"inLanguage\":\"pt-BR\",\"url\":\"https:\/\/revistavitrineibiuna.com.br\/wp-content\/uploads\/2026\/04\/8d869d19-77eb-457c-895e-673a6cf71d68.jpg\",\"width\":1600,\"height\":1200},{\"@type\":\"WebPage\",\"@id\":\"http:\/\/revistavitrineibiuna.com.br\/?p=35556#webpage\",\"url\":\"http:\/\/revistavitrineibiuna.com.br\/?p=35556\",\"name\":\"IBI\\u00daNA \\u2013 CUIDADORA DE IDOSOS FAZ GRAVE DEN\\u00daNCIA DE ATENDIMENTO M\\u00c9DICO NO HOSPITAL MUNICIPAL - Revista Vitrine Online\",\"isPartOf\":{\"@id\":\"https:\/\/revistavitrineibiuna.com.br\/#website\"},\"primaryImageOfPage\":{\"@id\":\"http:\/\/revistavitrineibiuna.com.br\/?p=35556#primaryimage\"},\"datePublished\":\"2026-04-21T22:41:57+00:00\",\"dateModified\":\"2026-04-22T01:15:07+00:00\",\"breadcrumb\":{\"@id\":\"http:\/\/revistavitrineibiuna.com.br\/?p=35556#breadcrumb\"},\"inLanguage\":\"pt-BR\",\"potentialAction\":[{\"@type\":\"ReadAction\",\"target\":[\"http:\/\/revistavitrineibiuna.com.br\/?p=35556\"]}]},{\"@type\":\"BreadcrumbList\",\"@id\":\"http:\/\/revistavitrineibiuna.com.br\/?p=35556#breadcrumb\",\"itemListElement\":[{\"@type\":\"ListItem\",\"position\":1,\"item\":{\"@type\":\"WebPage\",\"@id\":\"https:\/\/revistavitrineibiuna.com.br\/\",\"url\":\"https:\/\/revistavitrineibiuna.com.br\/\",\"name\":\"In\\u00edcio\"}},{\"@type\":\"ListItem\",\"position\":2,\"item\":{\"@type\":\"WebPage\",\"@id\":\"http:\/\/revistavitrineibiuna.com.br\/?p=35556\",\"url\":\"http:\/\/revistavitrineibiuna.com.br\/?p=35556\",\"name\":\"IBI\\u00daNA \\u2013 CUIDADORA DE IDOSOS FAZ GRAVE DEN\\u00daNCIA DE ATENDIMENTO M\\u00c9DICO NO HOSPITAL MUNICIPAL\"}}]},{\"@type\":\"Article\",\"@id\":\"http:\/\/revistavitrineibiuna.com.br\/?p=35556#article\",\"isPartOf\":{\"@id\":\"http:\/\/revistavitrineibiuna.com.br\/?p=35556#webpage\"},\"author\":{\"@id\":\"https:\/\/revistavitrineibiuna.com.br\/#\/schema\/person\/e51ef49d6d88170ea21ceabff3f73deb\"},\"headline\":\"IBI\\u00daNA \\u2013 CUIDADORA DE IDOSOS FAZ GRAVE DEN\\u00daNCIA DE ATENDIMENTO M\\u00c9DICO NO HOSPITAL MUNICIPAL\",\"datePublished\":\"2026-04-21T22:41:57+00:00\",\"dateModified\":\"2026-04-22T01:15:07+00:00\",\"mainEntityOfPage\":{\"@id\":\"http:\/\/revistavitrineibiuna.com.br\/?p=35556#webpage\"},\"commentCount\":0,\"publisher\":{\"@id\":\"https:\/\/revistavitrineibiuna.com.br\/#\/schema\/person\/e51ef49d6d88170ea21ceabff3f73deb\"},\"image\":{\"@id\":\"http:\/\/revistavitrineibiuna.com.br\/?p=35556#primaryimage\"},\"articleSection\":\"Not\\u00edcias\",\"inLanguage\":\"pt-BR\",\"potentialAction\":[{\"@type\":\"CommentAction\",\"name\":\"Comment\",\"target\":[\"http:\/\/revistavitrineibiuna.com.br\/?p=35556#respond\"]}]},{\"@type\":[\"Person\",\"Organization\"],\"@id\":\"https:\/\/revistavitrineibiuna.com.br\/#\/schema\/person\/e51ef49d6d88170ea21ceabff3f73deb\",\"name\":\"Carlos Rossini\",\"image\":{\"@type\":\"ImageObject\",\"@id\":\"https:\/\/revistavitrineibiuna.com.br\/#personlogo\",\"inLanguage\":\"pt-BR\",\"url\":\"https:\/\/secure.gravatar.com\/avatar\/4f2d0f99fac1f85c7d643f21f5c8d900?s=96&d=mm&r=g\",\"caption\":\"Carlos Rossini\"},\"logo\":{\"@id\":\"https:\/\/revistavitrineibiuna.com.br\/#personlogo\"},\"description\":\"Carlos Rossini \\u00e9 jornalista, soci\\u00f3logo, escritor e professor universit\\u00e1rio, tendo sido professor de jornalismo por vinte anos. Trabalhou em ve\\u00edculos de comunica\\u00e7\\u00e3o nas fun\\u00e7\\u00f5es de rep\\u00f3rter, redator, editor, articulista e colaborador, como Folha de S. Paulo, O Estado de S. Paulo, Di\\u00e1rio Popular, entre outros. Ao transferir a revista vitrine, vers\\u00e3o imprensa, de S\\u00e3o Paulo para Ibi\\u00fana h\\u00e1 alguns anos, iniciou uma nova experi\\u00eancia profissional, dedicando-se ao jornalismo regional, depois de cumprir uma trajet\\u00f3ria bem-sucedida na grande imprensa brasileira. Seu primeiro livro A Coragem de Comunicar foi lan\\u00e7ado na Bienal do Livro em S\\u00e3o Paulo no ano 2000, pela editora Madras.\"}]}<\/script>\n<!-- \/ Yoast SEO plugin. -->","_links":{"self":[{"href":"https:\/\/revistavitrineibiuna.com.br\/index.php?rest_route=\/wp\/v2\/posts\/35556"}],"collection":[{"href":"https:\/\/revistavitrineibiuna.com.br\/index.php?rest_route=\/wp\/v2\/posts"}],"about":[{"href":"https:\/\/revistavitrineibiuna.com.br\/index.php?rest_route=\/wp\/v2\/types\/post"}],"author":[{"embeddable":true,"href":"https:\/\/revistavitrineibiuna.com.br\/index.php?rest_route=\/wp\/v2\/users\/1"}],"replies":[{"embeddable":true,"href":"https:\/\/revistavitrineibiuna.com.br\/index.php?rest_route=%2Fwp%2Fv2%2Fcomments&post=35556"}],"version-history":[{"count":16,"href":"https:\/\/revistavitrineibiuna.com.br\/index.php?rest_route=\/wp\/v2\/posts\/35556\/revisions"}],"predecessor-version":[{"id":35583,"href":"https:\/\/revistavitrineibiuna.com.br\/index.php?rest_route=\/wp\/v2\/posts\/35556\/revisions\/35583"}],"wp:featuredmedia":[{"embeddable":true,"href":"https:\/\/revistavitrineibiuna.com.br\/index.php?rest_route=\/wp\/v2\/media\/35557"}],"wp:attachment":[{"href":"https:\/\/revistavitrineibiuna.com.br\/index.php?rest_route=%2Fwp%2Fv2%2Fmedia&parent=35556"}],"wp:term":[{"taxonomy":"category","embeddable":true,"href":"https:\/\/revistavitrineibiuna.com.br\/index.php?rest_route=%2Fwp%2Fv2%2Fcategories&post=35556"},{"taxonomy":"post_tag","embeddable":true,"href":"https:\/\/revistavitrineibiuna.com.br\/index.php?rest_route=%2Fwp%2Fv2%2Ftags&post=35556"}],"curies":[{"name":"wp","href":"https:\/\/api.w.org\/{rel}","templated":true}]}}