{"id":35970,"date":"2026-05-25T17:57:30","date_gmt":"2026-05-25T20:57:30","guid":{"rendered":"http:\/\/revistavitrineibiuna.com.br\/?p=35970"},"modified":"2026-05-25T17:57:31","modified_gmt":"2026-05-25T20:57:31","slug":"ibiuna-transicao-da-gestao-do-hospital-do-igats-para-morgan-foi-iniciada-hoje","status":"publish","type":"post","link":"https:\/\/revistavitrineibiuna.com.br\/?p=35970","title":{"rendered":"IBI\u00daNA \u2013 TRANSI\u00c7\u00c3O DA GEST\u00c3O DO HOSPITAL DO IGATS PARA  MORGAN FOI INICIADA HOJE"},"content":{"rendered":"\n<p class=\"has-drop-cap\"><strong>Em clima cordial, tiveram in\u00edcio na tarde de hoje (25) os trabalhos visando \u00e0 transi\u00e7\u00e3o da gest\u00e3o do Hospital Municipal de Ibi\u00fana, em decorr\u00eancia da conclus\u00e3o do Chamamento P\u00fablico n\u00b0 007\/2025.<\/strong><\/p>\n\n\n\n<p><strong>Como se sabe, h\u00e1 uma not\u00f3ria e natural expectativa por parte dos profissionais da sa\u00fade que trabalham no hospital j\u00e1 que uma nova empresa passar\u00e1 a administr\u00e1-lo.<\/strong><\/p>\n\n\n\n<p><strong>O procurador geral da Prefeitura, advogado Leonardo Festa, esclareceu que \u201cos trabalhos est\u00e3o sendo conduzidos pela Comiss\u00e3o institu\u00edda pela Portaria n\u00b0 18.009\/2026, em conjunto com a atual gestora, o IGATS, a entidade vencedora do certame, Instituto Morgan, al\u00e9m de membros da Prefeitura Municipal e do Conselho Municipal de Sa\u00fade\u201d.<\/strong><\/p>\n\n\n\n<p><strong>Houve uma reuni\u00e3o conjunta com todos os membros na sede da Secretaria Municipal de Ind\u00fastria e Com\u00e9rcio para assegurar que a transi\u00e7\u00e3o ocorra de forma tranquila, \u201csem prejudicar a qualidade e a continuidade dos servi\u00e7os de sa\u00fade prestados pelo hospital\u201d.<\/strong><\/p>\n\n\n\n<p><strong>DIREITOS ASSEGURADOS<\/strong><\/p>\n\n\n\n<p><strong>Festa assinalou que \u201cfoi dada especial aten\u00e7\u00e3o \u00e0 situa\u00e7\u00e3o dos colaboradores, sejam eles funcion\u00e1rios do IGATS ou at\u00e9 mesmo de quarteirizadas, com os representantes da Prefeitura expressando o compromisso em fazer valer o direito dos prestadores, com acompanhamento dos atos necess\u00e1rios \u00e0 transi\u00e7\u00e3o sem que haja preju\u00edzo para os colaboradores\u201d.&nbsp;<\/strong><\/p>\n\n\n\n<p><strong>AVISO PR\u00c9VIO<\/strong><\/p>\n\n\n\n<p><strong>Ficou acertada a data limite de 27 de maio de 2026 para notifica\u00e7\u00e3o de aviso pr\u00e9vio. No mesmo prazo, a entidade vencedora disponibilizar\u00e1 equipe de RH para coleta de informa\u00e7\u00f5es, de modo a assegurar os direitos trabalhistas de todos.<\/strong><\/p>\n\n\n\n<p><strong>A pr\u00f3xima reuni\u00e3o, para a continuidade dos trabalhos, se realizar\u00e1 no dia 29 de maio de 2026, pr\u00f3xima sexta-feira.<\/strong><\/p>\n","protected":false},"excerpt":{"rendered":"<p>Em clima cordial, tiveram in\u00edcio na tarde de hoje (25) os trabalhos visando \u00e0 transi\u00e7\u00e3o da gest\u00e3o do Hospital Municipal<\/p>\n","protected":false},"author":1,"featured_media":35971,"comment_status":"open","ping_status":"open","sticky":false,"template":"","format":"standard","meta":[],"categories":[3],"tags":[],"yoast_head":"<!-- This site is optimized with the Yoast SEO plugin v15.8 - https:\/\/yoast.com\/wordpress\/plugins\/seo\/ -->\n<title>IBI\u00daNA \u2013 TRANSI\u00c7\u00c3O DA GEST\u00c3O DO HOSPITAL DO IGATS PARA MORGAN FOI INICIADA HOJE - Revista Vitrine Online<\/title>\n<meta name=\"robots\" content=\"index, follow, max-snippet:-1, max-image-preview:large, max-video-preview:-1\" \/>\n<link rel=\"canonical\" href=\"http:\/\/revistavitrineibiuna.com.br\/?p=35970\" \/>\n<meta property=\"og:locale\" content=\"pt_BR\" \/>\n<meta property=\"og:type\" content=\"article\" \/>\n<meta property=\"og:title\" content=\"IBI\u00daNA \u2013 TRANSI\u00c7\u00c3O DA GEST\u00c3O DO HOSPITAL DO IGATS PARA MORGAN FOI INICIADA HOJE - Revista Vitrine Online\" \/>\n<meta property=\"og:description\" content=\"Em clima cordial, tiveram in\u00edcio na tarde de hoje (25) os trabalhos visando \u00e0 transi\u00e7\u00e3o da gest\u00e3o do Hospital Municipal\" \/>\n<meta property=\"og:url\" content=\"http:\/\/revistavitrineibiuna.com.br\/?p=35970\" \/>\n<meta property=\"og:site_name\" content=\"Revista Vitrine Online\" \/>\n<meta property=\"article:published_time\" content=\"2026-05-25T20:57:30+00:00\" \/>\n<meta property=\"article:modified_time\" content=\"2026-05-25T20:57:31+00:00\" \/>\n<meta property=\"og:image\" content=\"https:\/\/revistavitrineibiuna.com.br\/wp-content\/uploads\/2026\/05\/transicao-da-gestao-do-HMI.png\" \/>\n\t<meta property=\"og:image:width\" content=\"1600\" \/>\n\t<meta property=\"og:image:height\" content=\"1084\" \/>\n<meta name=\"twitter:card\" content=\"summary\" \/>\n<meta name=\"twitter:label1\" content=\"Est. reading time\">\n\t<meta name=\"twitter:data1\" content=\"2 minutos\">\n<script type=\"application\/ld+json\" class=\"yoast-schema-graph\">{\"@context\":\"https:\/\/schema.org\",\"@graph\":[{\"@type\":\"WebSite\",\"@id\":\"https:\/\/revistavitrineibiuna.com.br\/#website\",\"url\":\"https:\/\/revistavitrineibiuna.com.br\/\",\"name\":\"Revista Vitrine Ibi\\u00fana\",\"description\":\"A Revista de Ibi\\u00fana e Regi\\u00e3o\",\"publisher\":{\"@id\":\"https:\/\/revistavitrineibiuna.com.br\/#\/schema\/person\/e51ef49d6d88170ea21ceabff3f73deb\"},\"potentialAction\":[{\"@type\":\"SearchAction\",\"target\":\"https:\/\/revistavitrineibiuna.com.br\/?s={search_term_string}\",\"query-input\":\"required name=search_term_string\"}],\"inLanguage\":\"pt-BR\"},{\"@type\":\"ImageObject\",\"@id\":\"http:\/\/revistavitrineibiuna.com.br\/?p=35970#primaryimage\",\"inLanguage\":\"pt-BR\",\"url\":\"https:\/\/revistavitrineibiuna.com.br\/wp-content\/uploads\/2026\/05\/transicao-da-gestao-do-HMI.png\",\"width\":1600,\"height\":1084},{\"@type\":\"WebPage\",\"@id\":\"http:\/\/revistavitrineibiuna.com.br\/?p=35970#webpage\",\"url\":\"http:\/\/revistavitrineibiuna.com.br\/?p=35970\",\"name\":\"IBI\\u00daNA \\u2013 TRANSI\\u00c7\\u00c3O DA GEST\\u00c3O DO HOSPITAL DO IGATS PARA MORGAN FOI INICIADA HOJE - Revista Vitrine Online\",\"isPartOf\":{\"@id\":\"https:\/\/revistavitrineibiuna.com.br\/#website\"},\"primaryImageOfPage\":{\"@id\":\"http:\/\/revistavitrineibiuna.com.br\/?p=35970#primaryimage\"},\"datePublished\":\"2026-05-25T20:57:30+00:00\",\"dateModified\":\"2026-05-25T20:57:31+00:00\",\"breadcrumb\":{\"@id\":\"http:\/\/revistavitrineibiuna.com.br\/?p=35970#breadcrumb\"},\"inLanguage\":\"pt-BR\",\"potentialAction\":[{\"@type\":\"ReadAction\",\"target\":[\"http:\/\/revistavitrineibiuna.com.br\/?p=35970\"]}]},{\"@type\":\"BreadcrumbList\",\"@id\":\"http:\/\/revistavitrineibiuna.com.br\/?p=35970#breadcrumb\",\"itemListElement\":[{\"@type\":\"ListItem\",\"position\":1,\"item\":{\"@type\":\"WebPage\",\"@id\":\"https:\/\/revistavitrineibiuna.com.br\/\",\"url\":\"https:\/\/revistavitrineibiuna.com.br\/\",\"name\":\"In\\u00edcio\"}},{\"@type\":\"ListItem\",\"position\":2,\"item\":{\"@type\":\"WebPage\",\"@id\":\"http:\/\/revistavitrineibiuna.com.br\/?p=35970\",\"url\":\"http:\/\/revistavitrineibiuna.com.br\/?p=35970\",\"name\":\"IBI\\u00daNA \\u2013 TRANSI\\u00c7\\u00c3O DA GEST\\u00c3O DO HOSPITAL DO IGATS PARA MORGAN FOI INICIADA HOJE\"}}]},{\"@type\":\"Article\",\"@id\":\"http:\/\/revistavitrineibiuna.com.br\/?p=35970#article\",\"isPartOf\":{\"@id\":\"http:\/\/revistavitrineibiuna.com.br\/?p=35970#webpage\"},\"author\":{\"@id\":\"https:\/\/revistavitrineibiuna.com.br\/#\/schema\/person\/e51ef49d6d88170ea21ceabff3f73deb\"},\"headline\":\"IBI\\u00daNA \\u2013 TRANSI\\u00c7\\u00c3O DA GEST\\u00c3O DO HOSPITAL DO IGATS PARA MORGAN FOI INICIADA HOJE\",\"datePublished\":\"2026-05-25T20:57:30+00:00\",\"dateModified\":\"2026-05-25T20:57:31+00:00\",\"mainEntityOfPage\":{\"@id\":\"http:\/\/revistavitrineibiuna.com.br\/?p=35970#webpage\"},\"commentCount\":0,\"publisher\":{\"@id\":\"https:\/\/revistavitrineibiuna.com.br\/#\/schema\/person\/e51ef49d6d88170ea21ceabff3f73deb\"},\"image\":{\"@id\":\"http:\/\/revistavitrineibiuna.com.br\/?p=35970#primaryimage\"},\"articleSection\":\"Not\\u00edcias\",\"inLanguage\":\"pt-BR\",\"potentialAction\":[{\"@type\":\"CommentAction\",\"name\":\"Comment\",\"target\":[\"http:\/\/revistavitrineibiuna.com.br\/?p=35970#respond\"]}]},{\"@type\":[\"Person\",\"Organization\"],\"@id\":\"https:\/\/revistavitrineibiuna.com.br\/#\/schema\/person\/e51ef49d6d88170ea21ceabff3f73deb\",\"name\":\"Carlos Rossini\",\"image\":{\"@type\":\"ImageObject\",\"@id\":\"https:\/\/revistavitrineibiuna.com.br\/#personlogo\",\"inLanguage\":\"pt-BR\",\"url\":\"https:\/\/secure.gravatar.com\/avatar\/4f2d0f99fac1f85c7d643f21f5c8d900?s=96&d=mm&r=g\",\"caption\":\"Carlos Rossini\"},\"logo\":{\"@id\":\"https:\/\/revistavitrineibiuna.com.br\/#personlogo\"},\"description\":\"Carlos Rossini \\u00e9 jornalista, soci\\u00f3logo, escritor e professor universit\\u00e1rio, tendo sido professor de jornalismo por vinte anos. Trabalhou em ve\\u00edculos de comunica\\u00e7\\u00e3o nas fun\\u00e7\\u00f5es de rep\\u00f3rter, redator, editor, articulista e colaborador, como Folha de S. Paulo, O Estado de S. Paulo, Di\\u00e1rio Popular, entre outros. Ao transferir a revista vitrine, vers\\u00e3o imprensa, de S\\u00e3o Paulo para Ibi\\u00fana h\\u00e1 alguns anos, iniciou uma nova experi\\u00eancia profissional, dedicando-se ao jornalismo regional, depois de cumprir uma trajet\\u00f3ria bem-sucedida na grande imprensa brasileira. Seu primeiro livro A Coragem de Comunicar foi lan\\u00e7ado na Bienal do Livro em S\\u00e3o Paulo no ano 2000, pela editora Madras.\"}]}<\/script>\n<!-- \/ Yoast SEO plugin. -->","_links":{"self":[{"href":"https:\/\/revistavitrineibiuna.com.br\/index.php?rest_route=\/wp\/v2\/posts\/35970"}],"collection":[{"href":"https:\/\/revistavitrineibiuna.com.br\/index.php?rest_route=\/wp\/v2\/posts"}],"about":[{"href":"https:\/\/revistavitrineibiuna.com.br\/index.php?rest_route=\/wp\/v2\/types\/post"}],"author":[{"embeddable":true,"href":"https:\/\/revistavitrineibiuna.com.br\/index.php?rest_route=\/wp\/v2\/users\/1"}],"replies":[{"embeddable":true,"href":"https:\/\/revistavitrineibiuna.com.br\/index.php?rest_route=%2Fwp%2Fv2%2Fcomments&post=35970"}],"version-history":[{"count":1,"href":"https:\/\/revistavitrineibiuna.com.br\/index.php?rest_route=\/wp\/v2\/posts\/35970\/revisions"}],"predecessor-version":[{"id":35972,"href":"https:\/\/revistavitrineibiuna.com.br\/index.php?rest_route=\/wp\/v2\/posts\/35970\/revisions\/35972"}],"wp:featuredmedia":[{"embeddable":true,"href":"https:\/\/revistavitrineibiuna.com.br\/index.php?rest_route=\/wp\/v2\/media\/35971"}],"wp:attachment":[{"href":"https:\/\/revistavitrineibiuna.com.br\/index.php?rest_route=%2Fwp%2Fv2%2Fmedia&parent=35970"}],"wp:term":[{"taxonomy":"category","embeddable":true,"href":"https:\/\/revistavitrineibiuna.com.br\/index.php?rest_route=%2Fwp%2Fv2%2Fcategories&post=35970"},{"taxonomy":"post_tag","embeddable":true,"href":"https:\/\/revistavitrineibiuna.com.br\/index.php?rest_route=%2Fwp%2Fv2%2Ftags&post=35970"}],"curies":[{"name":"wp","href":"https:\/\/api.w.org\/{rel}","templated":true}]}}