{"id":35973,"date":"2026-05-26T16:53:41","date_gmt":"2026-05-26T19:53:41","guid":{"rendered":"http:\/\/revistavitrineibiuna.com.br\/?p=35973"},"modified":"2026-05-26T17:31:39","modified_gmt":"2026-05-26T20:31:39","slug":"cronista-da-cidade-triste-noticia-de-um-caso-de-depressao","status":"publish","type":"post","link":"https:\/\/revistavitrineibiuna.com.br\/?p=35973","title":{"rendered":"CRONISTA DA CIDADE \u2013 TRISTE NOT\u00cdCIA DE UM CASO DE DEPRESS\u00c3O"},"content":{"rendered":"\n<p class=\"has-drop-cap\"><strong>Refleti boa parte da tarde de hoje para escrever esta cr\u00f4nica, porque ela fluiu de um sentimento de profunda tristeza, ao saber da morte de uma jovem moradora na cidade de Mirassol, no interior de S\u00e3o Paulo.<\/strong><\/p>\n\n\n\n<p><strong>A repercuss\u00e3o na cidade n\u00e3o poderia ser diferente. Provocou uma infinidade de coment\u00e1rios em que as pessoas lamentam o ocorrido, relatam seus pr\u00f3prios casos de depress\u00e3o e estendem seu abra\u00e7o fraterno aos familiares de uma jovem que aparece na foto, bonita e sorridente.<\/strong><\/p>\n\n\n\n<p><strong>Motivo apontado: depress\u00e3o.<\/strong><\/p>\n\n\n\n<p><strong>Por mais que a gente n\u00e3o consiga imaginar que gatilho tenha sido disparado para um gesto que p\u00f5e fim \u00e0 uma vida, podemos pensar que a dor sentida ultrapassa todos os limites do suport\u00e1vel, de uma extrema solid\u00e3o e desamparo.<\/strong><\/p>\n\n\n\n<p><strong>A especula\u00e7\u00e3o em torno das prov\u00e1veis causas \u2013 de natureza fisiol\u00f3gica a traumas e problemas emocionais graves \u2013 me parece, agora, menos importante do que reconhecer que esse problema atinge muitas pessoas numa sociedade doentia.<\/strong><\/p>\n\n\n\n<p><strong>Ainda neste fim de semana ouvi hist\u00f3rias de pessoas que simplesmente s\u00e3o estranhas para si mesmas, n\u00e3o se reconhecem autoras de suas pr\u00f3prias vidas para as quais aparentemente n\u00e3o veem sentido.<\/strong><\/p>\n\n\n\n<p><strong>Muitas preenchem seus \u201cvazios\u201d com bebidas e outras drogas ou medicamentos controlados para se sentirem \u201cprotegidas\u201d, por exemplo, de nefastas lembran\u00e7as da inf\u00e2ncia ou da lembran\u00e7a de experi\u00eancias emocionais terr\u00edveis.<\/strong><\/p>\n\n\n\n<p><strong>Se voc\u00ea sofrer de s\u00edndrome de p\u00e2nico, dou aqui meu testemunho de que ser\u00e1 totalmente curado com o tratamento certo por alguma psicoterapia e medicamentos espec\u00edficos, como aconteceu comigo, h\u00e1 muitos anos.<\/strong><\/p>\n\n\n\n<p><strong>Da mesma forma, sempre \u00e9 poss\u00edvel resolver ou minimizar um transtorno mental, mesmo grave como uma depress\u00e3o severa.<\/strong><\/p>\n\n\n\n<p><strong>Procure ajuda, converse com amigos e pessoas nas quais voc\u00ea confia, busque, busque, busque ajuda m\u00e9dica e psicol\u00f3gica. Voc\u00ea n\u00e3o est\u00e1 sozinha e tampouco abandonada, ainda que possa ter esse sentimento, que \u00e9 fruto de uma imagina\u00e7\u00e3o desgovernada.<\/strong><\/p>\n\n\n\n<p><strong>A vida vale a pena! Crie novos sonhos, sinta que tudo ser\u00e1 melhor, a escurid\u00e3o de agora \u00e9 a luz que vir\u00e1 em seguida, como o Sol que renasce todas as manh\u00e3s.<\/strong><\/p>\n\n\n\n<p><strong>Voc\u00ea \u00e9 importante simplesmente porque faz parte da exist\u00eancia.<\/strong><\/p>\n\n\n\n<p><strong>Caso esteja se sentindo como algu\u00e9m que se encontra perdida num deserto, pe\u00e7a ajuda para encontrar o caminho de volta para si.<\/strong><\/p>\n\n\n\n<p><strong>CVV \u2013 Centro de Valoriza\u00e7\u00e3o da Vida pode ajudar e muito. Ligue 188. Funciona 24h e n\u00e3o tem custo na liga\u00e7\u00e3o.<\/strong><\/p>\n\n\n\n<p><strong>CRONISTA DA CIDADE<\/strong><\/p>\n\n\n\n<figure class=\"wp-block-image size-large\"><img loading=\"lazy\" width=\"150\" height=\"150\" src=\"https:\/\/revistavitrineibiuna.com.br\/wp-content\/uploads\/2026\/05\/cronista-da-cidade-2-8.png\" alt=\"\" class=\"wp-image-35976\" srcset=\"https:\/\/revistavitrineibiuna.com.br\/wp-content\/uploads\/2026\/05\/cronista-da-cidade-2-8.png 150w, https:\/\/revistavitrineibiuna.com.br\/wp-content\/uploads\/2026\/05\/cronista-da-cidade-2-8-65x65.png 65w\" sizes=\"(max-width: 150px) 100vw, 150px\" \/><\/figure>\n\n\n\n<p><strong>Carlos Rossini \u00e9 diretor da TVUNA e editor de vitrine online<\/strong><\/p>\n","protected":false},"excerpt":{"rendered":"<p>Refleti boa parte da tarde de hoje para escrever esta cr\u00f4nica, porque ela fluiu de um sentimento de profunda tristeza,<\/p>\n","protected":false},"author":1,"featured_media":35974,"comment_status":"open","ping_status":"open","sticky":false,"template":"","format":"standard","meta":[],"categories":[3],"tags":[],"yoast_head":"<!-- This site is optimized with the Yoast SEO plugin v15.8 - https:\/\/yoast.com\/wordpress\/plugins\/seo\/ -->\n<title>CRONISTA DA CIDADE \u2013 TRISTE NOT\u00cdCIA DE UM CASO DE DEPRESS\u00c3O - Revista Vitrine Online<\/title>\n<meta name=\"robots\" content=\"index, follow, max-snippet:-1, max-image-preview:large, max-video-preview:-1\" \/>\n<link rel=\"canonical\" href=\"http:\/\/revistavitrineibiuna.com.br\/?p=35973\" \/>\n<meta property=\"og:locale\" content=\"pt_BR\" \/>\n<meta property=\"og:type\" content=\"article\" \/>\n<meta property=\"og:title\" content=\"CRONISTA DA CIDADE \u2013 TRISTE NOT\u00cdCIA DE UM CASO DE DEPRESS\u00c3O - Revista Vitrine Online\" \/>\n<meta property=\"og:description\" content=\"Refleti boa parte da tarde de hoje para escrever esta cr\u00f4nica, porque ela fluiu de um sentimento de profunda tristeza,\" \/>\n<meta property=\"og:url\" content=\"http:\/\/revistavitrineibiuna.com.br\/?p=35973\" \/>\n<meta property=\"og:site_name\" content=\"Revista Vitrine Online\" \/>\n<meta property=\"article:published_time\" content=\"2026-05-26T19:53:41+00:00\" \/>\n<meta property=\"article:modified_time\" content=\"2026-05-26T20:31:39+00:00\" \/>\n<meta property=\"og:image\" content=\"https:\/\/revistavitrineibiuna.com.br\/wp-content\/uploads\/2026\/05\/depressao.png\" \/>\n\t<meta property=\"og:image:width\" content=\"639\" \/>\n\t<meta property=\"og:image:height\" content=\"459\" \/>\n<meta name=\"twitter:card\" content=\"summary\" \/>\n<meta name=\"twitter:label1\" content=\"Est. reading time\">\n\t<meta name=\"twitter:data1\" content=\"2 minutos\">\n<script type=\"application\/ld+json\" class=\"yoast-schema-graph\">{\"@context\":\"https:\/\/schema.org\",\"@graph\":[{\"@type\":\"WebSite\",\"@id\":\"https:\/\/revistavitrineibiuna.com.br\/#website\",\"url\":\"https:\/\/revistavitrineibiuna.com.br\/\",\"name\":\"Revista Vitrine Ibi\\u00fana\",\"description\":\"A Revista de Ibi\\u00fana e Regi\\u00e3o\",\"publisher\":{\"@id\":\"https:\/\/revistavitrineibiuna.com.br\/#\/schema\/person\/e51ef49d6d88170ea21ceabff3f73deb\"},\"potentialAction\":[{\"@type\":\"SearchAction\",\"target\":\"https:\/\/revistavitrineibiuna.com.br\/?s={search_term_string}\",\"query-input\":\"required name=search_term_string\"}],\"inLanguage\":\"pt-BR\"},{\"@type\":\"ImageObject\",\"@id\":\"http:\/\/revistavitrineibiuna.com.br\/?p=35973#primaryimage\",\"inLanguage\":\"pt-BR\",\"url\":\"https:\/\/revistavitrineibiuna.com.br\/wp-content\/uploads\/2026\/05\/depressao.png\",\"width\":639,\"height\":459},{\"@type\":\"WebPage\",\"@id\":\"http:\/\/revistavitrineibiuna.com.br\/?p=35973#webpage\",\"url\":\"http:\/\/revistavitrineibiuna.com.br\/?p=35973\",\"name\":\"CRONISTA DA CIDADE \\u2013 TRISTE NOT\\u00cdCIA DE UM CASO DE DEPRESS\\u00c3O - Revista Vitrine Online\",\"isPartOf\":{\"@id\":\"https:\/\/revistavitrineibiuna.com.br\/#website\"},\"primaryImageOfPage\":{\"@id\":\"http:\/\/revistavitrineibiuna.com.br\/?p=35973#primaryimage\"},\"datePublished\":\"2026-05-26T19:53:41+00:00\",\"dateModified\":\"2026-05-26T20:31:39+00:00\",\"breadcrumb\":{\"@id\":\"http:\/\/revistavitrineibiuna.com.br\/?p=35973#breadcrumb\"},\"inLanguage\":\"pt-BR\",\"potentialAction\":[{\"@type\":\"ReadAction\",\"target\":[\"http:\/\/revistavitrineibiuna.com.br\/?p=35973\"]}]},{\"@type\":\"BreadcrumbList\",\"@id\":\"http:\/\/revistavitrineibiuna.com.br\/?p=35973#breadcrumb\",\"itemListElement\":[{\"@type\":\"ListItem\",\"position\":1,\"item\":{\"@type\":\"WebPage\",\"@id\":\"https:\/\/revistavitrineibiuna.com.br\/\",\"url\":\"https:\/\/revistavitrineibiuna.com.br\/\",\"name\":\"In\\u00edcio\"}},{\"@type\":\"ListItem\",\"position\":2,\"item\":{\"@type\":\"WebPage\",\"@id\":\"http:\/\/revistavitrineibiuna.com.br\/?p=35973\",\"url\":\"http:\/\/revistavitrineibiuna.com.br\/?p=35973\",\"name\":\"CRONISTA DA CIDADE \\u2013 TRISTE NOT\\u00cdCIA DE UM CASO DE DEPRESS\\u00c3O\"}}]},{\"@type\":\"Article\",\"@id\":\"http:\/\/revistavitrineibiuna.com.br\/?p=35973#article\",\"isPartOf\":{\"@id\":\"http:\/\/revistavitrineibiuna.com.br\/?p=35973#webpage\"},\"author\":{\"@id\":\"https:\/\/revistavitrineibiuna.com.br\/#\/schema\/person\/e51ef49d6d88170ea21ceabff3f73deb\"},\"headline\":\"CRONISTA DA CIDADE \\u2013 TRISTE NOT\\u00cdCIA DE UM CASO DE DEPRESS\\u00c3O\",\"datePublished\":\"2026-05-26T19:53:41+00:00\",\"dateModified\":\"2026-05-26T20:31:39+00:00\",\"mainEntityOfPage\":{\"@id\":\"http:\/\/revistavitrineibiuna.com.br\/?p=35973#webpage\"},\"commentCount\":0,\"publisher\":{\"@id\":\"https:\/\/revistavitrineibiuna.com.br\/#\/schema\/person\/e51ef49d6d88170ea21ceabff3f73deb\"},\"image\":{\"@id\":\"http:\/\/revistavitrineibiuna.com.br\/?p=35973#primaryimage\"},\"articleSection\":\"Not\\u00edcias\",\"inLanguage\":\"pt-BR\",\"potentialAction\":[{\"@type\":\"CommentAction\",\"name\":\"Comment\",\"target\":[\"http:\/\/revistavitrineibiuna.com.br\/?p=35973#respond\"]}]},{\"@type\":[\"Person\",\"Organization\"],\"@id\":\"https:\/\/revistavitrineibiuna.com.br\/#\/schema\/person\/e51ef49d6d88170ea21ceabff3f73deb\",\"name\":\"Carlos Rossini\",\"image\":{\"@type\":\"ImageObject\",\"@id\":\"https:\/\/revistavitrineibiuna.com.br\/#personlogo\",\"inLanguage\":\"pt-BR\",\"url\":\"https:\/\/secure.gravatar.com\/avatar\/4f2d0f99fac1f85c7d643f21f5c8d900?s=96&d=mm&r=g\",\"caption\":\"Carlos Rossini\"},\"logo\":{\"@id\":\"https:\/\/revistavitrineibiuna.com.br\/#personlogo\"},\"description\":\"Carlos Rossini \\u00e9 jornalista, soci\\u00f3logo, escritor e professor universit\\u00e1rio, tendo sido professor de jornalismo por vinte anos. Trabalhou em ve\\u00edculos de comunica\\u00e7\\u00e3o nas fun\\u00e7\\u00f5es de rep\\u00f3rter, redator, editor, articulista e colaborador, como Folha de S. Paulo, O Estado de S. Paulo, Di\\u00e1rio Popular, entre outros. Ao transferir a revista vitrine, vers\\u00e3o imprensa, de S\\u00e3o Paulo para Ibi\\u00fana h\\u00e1 alguns anos, iniciou uma nova experi\\u00eancia profissional, dedicando-se ao jornalismo regional, depois de cumprir uma trajet\\u00f3ria bem-sucedida na grande imprensa brasileira. Seu primeiro livro A Coragem de Comunicar foi lan\\u00e7ado na Bienal do Livro em S\\u00e3o Paulo no ano 2000, pela editora Madras.\"}]}<\/script>\n<!-- \/ Yoast SEO plugin. -->","_links":{"self":[{"href":"https:\/\/revistavitrineibiuna.com.br\/index.php?rest_route=\/wp\/v2\/posts\/35973"}],"collection":[{"href":"https:\/\/revistavitrineibiuna.com.br\/index.php?rest_route=\/wp\/v2\/posts"}],"about":[{"href":"https:\/\/revistavitrineibiuna.com.br\/index.php?rest_route=\/wp\/v2\/types\/post"}],"author":[{"embeddable":true,"href":"https:\/\/revistavitrineibiuna.com.br\/index.php?rest_route=\/wp\/v2\/users\/1"}],"replies":[{"embeddable":true,"href":"https:\/\/revistavitrineibiuna.com.br\/index.php?rest_route=%2Fwp%2Fv2%2Fcomments&post=35973"}],"version-history":[{"count":5,"href":"https:\/\/revistavitrineibiuna.com.br\/index.php?rest_route=\/wp\/v2\/posts\/35973\/revisions"}],"predecessor-version":[{"id":35981,"href":"https:\/\/revistavitrineibiuna.com.br\/index.php?rest_route=\/wp\/v2\/posts\/35973\/revisions\/35981"}],"wp:featuredmedia":[{"embeddable":true,"href":"https:\/\/revistavitrineibiuna.com.br\/index.php?rest_route=\/wp\/v2\/media\/35974"}],"wp:attachment":[{"href":"https:\/\/revistavitrineibiuna.com.br\/index.php?rest_route=%2Fwp%2Fv2%2Fmedia&parent=35973"}],"wp:term":[{"taxonomy":"category","embeddable":true,"href":"https:\/\/revistavitrineibiuna.com.br\/index.php?rest_route=%2Fwp%2Fv2%2Fcategories&post=35973"},{"taxonomy":"post_tag","embeddable":true,"href":"https:\/\/revistavitrineibiuna.com.br\/index.php?rest_route=%2Fwp%2Fv2%2Ftags&post=35973"}],"curies":[{"name":"wp","href":"https:\/\/api.w.org\/{rel}","templated":true}]}}