{"id":35982,"date":"2026-05-28T11:01:16","date_gmt":"2026-05-28T14:01:16","guid":{"rendered":"http:\/\/revistavitrineibiuna.com.br\/?p=35982"},"modified":"2026-05-28T11:12:20","modified_gmt":"2026-05-28T14:12:20","slug":"hospital-municipal-igats-e-instituto-morgan-voltam-a-se-reunir-nesta-sexta","status":"publish","type":"post","link":"https:\/\/revistavitrineibiuna.com.br\/?p=35982","title":{"rendered":"HOSPITAL MUNICIPAL \u2013 IGATS E INSTITUTO MORGAN VOLTAM A SE REUNIR NESTA SEXTA"},"content":{"rendered":"\n<p class=\"has-drop-cap\"><strong>A transi\u00e7\u00e3o operacional do Hospital Municipal de Ibi\u00fana \u2013 HMI do Igats para o Instituto Morgan, de acordo como Chamamento P\u00fablico n\u00ba 07\/2025, dar\u00e1 novo passo na manh\u00e3 desta sexta-feira (29), na segunda reuni\u00e3o entre os representantes de ambas as empresas.<\/strong><\/p>\n\n\n\n<p><strong>O encontro se realizar\u00e1 na sede da Secretaria Municipal de Ind\u00fastria e Com\u00e9rcio com a presen\u00e7a dos presidentes das duas organiza\u00e7\u00f5es \u2013 Reginaldo de Oliveira Giraud, do Igats, e Amando Ganem Monte Alto, do Instituto Morgan, que venceu a concorr\u00eancia para assumir a gest\u00e3o do HMI.<\/strong><\/p>\n\n\n\n<p><strong>Tamb\u00e9m participar\u00e3o da reuni\u00e3o, intermediada procurador municipal C\u00e9sar Augusto de Oliveira, membros da Prefeitura Municipal e do Conselho Municipal de Sa\u00fade.<\/strong><\/p>\n\n\n\n<p><strong>A primeira reuni\u00e3o conjunta foi realizada no mesmo local na \u00faltima segunda-feira (25), quando ficou acertada a data limite de 27 de maio para a notifica\u00e7\u00e3o de aviso pr\u00e9vio a todos os colaboradores do Igats. O mesmo prazo foi designado para a empresa vencedora disponibilizar uma equipe RH para coleta de informa\u00e7\u00f5es, de modo a garantir os direitos trabalhistas de todos.<\/strong><\/p>\n\n\n\n<p><strong>Al\u00e9m disso, o Igats ficou de entregar documentos e responder ao pedido de informa\u00e7\u00f5es, no total de 10 quesitos, requeridas pelo Instituto Morgan para se preparar para assumir a gest\u00e3o hospitalar em junho.<\/strong><\/p>\n\n\n\n<p><strong>UM NORTE<\/strong><\/p>\n\n\n\n<p><strong>Ouvido na manh\u00e3 de hoje (28), o procurador geral do Munic\u00edpio de Ibi\u00fana, Dr. Leonardo Festa, avaliou que, no m\u00ednimo, a nova reuni\u00e3o desta sexta-feira \u201cdar\u00e1 um norte\u201d ao processo de transi\u00e7\u00e3o, que est\u00e1 ocorrendo de forma tranquila e de m\u00fatua colabora\u00e7\u00e3o. (C.J.R.)<\/strong><\/p>\n","protected":false},"excerpt":{"rendered":"<p>A transi\u00e7\u00e3o operacional do Hospital Municipal de Ibi\u00fana \u2013 HMI do Igats para o Instituto Morgan, de acordo como Chamamento<\/p>\n","protected":false},"author":1,"featured_media":35983,"comment_status":"open","ping_status":"open","sticky":false,"template":"","format":"standard","meta":[],"categories":[3],"tags":[],"yoast_head":"<!-- This site is optimized with the Yoast SEO plugin v15.8 - https:\/\/yoast.com\/wordpress\/plugins\/seo\/ -->\n<title>HOSPITAL MUNICIPAL \u2013 IGATS E INSTITUTO MORGAN VOLTAM A SE REUNIR NESTA SEXTA - Revista Vitrine Online<\/title>\n<meta name=\"robots\" content=\"index, follow, max-snippet:-1, max-image-preview:large, max-video-preview:-1\" \/>\n<link rel=\"canonical\" href=\"http:\/\/revistavitrineibiuna.com.br\/?p=35982\" \/>\n<meta property=\"og:locale\" content=\"pt_BR\" \/>\n<meta property=\"og:type\" content=\"article\" \/>\n<meta property=\"og:title\" content=\"HOSPITAL MUNICIPAL \u2013 IGATS E INSTITUTO MORGAN VOLTAM A SE REUNIR NESTA SEXTA - Revista Vitrine Online\" \/>\n<meta property=\"og:description\" content=\"A transi\u00e7\u00e3o operacional do Hospital Municipal de Ibi\u00fana \u2013 HMI do Igats para o Instituto Morgan, de acordo como Chamamento\" \/>\n<meta property=\"og:url\" content=\"http:\/\/revistavitrineibiuna.com.br\/?p=35982\" \/>\n<meta property=\"og:site_name\" content=\"Revista Vitrine Online\" \/>\n<meta property=\"article:published_time\" content=\"2026-05-28T14:01:16+00:00\" \/>\n<meta property=\"article:modified_time\" content=\"2026-05-28T14:12:20+00:00\" \/>\n<meta property=\"og:image\" content=\"https:\/\/revistavitrineibiuna.com.br\/wp-content\/uploads\/2026\/05\/72db9b6d-b932-4943-b8db-e41e48f842a4.jpg\" \/>\n\t<meta property=\"og:image:width\" content=\"1600\" \/>\n\t<meta property=\"og:image:height\" content=\"1200\" \/>\n<meta name=\"twitter:card\" content=\"summary\" \/>\n<meta name=\"twitter:label1\" content=\"Est. reading time\">\n\t<meta name=\"twitter:data1\" content=\"2 minutos\">\n<script type=\"application\/ld+json\" class=\"yoast-schema-graph\">{\"@context\":\"https:\/\/schema.org\",\"@graph\":[{\"@type\":\"WebSite\",\"@id\":\"https:\/\/revistavitrineibiuna.com.br\/#website\",\"url\":\"https:\/\/revistavitrineibiuna.com.br\/\",\"name\":\"Revista Vitrine Ibi\\u00fana\",\"description\":\"A Revista de Ibi\\u00fana e Regi\\u00e3o\",\"publisher\":{\"@id\":\"https:\/\/revistavitrineibiuna.com.br\/#\/schema\/person\/e51ef49d6d88170ea21ceabff3f73deb\"},\"potentialAction\":[{\"@type\":\"SearchAction\",\"target\":\"https:\/\/revistavitrineibiuna.com.br\/?s={search_term_string}\",\"query-input\":\"required name=search_term_string\"}],\"inLanguage\":\"pt-BR\"},{\"@type\":\"ImageObject\",\"@id\":\"http:\/\/revistavitrineibiuna.com.br\/?p=35982#primaryimage\",\"inLanguage\":\"pt-BR\",\"url\":\"https:\/\/revistavitrineibiuna.com.br\/wp-content\/uploads\/2026\/05\/72db9b6d-b932-4943-b8db-e41e48f842a4.jpg\",\"width\":1600,\"height\":1200},{\"@type\":\"WebPage\",\"@id\":\"http:\/\/revistavitrineibiuna.com.br\/?p=35982#webpage\",\"url\":\"http:\/\/revistavitrineibiuna.com.br\/?p=35982\",\"name\":\"HOSPITAL MUNICIPAL \\u2013 IGATS E INSTITUTO MORGAN VOLTAM A SE REUNIR NESTA SEXTA - Revista Vitrine Online\",\"isPartOf\":{\"@id\":\"https:\/\/revistavitrineibiuna.com.br\/#website\"},\"primaryImageOfPage\":{\"@id\":\"http:\/\/revistavitrineibiuna.com.br\/?p=35982#primaryimage\"},\"datePublished\":\"2026-05-28T14:01:16+00:00\",\"dateModified\":\"2026-05-28T14:12:20+00:00\",\"breadcrumb\":{\"@id\":\"http:\/\/revistavitrineibiuna.com.br\/?p=35982#breadcrumb\"},\"inLanguage\":\"pt-BR\",\"potentialAction\":[{\"@type\":\"ReadAction\",\"target\":[\"http:\/\/revistavitrineibiuna.com.br\/?p=35982\"]}]},{\"@type\":\"BreadcrumbList\",\"@id\":\"http:\/\/revistavitrineibiuna.com.br\/?p=35982#breadcrumb\",\"itemListElement\":[{\"@type\":\"ListItem\",\"position\":1,\"item\":{\"@type\":\"WebPage\",\"@id\":\"https:\/\/revistavitrineibiuna.com.br\/\",\"url\":\"https:\/\/revistavitrineibiuna.com.br\/\",\"name\":\"In\\u00edcio\"}},{\"@type\":\"ListItem\",\"position\":2,\"item\":{\"@type\":\"WebPage\",\"@id\":\"http:\/\/revistavitrineibiuna.com.br\/?p=35982\",\"url\":\"http:\/\/revistavitrineibiuna.com.br\/?p=35982\",\"name\":\"HOSPITAL MUNICIPAL \\u2013 IGATS E INSTITUTO MORGAN VOLTAM A SE REUNIR NESTA SEXTA\"}}]},{\"@type\":\"Article\",\"@id\":\"http:\/\/revistavitrineibiuna.com.br\/?p=35982#article\",\"isPartOf\":{\"@id\":\"http:\/\/revistavitrineibiuna.com.br\/?p=35982#webpage\"},\"author\":{\"@id\":\"https:\/\/revistavitrineibiuna.com.br\/#\/schema\/person\/e51ef49d6d88170ea21ceabff3f73deb\"},\"headline\":\"HOSPITAL MUNICIPAL \\u2013 IGATS E INSTITUTO MORGAN VOLTAM A SE REUNIR NESTA SEXTA\",\"datePublished\":\"2026-05-28T14:01:16+00:00\",\"dateModified\":\"2026-05-28T14:12:20+00:00\",\"mainEntityOfPage\":{\"@id\":\"http:\/\/revistavitrineibiuna.com.br\/?p=35982#webpage\"},\"commentCount\":0,\"publisher\":{\"@id\":\"https:\/\/revistavitrineibiuna.com.br\/#\/schema\/person\/e51ef49d6d88170ea21ceabff3f73deb\"},\"image\":{\"@id\":\"http:\/\/revistavitrineibiuna.com.br\/?p=35982#primaryimage\"},\"articleSection\":\"Not\\u00edcias\",\"inLanguage\":\"pt-BR\",\"potentialAction\":[{\"@type\":\"CommentAction\",\"name\":\"Comment\",\"target\":[\"http:\/\/revistavitrineibiuna.com.br\/?p=35982#respond\"]}]},{\"@type\":[\"Person\",\"Organization\"],\"@id\":\"https:\/\/revistavitrineibiuna.com.br\/#\/schema\/person\/e51ef49d6d88170ea21ceabff3f73deb\",\"name\":\"Carlos Rossini\",\"image\":{\"@type\":\"ImageObject\",\"@id\":\"https:\/\/revistavitrineibiuna.com.br\/#personlogo\",\"inLanguage\":\"pt-BR\",\"url\":\"https:\/\/secure.gravatar.com\/avatar\/4f2d0f99fac1f85c7d643f21f5c8d900?s=96&d=mm&r=g\",\"caption\":\"Carlos Rossini\"},\"logo\":{\"@id\":\"https:\/\/revistavitrineibiuna.com.br\/#personlogo\"},\"description\":\"Carlos Rossini \\u00e9 jornalista, soci\\u00f3logo, escritor e professor universit\\u00e1rio, tendo sido professor de jornalismo por vinte anos. Trabalhou em ve\\u00edculos de comunica\\u00e7\\u00e3o nas fun\\u00e7\\u00f5es de rep\\u00f3rter, redator, editor, articulista e colaborador, como Folha de S. Paulo, O Estado de S. Paulo, Di\\u00e1rio Popular, entre outros. Ao transferir a revista vitrine, vers\\u00e3o imprensa, de S\\u00e3o Paulo para Ibi\\u00fana h\\u00e1 alguns anos, iniciou uma nova experi\\u00eancia profissional, dedicando-se ao jornalismo regional, depois de cumprir uma trajet\\u00f3ria bem-sucedida na grande imprensa brasileira. Seu primeiro livro A Coragem de Comunicar foi lan\\u00e7ado na Bienal do Livro em S\\u00e3o Paulo no ano 2000, pela editora Madras.\"}]}<\/script>\n<!-- \/ Yoast SEO plugin. -->","_links":{"self":[{"href":"https:\/\/revistavitrineibiuna.com.br\/index.php?rest_route=\/wp\/v2\/posts\/35982"}],"collection":[{"href":"https:\/\/revistavitrineibiuna.com.br\/index.php?rest_route=\/wp\/v2\/posts"}],"about":[{"href":"https:\/\/revistavitrineibiuna.com.br\/index.php?rest_route=\/wp\/v2\/types\/post"}],"author":[{"embeddable":true,"href":"https:\/\/revistavitrineibiuna.com.br\/index.php?rest_route=\/wp\/v2\/users\/1"}],"replies":[{"embeddable":true,"href":"https:\/\/revistavitrineibiuna.com.br\/index.php?rest_route=%2Fwp%2Fv2%2Fcomments&post=35982"}],"version-history":[{"count":2,"href":"https:\/\/revistavitrineibiuna.com.br\/index.php?rest_route=\/wp\/v2\/posts\/35982\/revisions"}],"predecessor-version":[{"id":35985,"href":"https:\/\/revistavitrineibiuna.com.br\/index.php?rest_route=\/wp\/v2\/posts\/35982\/revisions\/35985"}],"wp:featuredmedia":[{"embeddable":true,"href":"https:\/\/revistavitrineibiuna.com.br\/index.php?rest_route=\/wp\/v2\/media\/35983"}],"wp:attachment":[{"href":"https:\/\/revistavitrineibiuna.com.br\/index.php?rest_route=%2Fwp%2Fv2%2Fmedia&parent=35982"}],"wp:term":[{"taxonomy":"category","embeddable":true,"href":"https:\/\/revistavitrineibiuna.com.br\/index.php?rest_route=%2Fwp%2Fv2%2Fcategories&post=35982"},{"taxonomy":"post_tag","embeddable":true,"href":"https:\/\/revistavitrineibiuna.com.br\/index.php?rest_route=%2Fwp%2Fv2%2Ftags&post=35982"}],"curies":[{"name":"wp","href":"https:\/\/api.w.org\/{rel}","templated":true}]}}