{"id":35986,"date":"2026-05-29T06:49:35","date_gmt":"2026-05-29T09:49:35","guid":{"rendered":"http:\/\/revistavitrineibiuna.com.br\/?p=35986"},"modified":"2026-05-29T07:08:38","modified_gmt":"2026-05-29T10:08:38","slug":"ibiuna-audiencia-publica-da-saude-revela-velhas-contradicoes","status":"publish","type":"post","link":"https:\/\/revistavitrineibiuna.com.br\/?p=35986","title":{"rendered":"IBI\u00daNA \u2013 AUDI\u00caNCIA P\u00daBLICA DA SA\u00daDE REVELA VELHAS CONTRADI\u00c7\u00d5ES"},"content":{"rendered":"\n<p class=\"has-drop-cap\"><strong>O resultado da audi\u00eancia p\u00fablica da sa\u00fade realizada na noite da \u00faltima quarta-feira (27), na C\u00e2mara Municipal de Ibi\u00fana, foi positivo, se for considerado como uma oportunidade de transpar\u00eancia de fatos de interesse p\u00fablico.<\/strong><\/p>\n\n\n\n<p><strong>Primeiro, nas palavras do prefeito, soubemos que o atual governo est\u00e1 cheio de boas inten\u00e7\u00f5es em rela\u00e7\u00e3o a realizar melhorias no famigerado sistema p\u00fablico de sa\u00fade no munic\u00edpio<\/strong>,<strong> por meio da implanta\u00e7\u00e3o de um novo plano.<\/strong><\/p>\n\n\n\n<p><strong>Pelo menos duas contradi\u00e7\u00f5es persistentes foram evidenciadas publicamente:<\/strong><\/p>\n\n\n\n<p><strong>1. a intensa remo\u00e7\u00e3o de pacientes para os hospitais de refer\u00eancia especialmente em Sorocaba, na palavra do prefeito \u201csufoca\u201d o atendimento no Hospital Municipal de Ibi\u00fana \u2013 HMI, al\u00e9m de ter um custo elevado [quando um paciente \u00e9 removido leva com ele m\u00e9dico e enfermeira de plant\u00e3o, desfalcando o atendimento no pronto socorro];<\/strong><\/p>\n\n\n\n<p><strong>2. a inefic\u00e1cia nos atendimentos na rede b\u00e1sica aumenta consideravelmente a demanda no hospital, um c\u00edrculo vicioso.<\/strong><\/p>\n\n\n\n<p><strong>Outra revela\u00e7\u00e3o consider\u00e1vel: tanto o Centro de Especialidades Odontol\u00f3gicas n\u00e3o funciona at\u00e9 o momento como o nome lhe identifica, como n\u00e3o \u00e9 at\u00e9 hoje cadastrado no Sistema \u00danico de Sa\u00fade; da mesma forma que o CAPs Infantil. Portanto, ambos representam somente custos para o munic\u00edpio, sem nenhuma compensa\u00e7\u00e3o de recursos do Governo Federal.<\/strong><\/p>\n\n\n\n<p><strong>Dos tr\u00eas centros cir\u00fargicos existentes no Hospital Municipal, apenas um funciona a contento, com os equipamentos e ambiente adequados, conforme revelado pelo chefe do Executivo durante a audi\u00eancia.<\/strong><\/p>\n\n\n\n<p><strong>A rede b\u00e1sica de sa\u00fade atendida pela empresa MedLife, que teve seu contrato ratificado por mais um ano e que precisou de aditivos para quitar suas d\u00edvidas relativas aos direitos trabalhistas dos seus contratados, dever\u00e1 ser objeto de licita\u00e7\u00e3o p\u00fablica.<\/strong><\/p>\n\n\n\n<p><strong>Os vereadores Lucas Pires, presidente da Comiss\u00e3o de Sa\u00fade da C\u00e2mara, e o presidente da Casa, Carlinhos Marques, disseram que ainda h\u00e1 queixas de funcion\u00e1rios em rela\u00e7\u00e3o ao pagamento do 13\u00ba atrasado, por exemplo.<\/strong><\/p>\n\n\n\n<p><strong>EMENDAS PARLAMENTARES<\/strong><\/p>\n\n\n\n<p><strong>Ao declarar que as emendas parlamentares s\u00e3o bem-vindas, o prefeito fez a ressalva de que os respectivos investimentos precisam ser adequados a um tempo oportuno.<\/strong><\/p>\n\n\n\n<p><strong>Referia-se \u00e0s emendas encaminhadas em 2025 por deputados por meio dos vereadores Lucas Pires [reforma da UBS da Vargem do Salto, de R$ 250 mil] e Carlinhos Marques [reforma da parte el\u00e9trica do HMI, de cerca de R$ 400 mil].<\/strong><\/p>\n\n\n\n<p><strong>O chefe do Executivo informou que esperou \u201cpara juntar mais recursos, \u201cj\u00e1 que os valores das emendas n\u00e3o dariam nem para trocar o telhado\u201d das respectivas unidades.<\/strong><\/p>\n\n\n\n<p><strong>Anunciou, ent\u00e3o, que ser\u00e3o destinados recursos de R$ 2,4 milh\u00f5es para o HMI, para reforma da rede el\u00e9trica, da recep\u00e7\u00e3o e do pronto socorro adulto. J\u00e1 para a UBS da Vargem do Salto, a verba ser\u00e1 de R$ 710 mil, para uma reforma completa de suas instala\u00e7\u00f5es.<\/strong> (C.R.)<\/p>\n","protected":false},"excerpt":{"rendered":"<p>O resultado da audi\u00eancia p\u00fablica da sa\u00fade realizada na noite da \u00faltima quarta-feira (27), na C\u00e2mara Municipal de Ibi\u00fana, foi<\/p>\n","protected":false},"author":1,"featured_media":35989,"comment_status":"open","ping_status":"open","sticky":false,"template":"","format":"standard","meta":[],"categories":[3],"tags":[],"yoast_head":"<!-- This site is optimized with the Yoast SEO plugin v15.8 - https:\/\/yoast.com\/wordpress\/plugins\/seo\/ -->\n<title>IBI\u00daNA \u2013 AUDI\u00caNCIA P\u00daBLICA DA SA\u00daDE REVELA VELHAS CONTRADI\u00c7\u00d5ES - Revista Vitrine Online<\/title>\n<meta name=\"robots\" content=\"index, follow, max-snippet:-1, max-image-preview:large, max-video-preview:-1\" \/>\n<link rel=\"canonical\" href=\"http:\/\/revistavitrineibiuna.com.br\/?p=35986\" \/>\n<meta property=\"og:locale\" content=\"pt_BR\" \/>\n<meta property=\"og:type\" content=\"article\" \/>\n<meta property=\"og:title\" content=\"IBI\u00daNA \u2013 AUDI\u00caNCIA P\u00daBLICA DA SA\u00daDE REVELA VELHAS CONTRADI\u00c7\u00d5ES - Revista Vitrine Online\" \/>\n<meta property=\"og:description\" content=\"O resultado da audi\u00eancia p\u00fablica da sa\u00fade realizada na noite da \u00faltima quarta-feira (27), na C\u00e2mara Municipal de Ibi\u00fana, foi\" \/>\n<meta property=\"og:url\" content=\"http:\/\/revistavitrineibiuna.com.br\/?p=35986\" \/>\n<meta property=\"og:site_name\" content=\"Revista Vitrine Online\" \/>\n<meta property=\"article:published_time\" content=\"2026-05-29T09:49:35+00:00\" \/>\n<meta property=\"article:modified_time\" content=\"2026-05-29T10:08:38+00:00\" \/>\n<meta property=\"og:image\" content=\"https:\/\/revistavitrineibiuna.com.br\/wp-content\/uploads\/2026\/05\/audiencia-da-saude-28.5.2026.png\" \/>\n\t<meta property=\"og:image:width\" content=\"642\" \/>\n\t<meta property=\"og:image:height\" content=\"402\" \/>\n<meta name=\"twitter:card\" content=\"summary\" \/>\n<meta name=\"twitter:label1\" content=\"Est. reading time\">\n\t<meta name=\"twitter:data1\" content=\"2 minutos\">\n<script type=\"application\/ld+json\" class=\"yoast-schema-graph\">{\"@context\":\"https:\/\/schema.org\",\"@graph\":[{\"@type\":\"WebSite\",\"@id\":\"https:\/\/revistavitrineibiuna.com.br\/#website\",\"url\":\"https:\/\/revistavitrineibiuna.com.br\/\",\"name\":\"Revista Vitrine Ibi\\u00fana\",\"description\":\"A Revista de Ibi\\u00fana e Regi\\u00e3o\",\"publisher\":{\"@id\":\"https:\/\/revistavitrineibiuna.com.br\/#\/schema\/person\/e51ef49d6d88170ea21ceabff3f73deb\"},\"potentialAction\":[{\"@type\":\"SearchAction\",\"target\":\"https:\/\/revistavitrineibiuna.com.br\/?s={search_term_string}\",\"query-input\":\"required name=search_term_string\"}],\"inLanguage\":\"pt-BR\"},{\"@type\":\"ImageObject\",\"@id\":\"http:\/\/revistavitrineibiuna.com.br\/?p=35986#primaryimage\",\"inLanguage\":\"pt-BR\",\"url\":\"https:\/\/revistavitrineibiuna.com.br\/wp-content\/uploads\/2026\/05\/audiencia-da-saude-28.5.2026.png\",\"width\":642,\"height\":402},{\"@type\":\"WebPage\",\"@id\":\"http:\/\/revistavitrineibiuna.com.br\/?p=35986#webpage\",\"url\":\"http:\/\/revistavitrineibiuna.com.br\/?p=35986\",\"name\":\"IBI\\u00daNA \\u2013 AUDI\\u00caNCIA P\\u00daBLICA DA SA\\u00daDE REVELA VELHAS CONTRADI\\u00c7\\u00d5ES - Revista Vitrine Online\",\"isPartOf\":{\"@id\":\"https:\/\/revistavitrineibiuna.com.br\/#website\"},\"primaryImageOfPage\":{\"@id\":\"http:\/\/revistavitrineibiuna.com.br\/?p=35986#primaryimage\"},\"datePublished\":\"2026-05-29T09:49:35+00:00\",\"dateModified\":\"2026-05-29T10:08:38+00:00\",\"breadcrumb\":{\"@id\":\"http:\/\/revistavitrineibiuna.com.br\/?p=35986#breadcrumb\"},\"inLanguage\":\"pt-BR\",\"potentialAction\":[{\"@type\":\"ReadAction\",\"target\":[\"http:\/\/revistavitrineibiuna.com.br\/?p=35986\"]}]},{\"@type\":\"BreadcrumbList\",\"@id\":\"http:\/\/revistavitrineibiuna.com.br\/?p=35986#breadcrumb\",\"itemListElement\":[{\"@type\":\"ListItem\",\"position\":1,\"item\":{\"@type\":\"WebPage\",\"@id\":\"https:\/\/revistavitrineibiuna.com.br\/\",\"url\":\"https:\/\/revistavitrineibiuna.com.br\/\",\"name\":\"In\\u00edcio\"}},{\"@type\":\"ListItem\",\"position\":2,\"item\":{\"@type\":\"WebPage\",\"@id\":\"http:\/\/revistavitrineibiuna.com.br\/?p=35986\",\"url\":\"http:\/\/revistavitrineibiuna.com.br\/?p=35986\",\"name\":\"IBI\\u00daNA \\u2013 AUDI\\u00caNCIA P\\u00daBLICA DA SA\\u00daDE REVELA VELHAS CONTRADI\\u00c7\\u00d5ES\"}}]},{\"@type\":\"Article\",\"@id\":\"http:\/\/revistavitrineibiuna.com.br\/?p=35986#article\",\"isPartOf\":{\"@id\":\"http:\/\/revistavitrineibiuna.com.br\/?p=35986#webpage\"},\"author\":{\"@id\":\"https:\/\/revistavitrineibiuna.com.br\/#\/schema\/person\/e51ef49d6d88170ea21ceabff3f73deb\"},\"headline\":\"IBI\\u00daNA \\u2013 AUDI\\u00caNCIA P\\u00daBLICA DA SA\\u00daDE REVELA VELHAS CONTRADI\\u00c7\\u00d5ES\",\"datePublished\":\"2026-05-29T09:49:35+00:00\",\"dateModified\":\"2026-05-29T10:08:38+00:00\",\"mainEntityOfPage\":{\"@id\":\"http:\/\/revistavitrineibiuna.com.br\/?p=35986#webpage\"},\"commentCount\":0,\"publisher\":{\"@id\":\"https:\/\/revistavitrineibiuna.com.br\/#\/schema\/person\/e51ef49d6d88170ea21ceabff3f73deb\"},\"image\":{\"@id\":\"http:\/\/revistavitrineibiuna.com.br\/?p=35986#primaryimage\"},\"articleSection\":\"Not\\u00edcias\",\"inLanguage\":\"pt-BR\",\"potentialAction\":[{\"@type\":\"CommentAction\",\"name\":\"Comment\",\"target\":[\"http:\/\/revistavitrineibiuna.com.br\/?p=35986#respond\"]}]},{\"@type\":[\"Person\",\"Organization\"],\"@id\":\"https:\/\/revistavitrineibiuna.com.br\/#\/schema\/person\/e51ef49d6d88170ea21ceabff3f73deb\",\"name\":\"Carlos Rossini\",\"image\":{\"@type\":\"ImageObject\",\"@id\":\"https:\/\/revistavitrineibiuna.com.br\/#personlogo\",\"inLanguage\":\"pt-BR\",\"url\":\"https:\/\/secure.gravatar.com\/avatar\/4f2d0f99fac1f85c7d643f21f5c8d900?s=96&d=mm&r=g\",\"caption\":\"Carlos Rossini\"},\"logo\":{\"@id\":\"https:\/\/revistavitrineibiuna.com.br\/#personlogo\"},\"description\":\"Carlos Rossini \\u00e9 jornalista, soci\\u00f3logo, escritor e professor universit\\u00e1rio, tendo sido professor de jornalismo por vinte anos. Trabalhou em ve\\u00edculos de comunica\\u00e7\\u00e3o nas fun\\u00e7\\u00f5es de rep\\u00f3rter, redator, editor, articulista e colaborador, como Folha de S. Paulo, O Estado de S. Paulo, Di\\u00e1rio Popular, entre outros. Ao transferir a revista vitrine, vers\\u00e3o imprensa, de S\\u00e3o Paulo para Ibi\\u00fana h\\u00e1 alguns anos, iniciou uma nova experi\\u00eancia profissional, dedicando-se ao jornalismo regional, depois de cumprir uma trajet\\u00f3ria bem-sucedida na grande imprensa brasileira. Seu primeiro livro A Coragem de Comunicar foi lan\\u00e7ado na Bienal do Livro em S\\u00e3o Paulo no ano 2000, pela editora Madras.\"}]}<\/script>\n<!-- \/ Yoast SEO plugin. -->","_links":{"self":[{"href":"https:\/\/revistavitrineibiuna.com.br\/index.php?rest_route=\/wp\/v2\/posts\/35986"}],"collection":[{"href":"https:\/\/revistavitrineibiuna.com.br\/index.php?rest_route=\/wp\/v2\/posts"}],"about":[{"href":"https:\/\/revistavitrineibiuna.com.br\/index.php?rest_route=\/wp\/v2\/types\/post"}],"author":[{"embeddable":true,"href":"https:\/\/revistavitrineibiuna.com.br\/index.php?rest_route=\/wp\/v2\/users\/1"}],"replies":[{"embeddable":true,"href":"https:\/\/revistavitrineibiuna.com.br\/index.php?rest_route=%2Fwp%2Fv2%2Fcomments&post=35986"}],"version-history":[{"count":4,"href":"https:\/\/revistavitrineibiuna.com.br\/index.php?rest_route=\/wp\/v2\/posts\/35986\/revisions"}],"predecessor-version":[{"id":35993,"href":"https:\/\/revistavitrineibiuna.com.br\/index.php?rest_route=\/wp\/v2\/posts\/35986\/revisions\/35993"}],"wp:featuredmedia":[{"embeddable":true,"href":"https:\/\/revistavitrineibiuna.com.br\/index.php?rest_route=\/wp\/v2\/media\/35989"}],"wp:attachment":[{"href":"https:\/\/revistavitrineibiuna.com.br\/index.php?rest_route=%2Fwp%2Fv2%2Fmedia&parent=35986"}],"wp:term":[{"taxonomy":"category","embeddable":true,"href":"https:\/\/revistavitrineibiuna.com.br\/index.php?rest_route=%2Fwp%2Fv2%2Fcategories&post=35986"},{"taxonomy":"post_tag","embeddable":true,"href":"https:\/\/revistavitrineibiuna.com.br\/index.php?rest_route=%2Fwp%2Fv2%2Ftags&post=35986"}],"curies":[{"name":"wp","href":"https:\/\/api.w.org\/{rel}","templated":true}]}}