{"id":35994,"date":"2026-05-29T13:43:14","date_gmt":"2026-05-29T16:43:14","guid":{"rendered":"http:\/\/revistavitrineibiuna.com.br\/?p=35994"},"modified":"2026-05-29T14:02:12","modified_gmt":"2026-05-29T17:02:12","slug":"ibiuna-morgan-assume-hospital-municipal-no-dia-19","status":"publish","type":"post","link":"https:\/\/revistavitrineibiuna.com.br\/?p=35994","title":{"rendered":"IBI\u00daNA \u2013 MORGAN ASSUME HOSPITAL MUNICIPAL NO DIA 19"},"content":{"rendered":"\n<p class=\"has-drop-cap\"><strong>O Instituto Morgan, que venceu a licita\u00e7\u00e3o para gerir o Hospital Municipal de Ibi\u00fana, assumir\u00e1 todas as opera\u00e7\u00f5es \u00e0 zero hora do dia 19 de junho pr\u00f3ximo.<\/strong><\/p>\n\n\n\n<p><strong>Essa decis\u00e3o foi tomada em conjunto pelos representantes do Igats, que vinha administrando o hospital desde 2019, e da empresa vencedora, na reuni\u00e3o de transi\u00e7\u00e3o realizada na manh\u00e3 de hoje (29), na Secretaria Municipal de Ind\u00fastria e Com\u00e9rcio, no centro da cidade.<\/strong><\/p>\n\n\n\n<p><strong>De acordo com o que havia sido acordado na primeira reuni\u00e3o no dia 25, no mesmo local, o presidente do Igats, Reginaldo de Oliveira Giraud, informou que todos os funcion\u00e1rios j\u00e1 assinaram o aviso pr\u00e9vio e ser\u00e3o indenizados. Muitos manifestaram interesse de continuar trabalhando no hospital.<\/strong><\/p>\n\n\n\n<p><strong>O presidente do Instituto Morgan, Amando Ganem Monte Alto, informou que, tanto os m\u00e9dicos quanto o pessoal da enfermagem, ter\u00e3o a oportunidade de continuar prestando \u00a0servi\u00e7o. Todos poder\u00e3o formalizar suas propostas na pr\u00f3ximas semanas.<\/strong><\/p>\n\n\n\n<p><strong>Tamb\u00e9m foi decidido que at\u00e9 o dia 12 de junho, isso devido aos feriados prolongados na pr\u00f3xima semana, o Igats dever\u00e1 concluir as informa\u00e7\u00f5es sobre o invent\u00e1rio de todo o patrim\u00f4nio existente no hospital.<\/strong><\/p>\n\n\n\n<p><strong>Esse t\u00f3pico foi real\u00e7ado como motivo de preocupa\u00e7\u00e3o por parte do presidente da Morgan que precisa tomar conhecimento oficial de todas as m\u00e1quinas e equipamentos que dever\u00e1 providenciar, para substituir aqueles que s\u00e3o propriedade do Igats, a fim de garantir a continuidade dos servi\u00e7os prestados aos pacientes.<\/strong><\/p>\n\n\n\n<p><strong>RESPONSABILIDADES<\/strong><\/p>\n\n\n\n<p><strong>A gest\u00e3o do Hospital Municipal de Ibi\u00fana pelo Instituto Morgan abranger\u00e1 os profissionais de sa\u00fade (m\u00e9dicos e enfermagem), manuten\u00e7\u00e3o predial, alimenta\u00e7\u00e3o, lavanderia, medicamentos, insumos e equipamentos. O fornecimento de medicamentos e manuten\u00e7\u00e3o<\/strong> <strong>predial n\u00e3o faziam parte do contrato com o Igats.<\/strong><\/p>\n","protected":false},"excerpt":{"rendered":"<p>O Instituto Morgan, que venceu a licita\u00e7\u00e3o para gerir o Hospital Municipal de Ibi\u00fana, assumir\u00e1 todas as opera\u00e7\u00f5es \u00e0 zero<\/p>\n","protected":false},"author":1,"featured_media":35995,"comment_status":"open","ping_status":"open","sticky":false,"template":"","format":"standard","meta":[],"categories":[3],"tags":[],"yoast_head":"<!-- This site is optimized with the Yoast SEO plugin v15.8 - https:\/\/yoast.com\/wordpress\/plugins\/seo\/ -->\n<title>IBI\u00daNA \u2013 MORGAN ASSUME HOSPITAL MUNICIPAL NO DIA 19 - Revista Vitrine Online<\/title>\n<meta name=\"robots\" content=\"index, follow, max-snippet:-1, max-image-preview:large, max-video-preview:-1\" \/>\n<link rel=\"canonical\" href=\"https:\/\/revistavitrineibiuna.com.br\/?p=35994\" \/>\n<meta property=\"og:locale\" content=\"pt_BR\" \/>\n<meta property=\"og:type\" content=\"article\" \/>\n<meta property=\"og:title\" content=\"IBI\u00daNA \u2013 MORGAN ASSUME HOSPITAL MUNICIPAL NO DIA 19 - Revista Vitrine Online\" \/>\n<meta property=\"og:description\" content=\"O Instituto Morgan, que venceu a licita\u00e7\u00e3o para gerir o Hospital Municipal de Ibi\u00fana, assumir\u00e1 todas as opera\u00e7\u00f5es \u00e0 zero\" \/>\n<meta property=\"og:url\" content=\"https:\/\/revistavitrineibiuna.com.br\/?p=35994\" \/>\n<meta property=\"og:site_name\" content=\"Revista Vitrine Online\" \/>\n<meta property=\"article:published_time\" content=\"2026-05-29T16:43:14+00:00\" \/>\n<meta property=\"article:modified_time\" content=\"2026-05-29T17:02:12+00:00\" \/>\n<meta property=\"og:image\" content=\"https:\/\/revistavitrineibiuna.com.br\/wp-content\/uploads\/2026\/05\/5c3f5b5d-d900-4d53-b109-3f776264ffa5.jpg\" \/>\n\t<meta property=\"og:image:width\" content=\"1600\" \/>\n\t<meta property=\"og:image:height\" content=\"1200\" \/>\n<meta name=\"twitter:card\" content=\"summary\" \/>\n<meta name=\"twitter:label1\" content=\"Est. reading time\">\n\t<meta name=\"twitter:data1\" content=\"2 minutos\">\n<script type=\"application\/ld+json\" class=\"yoast-schema-graph\">{\"@context\":\"https:\/\/schema.org\",\"@graph\":[{\"@type\":\"WebSite\",\"@id\":\"https:\/\/revistavitrineibiuna.com.br\/#website\",\"url\":\"https:\/\/revistavitrineibiuna.com.br\/\",\"name\":\"Revista Vitrine Ibi\\u00fana\",\"description\":\"A Revista de Ibi\\u00fana e Regi\\u00e3o\",\"publisher\":{\"@id\":\"https:\/\/revistavitrineibiuna.com.br\/#\/schema\/person\/e51ef49d6d88170ea21ceabff3f73deb\"},\"potentialAction\":[{\"@type\":\"SearchAction\",\"target\":\"https:\/\/revistavitrineibiuna.com.br\/?s={search_term_string}\",\"query-input\":\"required name=search_term_string\"}],\"inLanguage\":\"pt-BR\"},{\"@type\":\"ImageObject\",\"@id\":\"https:\/\/revistavitrineibiuna.com.br\/?p=35994#primaryimage\",\"inLanguage\":\"pt-BR\",\"url\":\"https:\/\/revistavitrineibiuna.com.br\/wp-content\/uploads\/2026\/05\/5c3f5b5d-d900-4d53-b109-3f776264ffa5.jpg\",\"width\":1600,\"height\":1200},{\"@type\":\"WebPage\",\"@id\":\"https:\/\/revistavitrineibiuna.com.br\/?p=35994#webpage\",\"url\":\"https:\/\/revistavitrineibiuna.com.br\/?p=35994\",\"name\":\"IBI\\u00daNA \\u2013 MORGAN ASSUME HOSPITAL MUNICIPAL NO DIA 19 - Revista Vitrine Online\",\"isPartOf\":{\"@id\":\"https:\/\/revistavitrineibiuna.com.br\/#website\"},\"primaryImageOfPage\":{\"@id\":\"https:\/\/revistavitrineibiuna.com.br\/?p=35994#primaryimage\"},\"datePublished\":\"2026-05-29T16:43:14+00:00\",\"dateModified\":\"2026-05-29T17:02:12+00:00\",\"breadcrumb\":{\"@id\":\"https:\/\/revistavitrineibiuna.com.br\/?p=35994#breadcrumb\"},\"inLanguage\":\"pt-BR\",\"potentialAction\":[{\"@type\":\"ReadAction\",\"target\":[\"https:\/\/revistavitrineibiuna.com.br\/?p=35994\"]}]},{\"@type\":\"BreadcrumbList\",\"@id\":\"https:\/\/revistavitrineibiuna.com.br\/?p=35994#breadcrumb\",\"itemListElement\":[{\"@type\":\"ListItem\",\"position\":1,\"item\":{\"@type\":\"WebPage\",\"@id\":\"https:\/\/revistavitrineibiuna.com.br\/\",\"url\":\"https:\/\/revistavitrineibiuna.com.br\/\",\"name\":\"In\\u00edcio\"}},{\"@type\":\"ListItem\",\"position\":2,\"item\":{\"@type\":\"WebPage\",\"@id\":\"https:\/\/revistavitrineibiuna.com.br\/?p=35994\",\"url\":\"https:\/\/revistavitrineibiuna.com.br\/?p=35994\",\"name\":\"IBI\\u00daNA \\u2013 MORGAN ASSUME HOSPITAL MUNICIPAL NO DIA 19\"}}]},{\"@type\":\"Article\",\"@id\":\"https:\/\/revistavitrineibiuna.com.br\/?p=35994#article\",\"isPartOf\":{\"@id\":\"https:\/\/revistavitrineibiuna.com.br\/?p=35994#webpage\"},\"author\":{\"@id\":\"https:\/\/revistavitrineibiuna.com.br\/#\/schema\/person\/e51ef49d6d88170ea21ceabff3f73deb\"},\"headline\":\"IBI\\u00daNA \\u2013 MORGAN ASSUME HOSPITAL MUNICIPAL NO DIA 19\",\"datePublished\":\"2026-05-29T16:43:14+00:00\",\"dateModified\":\"2026-05-29T17:02:12+00:00\",\"mainEntityOfPage\":{\"@id\":\"https:\/\/revistavitrineibiuna.com.br\/?p=35994#webpage\"},\"commentCount\":0,\"publisher\":{\"@id\":\"https:\/\/revistavitrineibiuna.com.br\/#\/schema\/person\/e51ef49d6d88170ea21ceabff3f73deb\"},\"image\":{\"@id\":\"https:\/\/revistavitrineibiuna.com.br\/?p=35994#primaryimage\"},\"articleSection\":\"Not\\u00edcias\",\"inLanguage\":\"pt-BR\",\"potentialAction\":[{\"@type\":\"CommentAction\",\"name\":\"Comment\",\"target\":[\"https:\/\/revistavitrineibiuna.com.br\/?p=35994#respond\"]}]},{\"@type\":[\"Person\",\"Organization\"],\"@id\":\"https:\/\/revistavitrineibiuna.com.br\/#\/schema\/person\/e51ef49d6d88170ea21ceabff3f73deb\",\"name\":\"Carlos Rossini\",\"image\":{\"@type\":\"ImageObject\",\"@id\":\"https:\/\/revistavitrineibiuna.com.br\/#personlogo\",\"inLanguage\":\"pt-BR\",\"url\":\"https:\/\/secure.gravatar.com\/avatar\/4f2d0f99fac1f85c7d643f21f5c8d900?s=96&d=mm&r=g\",\"caption\":\"Carlos Rossini\"},\"logo\":{\"@id\":\"https:\/\/revistavitrineibiuna.com.br\/#personlogo\"},\"description\":\"Carlos Rossini \\u00e9 jornalista, soci\\u00f3logo, escritor e professor universit\\u00e1rio, tendo sido professor de jornalismo por vinte anos. Trabalhou em ve\\u00edculos de comunica\\u00e7\\u00e3o nas fun\\u00e7\\u00f5es de rep\\u00f3rter, redator, editor, articulista e colaborador, como Folha de S. Paulo, O Estado de S. Paulo, Di\\u00e1rio Popular, entre outros. Ao transferir a revista vitrine, vers\\u00e3o imprensa, de S\\u00e3o Paulo para Ibi\\u00fana h\\u00e1 alguns anos, iniciou uma nova experi\\u00eancia profissional, dedicando-se ao jornalismo regional, depois de cumprir uma trajet\\u00f3ria bem-sucedida na grande imprensa brasileira. Seu primeiro livro A Coragem de Comunicar foi lan\\u00e7ado na Bienal do Livro em S\\u00e3o Paulo no ano 2000, pela editora Madras.\"}]}<\/script>\n<!-- \/ Yoast SEO plugin. -->","_links":{"self":[{"href":"https:\/\/revistavitrineibiuna.com.br\/index.php?rest_route=\/wp\/v2\/posts\/35994"}],"collection":[{"href":"https:\/\/revistavitrineibiuna.com.br\/index.php?rest_route=\/wp\/v2\/posts"}],"about":[{"href":"https:\/\/revistavitrineibiuna.com.br\/index.php?rest_route=\/wp\/v2\/types\/post"}],"author":[{"embeddable":true,"href":"https:\/\/revistavitrineibiuna.com.br\/index.php?rest_route=\/wp\/v2\/users\/1"}],"replies":[{"embeddable":true,"href":"https:\/\/revistavitrineibiuna.com.br\/index.php?rest_route=%2Fwp%2Fv2%2Fcomments&post=35994"}],"version-history":[{"count":3,"href":"https:\/\/revistavitrineibiuna.com.br\/index.php?rest_route=\/wp\/v2\/posts\/35994\/revisions"}],"predecessor-version":[{"id":35999,"href":"https:\/\/revistavitrineibiuna.com.br\/index.php?rest_route=\/wp\/v2\/posts\/35994\/revisions\/35999"}],"wp:featuredmedia":[{"embeddable":true,"href":"https:\/\/revistavitrineibiuna.com.br\/index.php?rest_route=\/wp\/v2\/media\/35995"}],"wp:attachment":[{"href":"https:\/\/revistavitrineibiuna.com.br\/index.php?rest_route=%2Fwp%2Fv2%2Fmedia&parent=35994"}],"wp:term":[{"taxonomy":"category","embeddable":true,"href":"https:\/\/revistavitrineibiuna.com.br\/index.php?rest_route=%2Fwp%2Fv2%2Fcategories&post=35994"},{"taxonomy":"post_tag","embeddable":true,"href":"https:\/\/revistavitrineibiuna.com.br\/index.php?rest_route=%2Fwp%2Fv2%2Ftags&post=35994"}],"curies":[{"name":"wp","href":"https:\/\/api.w.org\/{rel}","templated":true}]}}