{"id":36001,"date":"2026-05-30T23:07:41","date_gmt":"2026-05-31T02:07:41","guid":{"rendered":"http:\/\/revistavitrineibiuna.com.br\/?p=36001"},"modified":"2026-05-30T23:46:24","modified_gmt":"2026-05-31T02:46:24","slug":"festa-de-sao-sebastiao-e-toda-essa-alegria-todo-esse-amor-toda-essa-fe","status":"publish","type":"post","link":"https:\/\/revistavitrineibiuna.com.br\/?p=36001","title":{"rendered":"FESTA DE S\u00c3O SEBASTI\u00c3O \u201c\u00c9 TODA ESSA ALEGRIA, TODO ESSE AMOR, TODA ESSA F\u00c9\u201d"},"content":{"rendered":"\n<p class=\"has-drop-cap\"><strong>A tradicional festa de S\u00e3o Sebasti\u00e3o, protetor do munic\u00edpio de Ibi\u00fana, e do Divino Espirito Santo \u00e9 um ato devocional que renova a f\u00e9 da popula\u00e7\u00e3o a cada ano. \u00a0<\/strong><\/p>\n\n\n\n<p><strong>E isto j\u00e1 acontece h\u00e1 107 anos consecutivos, envolvendo pelo menos tr\u00eas gera\u00e7\u00f5es que no m\u00eas de maio saem da cidade, em romaria, e percorrem cerca de 30 quil\u00f4metros para buscar a imagem do santo em sua capela no bairro do Pocinho.<\/strong><\/p>\n\n\n\n<p><strong>Eles a trazem para o cora\u00e7\u00e3o da cidade, na pra\u00e7a da Matriz da Nossa Senhora das Dores, onde \u00e9 reverenciada com missa e permanece em seguida por tr\u00eas dias no interior da igreja para as manifesta\u00e7\u00f5es dos fi\u00e9is, que incluem gestos de gratid\u00e3o por gra\u00e7as milagrosas alcan\u00e7adas.<\/strong><\/p>\n\n\n\n<p><strong>O clima \u00e9 notavelmente de f\u00e9, mas tamb\u00e9m de alegria porque aproxima milhares de pessoas numa confraterniza\u00e7\u00e3o religiosa em que se compartilham sentimentos de amor crist\u00e3o na figura de um santo que foi martirizado exatamente por confirmar sua f\u00e9 em Cristo.<\/strong><\/p>\n\n\n\n<figure class=\"wp-block-image size-large\"><img loading=\"lazy\" width=\"720\" height=\"485\" src=\"https:\/\/revistavitrineibiuna.com.br\/wp-content\/uploads\/2026\/05\/festaa-luz-perto-do-santo.png\" alt=\"\" class=\"wp-image-36005\" srcset=\"https:\/\/revistavitrineibiuna.com.br\/wp-content\/uploads\/2026\/05\/festaa-luz-perto-do-santo.png 720w, https:\/\/revistavitrineibiuna.com.br\/wp-content\/uploads\/2026\/05\/festaa-luz-perto-do-santo-300x202.png 300w\" sizes=\"(max-width: 720px) 100vw, 720px\" \/><figcaption>Fi\u00e9is carregam o andor na avenida S\u00e3o Sebasti\u00e3o<\/figcaption><\/figure>\n\n\n\n<figure class=\"wp-block-image size-large\"><img loading=\"lazy\" width=\"719\" height=\"484\" src=\"https:\/\/revistavitrineibiuna.com.br\/wp-content\/uploads\/2026\/05\/festa-trazendo-a-imagem.png\" alt=\"\" class=\"wp-image-36007\" srcset=\"https:\/\/revistavitrineibiuna.com.br\/wp-content\/uploads\/2026\/05\/festa-trazendo-a-imagem.png 719w, https:\/\/revistavitrineibiuna.com.br\/wp-content\/uploads\/2026\/05\/festa-trazendo-a-imagem-300x202.png 300w\" sizes=\"(max-width: 719px) 100vw, 719px\" \/><figcaption>A imagem do santo sendo trazida para o centro da cidade: uma longa jornada<\/figcaption><\/figure>\n\n\n\n<p><strong>Os ibiunenses fazem essa peregrina\u00e7\u00e3o anual em gratid\u00e3o por um milagre atribu\u00eddo ao santo.<\/strong><\/p>\n\n\n\n<p><strong>A \u201cgripe espanhola\u201d, nos anos de 1917 e 1918, &nbsp;provocou milhares de mortes no mundo. Mas, a popula\u00e7\u00e3o de Ibi\u00fana, segundo consta por uma promessa feita pedindo a prote\u00e7\u00e3o de S\u00e3o Sebasti\u00e3o, n\u00e3o foi atingida pela mol\u00e9stia. A promessa consistia em trazer nos bra\u00e7os do povo a imagem do santo de sua capela at\u00e9 a Matriz de Nossa Senhora das Dores, no centro da cidade, onde \u00e9 venerada por tr\u00eas dias.<\/strong><\/p>\n\n\n\n<p><strong>BREVE HIST\u00d3RIA DO SANTO<\/strong><\/p>\n\n\n\n<p><strong>S\u00e3o Sebasti\u00e3o chegou ao posto de capit\u00e3o e morreu aos 30 anos no ano de 286 D.C. por n\u00e3o renunciar sua f\u00e9 em Jesus Cristo. Por ordem do imperador Deocleciano, num primeiro momento recebeu flechadas \u00e0s quais sobreviveu gra\u00e7as aos cuidados de uma mulher, mas em seguida foi espancado at\u00e9 a morte.<\/strong><\/p>\n\n\n\n<p><strong>Naquele tempo a f\u00e9 devia ser professada na figura do imperador e de diversos deuses, o que contrariava a f\u00e9 crist\u00e3, monote\u00edsta.<\/strong><\/p>\n\n\n\n<p><strong>Sebasti\u00e3o tem origem no grego e significa \u201csagrado e vener\u00e1vel\u201d e sua hist\u00f3ria \u00e9 t\u00e3o v\u00e1ria quanto rica na literatura cat\u00f3lica. Ele \u00e9 considerado protetor da humanidade contra a peste, a fome e as guerras.<\/strong><\/p>\n\n\n\n<p><strong>ALEGRIA, AMOR E F\u00c9<\/strong><\/p>\n\n\n\n<figure class=\"wp-block-image size-large\"><img loading=\"lazy\" width=\"662\" height=\"637\" src=\"https:\/\/revistavitrineibiuna.com.br\/wp-content\/uploads\/2026\/05\/107-festa-foto-1.png\" alt=\"\" class=\"wp-image-36011\" srcset=\"https:\/\/revistavitrineibiuna.com.br\/wp-content\/uploads\/2026\/05\/107-festa-foto-1.png 662w, https:\/\/revistavitrineibiuna.com.br\/wp-content\/uploads\/2026\/05\/107-festa-foto-1-300x289.png 300w\" sizes=\"(max-width: 662px) 100vw, 662px\" \/><figcaption>A jovem rep\u00f3rter entrevista o padre F\u00e1bio Ros\u00e1rio que, junto com o padre Danilo, fizeram o roteiro da romaria<\/figcaption><\/figure>\n\n\n\n<p><strong>O p\u00e1roco da Igreja Matriz de Ibi\u00fana, padre F\u00e1bio Ros\u00e1rio, coordenador da 107\u00aa Festa de S\u00e3o Sebasti\u00e3o e do Divino Esp\u00edrito Santo deste ano, ao lado do padre Danilo, ao ser entrevistado pela jovem rep\u00f3rter da R\u00e1dio Space, assim sintetizou a ess\u00eancia&nbsp; da maior festa religiosa do munic\u00edpio de Ibi\u00fana:<\/strong><\/p>\n\n\n\n<p><strong>\u201c[A festa] \u00e9 toda essa alegria, todo esse amor e toda essa f\u00e9.\u201d<\/strong><\/p>\n\n\n\n<figure class=\"wp-block-image size-large\"><img loading=\"lazy\" width=\"717\" height=\"991\" src=\"https:\/\/revistavitrineibiuna.com.br\/wp-content\/uploads\/2026\/05\/107-festa-a-imagem-e-o-povo.png\" alt=\"\" class=\"wp-image-36014\" srcset=\"https:\/\/revistavitrineibiuna.com.br\/wp-content\/uploads\/2026\/05\/107-festa-a-imagem-e-o-povo.png 717w, https:\/\/revistavitrineibiuna.com.br\/wp-content\/uploads\/2026\/05\/107-festa-a-imagem-e-o-povo-217x300.png 217w\" sizes=\"(max-width: 717px) 100vw, 717px\" \/><figcaption>A concentra\u00e7\u00e3o dos fi\u00e9is em torno do andor de S\u00e3o Sebasti\u00e3o<\/figcaption><\/figure>\n\n\n\n<figure class=\"wp-block-image size-large\"><img loading=\"lazy\" width=\"692\" height=\"489\" src=\"https:\/\/revistavitrineibiuna.com.br\/wp-content\/uploads\/2026\/05\/festa-a-imagem-desce-a-rua-XV.png\" alt=\"\" class=\"wp-image-36017\" srcset=\"https:\/\/revistavitrineibiuna.com.br\/wp-content\/uploads\/2026\/05\/festa-a-imagem-desce-a-rua-XV.png 692w, https:\/\/revistavitrineibiuna.com.br\/wp-content\/uploads\/2026\/05\/festa-a-imagem-desce-a-rua-XV-300x212.png 300w\" sizes=\"(max-width: 692px) 100vw, 692px\" \/><figcaption>Na rua XV de Novembro, j\u00e1 pr\u00f3ximo da pra\u00e7a da Matriz<\/figcaption><\/figure>\n\n\n\n<figure class=\"wp-block-image size-large\"><img loading=\"lazy\" width=\"713\" height=\"880\" src=\"https:\/\/revistavitrineibiuna.com.br\/wp-content\/uploads\/2026\/05\/107-festa-rua-quinze-lotada.png\" alt=\"\" class=\"wp-image-36019\" srcset=\"https:\/\/revistavitrineibiuna.com.br\/wp-content\/uploads\/2026\/05\/107-festa-rua-quinze-lotada.png 713w, https:\/\/revistavitrineibiuna.com.br\/wp-content\/uploads\/2026\/05\/107-festa-rua-quinze-lotada-243x300.png 243w\" sizes=\"(max-width: 713px) 100vw, 713px\" \/><figcaption>A rua XV de Novembro absolutamente tomada pela popula\u00e7\u00e3o<\/figcaption><\/figure>\n\n\n\n<figure class=\"wp-block-image size-large\"><img loading=\"lazy\" width=\"679\" height=\"421\" src=\"https:\/\/revistavitrineibiuna.com.br\/wp-content\/uploads\/2026\/05\/festa-cavaleiros.png\" alt=\"\" class=\"wp-image-36022\" srcset=\"https:\/\/revistavitrineibiuna.com.br\/wp-content\/uploads\/2026\/05\/festa-cavaleiros.png 679w, https:\/\/revistavitrineibiuna.com.br\/wp-content\/uploads\/2026\/05\/festa-cavaleiros-300x186.png 300w\" sizes=\"(max-width: 679px) 100vw, 679px\" \/><figcaption>Os cavaleiros que foram buscar a imagem no bairro do Pocinho chegam \u00e0 pra\u00e7a da Matriz<\/figcaption><\/figure>\n\n\n\n<figure class=\"wp-block-image size-large\"><img loading=\"lazy\" width=\"679\" height=\"420\" src=\"https:\/\/revistavitrineibiuna.com.br\/wp-content\/uploads\/2026\/05\/festa-o-povo-na-avenida-saosebastiao.png\" alt=\"\" class=\"wp-image-36026\" srcset=\"https:\/\/revistavitrineibiuna.com.br\/wp-content\/uploads\/2026\/05\/festa-o-povo-na-avenida-saosebastiao.png 679w, https:\/\/revistavitrineibiuna.com.br\/wp-content\/uploads\/2026\/05\/festa-o-povo-na-avenida-saosebastiao-300x186.png 300w\" sizes=\"(max-width: 679px) 100vw, 679px\" \/><figcaption>Na avenida S\u00e3o Sebasti\u00e3o<\/figcaption><\/figure>\n\n\n\n<figure class=\"wp-block-image size-large\"><img loading=\"lazy\" width=\"718\" height=\"486\" src=\"https:\/\/revistavitrineibiuna.com.br\/wp-content\/uploads\/2026\/05\/imagens-com-as-bandeiras.png\" alt=\"\" class=\"wp-image-36029\" srcset=\"https:\/\/revistavitrineibiuna.com.br\/wp-content\/uploads\/2026\/05\/imagens-com-as-bandeiras.png 718w, https:\/\/revistavitrineibiuna.com.br\/wp-content\/uploads\/2026\/05\/imagens-com-as-bandeiras-300x203.png 300w\" sizes=\"(max-width: 718px) 100vw, 718px\" \/><figcaption>As bandeiras como s\u00edmbolos da f\u00e9<\/figcaption><\/figure>\n","protected":false},"excerpt":{"rendered":"<p>A tradicional festa de S\u00e3o Sebasti\u00e3o, protetor do munic\u00edpio de Ibi\u00fana, e do Divino Espirito Santo \u00e9 um ato devocional<\/p>\n","protected":false},"author":1,"featured_media":36002,"comment_status":"open","ping_status":"open","sticky":false,"template":"","format":"standard","meta":[],"categories":[3],"tags":[],"yoast_head":"<!-- This site is optimized with the Yoast SEO plugin v15.8 - https:\/\/yoast.com\/wordpress\/plugins\/seo\/ -->\n<title>FESTA DE S\u00c3O SEBASTI\u00c3O \u201c\u00c9 TODA ESSA ALEGRIA, TODO ESSE AMOR, TODA ESSA F\u00c9\u201d - Revista Vitrine Online<\/title>\n<meta name=\"robots\" content=\"index, follow, max-snippet:-1, max-image-preview:large, max-video-preview:-1\" \/>\n<link rel=\"canonical\" href=\"http:\/\/revistavitrineibiuna.com.br\/?p=36001\" \/>\n<meta property=\"og:locale\" content=\"pt_BR\" \/>\n<meta property=\"og:type\" content=\"article\" \/>\n<meta property=\"og:title\" content=\"FESTA DE S\u00c3O SEBASTI\u00c3O \u201c\u00c9 TODA ESSA ALEGRIA, TODO ESSE AMOR, TODA ESSA F\u00c9\u201d - Revista Vitrine Online\" \/>\n<meta property=\"og:description\" content=\"A tradicional festa de S\u00e3o Sebasti\u00e3o, protetor do munic\u00edpio de Ibi\u00fana, e do Divino Espirito Santo \u00e9 um ato devocional\" \/>\n<meta property=\"og:url\" content=\"http:\/\/revistavitrineibiuna.com.br\/?p=36001\" \/>\n<meta property=\"og:site_name\" content=\"Revista Vitrine Online\" \/>\n<meta property=\"article:published_time\" content=\"2026-05-31T02:07:41+00:00\" \/>\n<meta property=\"article:modified_time\" content=\"2026-05-31T02:46:24+00:00\" \/>\n<meta property=\"og:image\" content=\"https:\/\/revistavitrineibiuna.com.br\/wp-content\/uploads\/2026\/05\/festa-a-imagem-na-praca-damatriz.png\" \/>\n\t<meta property=\"og:image:width\" content=\"714\" \/>\n\t<meta property=\"og:image:height\" content=\"423\" \/>\n<meta name=\"twitter:card\" content=\"summary\" \/>\n<meta name=\"twitter:label1\" content=\"Est. reading time\">\n\t<meta name=\"twitter:data1\" content=\"5 minutos\">\n<script type=\"application\/ld+json\" class=\"yoast-schema-graph\">{\"@context\":\"https:\/\/schema.org\",\"@graph\":[{\"@type\":\"WebSite\",\"@id\":\"https:\/\/revistavitrineibiuna.com.br\/#website\",\"url\":\"https:\/\/revistavitrineibiuna.com.br\/\",\"name\":\"Revista Vitrine Ibi\\u00fana\",\"description\":\"A Revista de Ibi\\u00fana e Regi\\u00e3o\",\"publisher\":{\"@id\":\"https:\/\/revistavitrineibiuna.com.br\/#\/schema\/person\/e51ef49d6d88170ea21ceabff3f73deb\"},\"potentialAction\":[{\"@type\":\"SearchAction\",\"target\":\"https:\/\/revistavitrineibiuna.com.br\/?s={search_term_string}\",\"query-input\":\"required name=search_term_string\"}],\"inLanguage\":\"pt-BR\"},{\"@type\":\"ImageObject\",\"@id\":\"http:\/\/revistavitrineibiuna.com.br\/?p=36001#primaryimage\",\"inLanguage\":\"pt-BR\",\"url\":\"https:\/\/revistavitrineibiuna.com.br\/wp-content\/uploads\/2026\/05\/festa-a-imagem-na-praca-damatriz.png\",\"width\":714,\"height\":423},{\"@type\":\"WebPage\",\"@id\":\"http:\/\/revistavitrineibiuna.com.br\/?p=36001#webpage\",\"url\":\"http:\/\/revistavitrineibiuna.com.br\/?p=36001\",\"name\":\"FESTA DE S\\u00c3O SEBASTI\\u00c3O \\u201c\\u00c9 TODA ESSA ALEGRIA, TODO ESSE AMOR, TODA ESSA F\\u00c9\\u201d - Revista Vitrine Online\",\"isPartOf\":{\"@id\":\"https:\/\/revistavitrineibiuna.com.br\/#website\"},\"primaryImageOfPage\":{\"@id\":\"http:\/\/revistavitrineibiuna.com.br\/?p=36001#primaryimage\"},\"datePublished\":\"2026-05-31T02:07:41+00:00\",\"dateModified\":\"2026-05-31T02:46:24+00:00\",\"breadcrumb\":{\"@id\":\"http:\/\/revistavitrineibiuna.com.br\/?p=36001#breadcrumb\"},\"inLanguage\":\"pt-BR\",\"potentialAction\":[{\"@type\":\"ReadAction\",\"target\":[\"http:\/\/revistavitrineibiuna.com.br\/?p=36001\"]}]},{\"@type\":\"BreadcrumbList\",\"@id\":\"http:\/\/revistavitrineibiuna.com.br\/?p=36001#breadcrumb\",\"itemListElement\":[{\"@type\":\"ListItem\",\"position\":1,\"item\":{\"@type\":\"WebPage\",\"@id\":\"https:\/\/revistavitrineibiuna.com.br\/\",\"url\":\"https:\/\/revistavitrineibiuna.com.br\/\",\"name\":\"In\\u00edcio\"}},{\"@type\":\"ListItem\",\"position\":2,\"item\":{\"@type\":\"WebPage\",\"@id\":\"http:\/\/revistavitrineibiuna.com.br\/?p=36001\",\"url\":\"http:\/\/revistavitrineibiuna.com.br\/?p=36001\",\"name\":\"FESTA DE S\\u00c3O SEBASTI\\u00c3O \\u201c\\u00c9 TODA ESSA ALEGRIA, TODO ESSE AMOR, TODA ESSA F\\u00c9\\u201d\"}}]},{\"@type\":\"Article\",\"@id\":\"http:\/\/revistavitrineibiuna.com.br\/?p=36001#article\",\"isPartOf\":{\"@id\":\"http:\/\/revistavitrineibiuna.com.br\/?p=36001#webpage\"},\"author\":{\"@id\":\"https:\/\/revistavitrineibiuna.com.br\/#\/schema\/person\/e51ef49d6d88170ea21ceabff3f73deb\"},\"headline\":\"FESTA DE S\\u00c3O SEBASTI\\u00c3O \\u201c\\u00c9 TODA ESSA ALEGRIA, TODO ESSE AMOR, TODA ESSA F\\u00c9\\u201d\",\"datePublished\":\"2026-05-31T02:07:41+00:00\",\"dateModified\":\"2026-05-31T02:46:24+00:00\",\"mainEntityOfPage\":{\"@id\":\"http:\/\/revistavitrineibiuna.com.br\/?p=36001#webpage\"},\"commentCount\":0,\"publisher\":{\"@id\":\"https:\/\/revistavitrineibiuna.com.br\/#\/schema\/person\/e51ef49d6d88170ea21ceabff3f73deb\"},\"image\":{\"@id\":\"http:\/\/revistavitrineibiuna.com.br\/?p=36001#primaryimage\"},\"articleSection\":\"Not\\u00edcias\",\"inLanguage\":\"pt-BR\",\"potentialAction\":[{\"@type\":\"CommentAction\",\"name\":\"Comment\",\"target\":[\"http:\/\/revistavitrineibiuna.com.br\/?p=36001#respond\"]}]},{\"@type\":[\"Person\",\"Organization\"],\"@id\":\"https:\/\/revistavitrineibiuna.com.br\/#\/schema\/person\/e51ef49d6d88170ea21ceabff3f73deb\",\"name\":\"Carlos Rossini\",\"image\":{\"@type\":\"ImageObject\",\"@id\":\"https:\/\/revistavitrineibiuna.com.br\/#personlogo\",\"inLanguage\":\"pt-BR\",\"url\":\"https:\/\/secure.gravatar.com\/avatar\/4f2d0f99fac1f85c7d643f21f5c8d900?s=96&d=mm&r=g\",\"caption\":\"Carlos Rossini\"},\"logo\":{\"@id\":\"https:\/\/revistavitrineibiuna.com.br\/#personlogo\"},\"description\":\"Carlos Rossini \\u00e9 jornalista, soci\\u00f3logo, escritor e professor universit\\u00e1rio, tendo sido professor de jornalismo por vinte anos. Trabalhou em ve\\u00edculos de comunica\\u00e7\\u00e3o nas fun\\u00e7\\u00f5es de rep\\u00f3rter, redator, editor, articulista e colaborador, como Folha de S. Paulo, O Estado de S. Paulo, Di\\u00e1rio Popular, entre outros. Ao transferir a revista vitrine, vers\\u00e3o imprensa, de S\\u00e3o Paulo para Ibi\\u00fana h\\u00e1 alguns anos, iniciou uma nova experi\\u00eancia profissional, dedicando-se ao jornalismo regional, depois de cumprir uma trajet\\u00f3ria bem-sucedida na grande imprensa brasileira. Seu primeiro livro A Coragem de Comunicar foi lan\\u00e7ado na Bienal do Livro em S\\u00e3o Paulo no ano 2000, pela editora Madras.\"}]}<\/script>\n<!-- \/ Yoast SEO plugin. -->","_links":{"self":[{"href":"https:\/\/revistavitrineibiuna.com.br\/index.php?rest_route=\/wp\/v2\/posts\/36001"}],"collection":[{"href":"https:\/\/revistavitrineibiuna.com.br\/index.php?rest_route=\/wp\/v2\/posts"}],"about":[{"href":"https:\/\/revistavitrineibiuna.com.br\/index.php?rest_route=\/wp\/v2\/types\/post"}],"author":[{"embeddable":true,"href":"https:\/\/revistavitrineibiuna.com.br\/index.php?rest_route=\/wp\/v2\/users\/1"}],"replies":[{"embeddable":true,"href":"https:\/\/revistavitrineibiuna.com.br\/index.php?rest_route=%2Fwp%2Fv2%2Fcomments&post=36001"}],"version-history":[{"count":16,"href":"https:\/\/revistavitrineibiuna.com.br\/index.php?rest_route=\/wp\/v2\/posts\/36001\/revisions"}],"predecessor-version":[{"id":36037,"href":"https:\/\/revistavitrineibiuna.com.br\/index.php?rest_route=\/wp\/v2\/posts\/36001\/revisions\/36037"}],"wp:featuredmedia":[{"embeddable":true,"href":"https:\/\/revistavitrineibiuna.com.br\/index.php?rest_route=\/wp\/v2\/media\/36002"}],"wp:attachment":[{"href":"https:\/\/revistavitrineibiuna.com.br\/index.php?rest_route=%2Fwp%2Fv2%2Fmedia&parent=36001"}],"wp:term":[{"taxonomy":"category","embeddable":true,"href":"https:\/\/revistavitrineibiuna.com.br\/index.php?rest_route=%2Fwp%2Fv2%2Fcategories&post=36001"},{"taxonomy":"post_tag","embeddable":true,"href":"https:\/\/revistavitrineibiuna.com.br\/index.php?rest_route=%2Fwp%2Fv2%2Ftags&post=36001"}],"curies":[{"name":"wp","href":"https:\/\/api.w.org\/{rel}","templated":true}]}}