{"id":36038,"date":"2026-06-01T16:38:40","date_gmt":"2026-06-01T19:38:40","guid":{"rendered":"http:\/\/revistavitrineibiuna.com.br\/?p=36038"},"modified":"2026-06-01T16:56:33","modified_gmt":"2026-06-01T19:56:33","slug":"ibiuna-colisao-frontal-na-estrada-da-cachoeira-fere-motorista","status":"publish","type":"post","link":"https:\/\/revistavitrineibiuna.com.br\/?p=36038","title":{"rendered":"IBI\u00daNA \u2013 COLIS\u00c3O FRONTAL NA ESTRADA DA CACHOEIRA FERE MOTORISTA"},"content":{"rendered":"\n<p class=\"has-drop-cap\"><strong>Uma colis\u00e3o frontal entre Gol e Corsa ocorrida na tarde desta segunda-feira (01), na Estrada da Cachoeira, na curva do lix\u00e3o, mobilizou unidades do Corpo de Bombeiros, do Samu e da Pol\u00edcia Militar.<\/strong><\/p>\n\n\n\n<p><strong>Uma das v\u00edtimas, um homem, que sofreu um impacto do volante no t\u00f3rax, foi socorrido pela equipe do Samu, estabilizada e removida para o Hospital Municipal de Ibi\u00fana.<\/strong><\/p>\n\n\n\n<p><strong>O Corsa, segundo seu condutor, estava vindo da dire\u00e7\u00e3o do Clube do Campo para a cidade. Quando virou \u00e0 esquerda para se dirigir pela Estrada da Cachoeira em dire\u00e7\u00e3o da represa Itupararanga, colidiu frontalmente com o Gol que vinha em sentido oposto e se dirigia em dire\u00e7\u00e3o ao centro da cidade.<\/strong><\/p>\n\n\n\n<figure class=\"wp-block-image size-large\"><img loading=\"lazy\" width=\"1024\" height=\"768\" src=\"https:\/\/revistavitrineibiuna.com.br\/wp-content\/uploads\/2026\/06\/ebf7cb09-6ea0-49cd-b9fe-5105b1e7c459-1024x768.jpg\" alt=\"\" class=\"wp-image-36042\" srcset=\"https:\/\/revistavitrineibiuna.com.br\/wp-content\/uploads\/2026\/06\/ebf7cb09-6ea0-49cd-b9fe-5105b1e7c459-1024x768.jpg 1024w, https:\/\/revistavitrineibiuna.com.br\/wp-content\/uploads\/2026\/06\/ebf7cb09-6ea0-49cd-b9fe-5105b1e7c459-300x225.jpg 300w, https:\/\/revistavitrineibiuna.com.br\/wp-content\/uploads\/2026\/06\/ebf7cb09-6ea0-49cd-b9fe-5105b1e7c459-768x576.jpg 768w, https:\/\/revistavitrineibiuna.com.br\/wp-content\/uploads\/2026\/06\/ebf7cb09-6ea0-49cd-b9fe-5105b1e7c459-1536x1152.jpg 1536w, https:\/\/revistavitrineibiuna.com.br\/wp-content\/uploads\/2026\/06\/ebf7cb09-6ea0-49cd-b9fe-5105b1e7c459-320x240.jpg 320w, https:\/\/revistavitrineibiuna.com.br\/wp-content\/uploads\/2026\/06\/ebf7cb09-6ea0-49cd-b9fe-5105b1e7c459.jpg 1600w\" sizes=\"(max-width: 1024px) 100vw, 1024px\" \/><\/figure>\n\n\n\n<p><strong>TR\u00c1FEGO AUMENTOU<\/strong><\/p>\n\n\n\n<p><strong>O tr\u00e1fego na Estrada da Cachoeira, cujo nome oficial \u00e9 Estrada Ant\u00f4nio Rodrigues Pinto, aumentou consideravelmente desde a inaugura\u00e7\u00e3o do Clara Ibi\u00fana Resort que recebe continuamente n\u00famero grande de h\u00f3spedes, sobretudo para realiza\u00e7\u00e3o de eventos empresariais e presen\u00e7a de artistas famosos.<\/strong><\/p>\n\n\n\n<p><strong>\u00c9 necess\u00e1rio que as autoridades de tr\u00e2nsito fa\u00e7am um estudo para melhorar as condi\u00e7\u00f5es de seguran\u00e7a na estrada, verificando as condi\u00e7\u00f5es documentais dos motoristas e que estes sejam mais prudentes e cuidadosos ao dirigir. (C.R.)<\/strong><\/p>\n\n\n\n<figure class=\"wp-block-image size-large\"><img loading=\"lazy\" width=\"1024\" height=\"768\" src=\"https:\/\/revistavitrineibiuna.com.br\/wp-content\/uploads\/2026\/06\/c1da01b6-639e-4fa8-8ecf-9bca793d9c4b-1024x768.jpg\" alt=\"\" class=\"wp-image-36044\" srcset=\"https:\/\/revistavitrineibiuna.com.br\/wp-content\/uploads\/2026\/06\/c1da01b6-639e-4fa8-8ecf-9bca793d9c4b-1024x768.jpg 1024w, https:\/\/revistavitrineibiuna.com.br\/wp-content\/uploads\/2026\/06\/c1da01b6-639e-4fa8-8ecf-9bca793d9c4b-300x225.jpg 300w, https:\/\/revistavitrineibiuna.com.br\/wp-content\/uploads\/2026\/06\/c1da01b6-639e-4fa8-8ecf-9bca793d9c4b-768x576.jpg 768w, https:\/\/revistavitrineibiuna.com.br\/wp-content\/uploads\/2026\/06\/c1da01b6-639e-4fa8-8ecf-9bca793d9c4b-1536x1152.jpg 1536w, https:\/\/revistavitrineibiuna.com.br\/wp-content\/uploads\/2026\/06\/c1da01b6-639e-4fa8-8ecf-9bca793d9c4b-320x240.jpg 320w, https:\/\/revistavitrineibiuna.com.br\/wp-content\/uploads\/2026\/06\/c1da01b6-639e-4fa8-8ecf-9bca793d9c4b.jpg 1600w\" sizes=\"(max-width: 1024px) 100vw, 1024px\" \/><\/figure>\n\n\n\n<figure class=\"wp-block-image size-large\"><img loading=\"lazy\" width=\"1024\" height=\"768\" src=\"https:\/\/revistavitrineibiuna.com.br\/wp-content\/uploads\/2026\/06\/6c56a62a-87bf-4a42-aadb-87eb81ede26e-1024x768.jpg\" alt=\"\" class=\"wp-image-36045\" srcset=\"https:\/\/revistavitrineibiuna.com.br\/wp-content\/uploads\/2026\/06\/6c56a62a-87bf-4a42-aadb-87eb81ede26e-1024x768.jpg 1024w, https:\/\/revistavitrineibiuna.com.br\/wp-content\/uploads\/2026\/06\/6c56a62a-87bf-4a42-aadb-87eb81ede26e-300x225.jpg 300w, https:\/\/revistavitrineibiuna.com.br\/wp-content\/uploads\/2026\/06\/6c56a62a-87bf-4a42-aadb-87eb81ede26e-768x576.jpg 768w, https:\/\/revistavitrineibiuna.com.br\/wp-content\/uploads\/2026\/06\/6c56a62a-87bf-4a42-aadb-87eb81ede26e-1536x1152.jpg 1536w, https:\/\/revistavitrineibiuna.com.br\/wp-content\/uploads\/2026\/06\/6c56a62a-87bf-4a42-aadb-87eb81ede26e-320x240.jpg 320w, https:\/\/revistavitrineibiuna.com.br\/wp-content\/uploads\/2026\/06\/6c56a62a-87bf-4a42-aadb-87eb81ede26e.jpg 1600w\" sizes=\"(max-width: 1024px) 100vw, 1024px\" \/><\/figure>\n\n\n\n<figure class=\"wp-block-image size-large\"><img loading=\"lazy\" width=\"1024\" height=\"768\" src=\"https:\/\/revistavitrineibiuna.com.br\/wp-content\/uploads\/2026\/06\/e38f76f5-b6d3-4f94-9db1-912d174ba8c9-1024x768.jpg\" alt=\"\" class=\"wp-image-36046\" srcset=\"https:\/\/revistavitrineibiuna.com.br\/wp-content\/uploads\/2026\/06\/e38f76f5-b6d3-4f94-9db1-912d174ba8c9-1024x768.jpg 1024w, https:\/\/revistavitrineibiuna.com.br\/wp-content\/uploads\/2026\/06\/e38f76f5-b6d3-4f94-9db1-912d174ba8c9-300x225.jpg 300w, https:\/\/revistavitrineibiuna.com.br\/wp-content\/uploads\/2026\/06\/e38f76f5-b6d3-4f94-9db1-912d174ba8c9-768x576.jpg 768w, https:\/\/revistavitrineibiuna.com.br\/wp-content\/uploads\/2026\/06\/e38f76f5-b6d3-4f94-9db1-912d174ba8c9-1536x1152.jpg 1536w, https:\/\/revistavitrineibiuna.com.br\/wp-content\/uploads\/2026\/06\/e38f76f5-b6d3-4f94-9db1-912d174ba8c9-320x240.jpg 320w, https:\/\/revistavitrineibiuna.com.br\/wp-content\/uploads\/2026\/06\/e38f76f5-b6d3-4f94-9db1-912d174ba8c9.jpg 1600w\" sizes=\"(max-width: 1024px) 100vw, 1024px\" \/><\/figure>\n","protected":false},"excerpt":{"rendered":"<p>Uma colis\u00e3o frontal entre Gol e Corsa ocorrida na tarde desta segunda-feira (01), na Estrada da Cachoeira, na curva do<\/p>\n","protected":false},"author":1,"featured_media":36039,"comment_status":"open","ping_status":"open","sticky":false,"template":"","format":"standard","meta":[],"categories":[3],"tags":[],"yoast_head":"<!-- This site is optimized with the Yoast SEO plugin v15.8 - https:\/\/yoast.com\/wordpress\/plugins\/seo\/ -->\n<title>IBI\u00daNA \u2013 COLIS\u00c3O FRONTAL NA ESTRADA DA CACHOEIRA FERE MOTORISTA - Revista Vitrine Online<\/title>\n<meta name=\"robots\" content=\"index, follow, max-snippet:-1, max-image-preview:large, max-video-preview:-1\" \/>\n<link rel=\"canonical\" href=\"http:\/\/revistavitrineibiuna.com.br\/?p=36038\" \/>\n<meta property=\"og:locale\" content=\"pt_BR\" \/>\n<meta property=\"og:type\" content=\"article\" \/>\n<meta property=\"og:title\" content=\"IBI\u00daNA \u2013 COLIS\u00c3O FRONTAL NA ESTRADA DA CACHOEIRA FERE MOTORISTA - Revista Vitrine Online\" \/>\n<meta property=\"og:description\" content=\"Uma colis\u00e3o frontal entre Gol e Corsa ocorrida na tarde desta segunda-feira (01), na Estrada da Cachoeira, na curva do\" \/>\n<meta property=\"og:url\" content=\"http:\/\/revistavitrineibiuna.com.br\/?p=36038\" \/>\n<meta property=\"og:site_name\" content=\"Revista Vitrine Online\" \/>\n<meta property=\"article:published_time\" content=\"2026-06-01T19:38:40+00:00\" \/>\n<meta property=\"article:modified_time\" content=\"2026-06-01T19:56:33+00:00\" \/>\n<meta property=\"og:image\" content=\"https:\/\/revistavitrineibiuna.com.br\/wp-content\/uploads\/2026\/06\/48a3dccb-f8b8-4276-a73f-60341b3c8e8a.jpg\" \/>\n\t<meta property=\"og:image:width\" content=\"1600\" \/>\n\t<meta property=\"og:image:height\" content=\"1200\" \/>\n<meta name=\"twitter:card\" content=\"summary\" \/>\n<meta name=\"twitter:label1\" content=\"Est. reading time\">\n\t<meta name=\"twitter:data1\" content=\"2 minutos\">\n<script type=\"application\/ld+json\" class=\"yoast-schema-graph\">{\"@context\":\"https:\/\/schema.org\",\"@graph\":[{\"@type\":\"WebSite\",\"@id\":\"https:\/\/revistavitrineibiuna.com.br\/#website\",\"url\":\"https:\/\/revistavitrineibiuna.com.br\/\",\"name\":\"Revista Vitrine Ibi\\u00fana\",\"description\":\"A Revista de Ibi\\u00fana e Regi\\u00e3o\",\"publisher\":{\"@id\":\"https:\/\/revistavitrineibiuna.com.br\/#\/schema\/person\/e51ef49d6d88170ea21ceabff3f73deb\"},\"potentialAction\":[{\"@type\":\"SearchAction\",\"target\":\"https:\/\/revistavitrineibiuna.com.br\/?s={search_term_string}\",\"query-input\":\"required name=search_term_string\"}],\"inLanguage\":\"pt-BR\"},{\"@type\":\"ImageObject\",\"@id\":\"http:\/\/revistavitrineibiuna.com.br\/?p=36038#primaryimage\",\"inLanguage\":\"pt-BR\",\"url\":\"https:\/\/revistavitrineibiuna.com.br\/wp-content\/uploads\/2026\/06\/48a3dccb-f8b8-4276-a73f-60341b3c8e8a.jpg\",\"width\":1600,\"height\":1200},{\"@type\":\"WebPage\",\"@id\":\"http:\/\/revistavitrineibiuna.com.br\/?p=36038#webpage\",\"url\":\"http:\/\/revistavitrineibiuna.com.br\/?p=36038\",\"name\":\"IBI\\u00daNA \\u2013 COLIS\\u00c3O FRONTAL NA ESTRADA DA CACHOEIRA FERE MOTORISTA - Revista Vitrine Online\",\"isPartOf\":{\"@id\":\"https:\/\/revistavitrineibiuna.com.br\/#website\"},\"primaryImageOfPage\":{\"@id\":\"http:\/\/revistavitrineibiuna.com.br\/?p=36038#primaryimage\"},\"datePublished\":\"2026-06-01T19:38:40+00:00\",\"dateModified\":\"2026-06-01T19:56:33+00:00\",\"breadcrumb\":{\"@id\":\"http:\/\/revistavitrineibiuna.com.br\/?p=36038#breadcrumb\"},\"inLanguage\":\"pt-BR\",\"potentialAction\":[{\"@type\":\"ReadAction\",\"target\":[\"http:\/\/revistavitrineibiuna.com.br\/?p=36038\"]}]},{\"@type\":\"BreadcrumbList\",\"@id\":\"http:\/\/revistavitrineibiuna.com.br\/?p=36038#breadcrumb\",\"itemListElement\":[{\"@type\":\"ListItem\",\"position\":1,\"item\":{\"@type\":\"WebPage\",\"@id\":\"https:\/\/revistavitrineibiuna.com.br\/\",\"url\":\"https:\/\/revistavitrineibiuna.com.br\/\",\"name\":\"In\\u00edcio\"}},{\"@type\":\"ListItem\",\"position\":2,\"item\":{\"@type\":\"WebPage\",\"@id\":\"http:\/\/revistavitrineibiuna.com.br\/?p=36038\",\"url\":\"http:\/\/revistavitrineibiuna.com.br\/?p=36038\",\"name\":\"IBI\\u00daNA \\u2013 COLIS\\u00c3O FRONTAL NA ESTRADA DA CACHOEIRA FERE MOTORISTA\"}}]},{\"@type\":\"Article\",\"@id\":\"http:\/\/revistavitrineibiuna.com.br\/?p=36038#article\",\"isPartOf\":{\"@id\":\"http:\/\/revistavitrineibiuna.com.br\/?p=36038#webpage\"},\"author\":{\"@id\":\"https:\/\/revistavitrineibiuna.com.br\/#\/schema\/person\/e51ef49d6d88170ea21ceabff3f73deb\"},\"headline\":\"IBI\\u00daNA \\u2013 COLIS\\u00c3O FRONTAL NA ESTRADA DA CACHOEIRA FERE MOTORISTA\",\"datePublished\":\"2026-06-01T19:38:40+00:00\",\"dateModified\":\"2026-06-01T19:56:33+00:00\",\"mainEntityOfPage\":{\"@id\":\"http:\/\/revistavitrineibiuna.com.br\/?p=36038#webpage\"},\"commentCount\":0,\"publisher\":{\"@id\":\"https:\/\/revistavitrineibiuna.com.br\/#\/schema\/person\/e51ef49d6d88170ea21ceabff3f73deb\"},\"image\":{\"@id\":\"http:\/\/revistavitrineibiuna.com.br\/?p=36038#primaryimage\"},\"articleSection\":\"Not\\u00edcias\",\"inLanguage\":\"pt-BR\",\"potentialAction\":[{\"@type\":\"CommentAction\",\"name\":\"Comment\",\"target\":[\"http:\/\/revistavitrineibiuna.com.br\/?p=36038#respond\"]}]},{\"@type\":[\"Person\",\"Organization\"],\"@id\":\"https:\/\/revistavitrineibiuna.com.br\/#\/schema\/person\/e51ef49d6d88170ea21ceabff3f73deb\",\"name\":\"Carlos Rossini\",\"image\":{\"@type\":\"ImageObject\",\"@id\":\"https:\/\/revistavitrineibiuna.com.br\/#personlogo\",\"inLanguage\":\"pt-BR\",\"url\":\"https:\/\/secure.gravatar.com\/avatar\/4f2d0f99fac1f85c7d643f21f5c8d900?s=96&d=mm&r=g\",\"caption\":\"Carlos Rossini\"},\"logo\":{\"@id\":\"https:\/\/revistavitrineibiuna.com.br\/#personlogo\"},\"description\":\"Carlos Rossini \\u00e9 jornalista, soci\\u00f3logo, escritor e professor universit\\u00e1rio, tendo sido professor de jornalismo por vinte anos. Trabalhou em ve\\u00edculos de comunica\\u00e7\\u00e3o nas fun\\u00e7\\u00f5es de rep\\u00f3rter, redator, editor, articulista e colaborador, como Folha de S. Paulo, O Estado de S. Paulo, Di\\u00e1rio Popular, entre outros. Ao transferir a revista vitrine, vers\\u00e3o imprensa, de S\\u00e3o Paulo para Ibi\\u00fana h\\u00e1 alguns anos, iniciou uma nova experi\\u00eancia profissional, dedicando-se ao jornalismo regional, depois de cumprir uma trajet\\u00f3ria bem-sucedida na grande imprensa brasileira. Seu primeiro livro A Coragem de Comunicar foi lan\\u00e7ado na Bienal do Livro em S\\u00e3o Paulo no ano 2000, pela editora Madras.\"}]}<\/script>\n<!-- \/ Yoast SEO plugin. -->","_links":{"self":[{"href":"https:\/\/revistavitrineibiuna.com.br\/index.php?rest_route=\/wp\/v2\/posts\/36038"}],"collection":[{"href":"https:\/\/revistavitrineibiuna.com.br\/index.php?rest_route=\/wp\/v2\/posts"}],"about":[{"href":"https:\/\/revistavitrineibiuna.com.br\/index.php?rest_route=\/wp\/v2\/types\/post"}],"author":[{"embeddable":true,"href":"https:\/\/revistavitrineibiuna.com.br\/index.php?rest_route=\/wp\/v2\/users\/1"}],"replies":[{"embeddable":true,"href":"https:\/\/revistavitrineibiuna.com.br\/index.php?rest_route=%2Fwp%2Fv2%2Fcomments&post=36038"}],"version-history":[{"count":3,"href":"https:\/\/revistavitrineibiuna.com.br\/index.php?rest_route=\/wp\/v2\/posts\/36038\/revisions"}],"predecessor-version":[{"id":36048,"href":"https:\/\/revistavitrineibiuna.com.br\/index.php?rest_route=\/wp\/v2\/posts\/36038\/revisions\/36048"}],"wp:featuredmedia":[{"embeddable":true,"href":"https:\/\/revistavitrineibiuna.com.br\/index.php?rest_route=\/wp\/v2\/media\/36039"}],"wp:attachment":[{"href":"https:\/\/revistavitrineibiuna.com.br\/index.php?rest_route=%2Fwp%2Fv2%2Fmedia&parent=36038"}],"wp:term":[{"taxonomy":"category","embeddable":true,"href":"https:\/\/revistavitrineibiuna.com.br\/index.php?rest_route=%2Fwp%2Fv2%2Fcategories&post=36038"},{"taxonomy":"post_tag","embeddable":true,"href":"https:\/\/revistavitrineibiuna.com.br\/index.php?rest_route=%2Fwp%2Fv2%2Ftags&post=36038"}],"curies":[{"name":"wp","href":"https:\/\/api.w.org\/{rel}","templated":true}]}}