{"id":36049,"date":"2026-06-01T20:21:33","date_gmt":"2026-06-01T23:21:33","guid":{"rendered":"http:\/\/revistavitrineibiuna.com.br\/?p=36049"},"modified":"2026-06-01T20:57:53","modified_gmt":"2026-06-01T23:57:53","slug":"a-imagem-volta-para-o-sertao-mas-a-fe-permanece","status":"publish","type":"post","link":"https:\/\/revistavitrineibiuna.com.br\/?p=36049","title":{"rendered":"A IMAGEM VOLTA PARA O SERT\u00c3O, MAS A F\u00c9 PERMANECE"},"content":{"rendered":"\n<p class=\"has-drop-cap\"><strong>Nesta ter\u00e7a-feira, 2 de junho, depois da missa celebrada \u00e0s 7h, a imagem de S\u00e3o Sebasti\u00e3o ser\u00e1 levada de volta para o seu santu\u00e1rio, localizado no bairro do Pocinho, no sert\u00e3o ibiunense, a cerca de trinta quil\u00f4metros da Igreja Matriz, onde foi venerada por tr\u00eas dias.<\/strong><\/p>\n\n\n\n<p><strong>Hoje (01) houve fila de fi\u00e9is durante todo o dia dos devotos que foram manifestar gratid\u00e3o pelas gra\u00e7as recebidas, como disse a vitrine online o padre F\u00e1bio Ros\u00e1rio, que coordenou a festa deste ano.<\/strong> <strong>  <\/strong><\/p>\n\n\n\n<p><strong>No dia 28 de maio de 2013, fomos registrar a despedida do santo. Era uma manh\u00e3 fria e garoenta. Ent\u00e3o, os devotos surgem na sa\u00edda da Igreja carregando a imagem santa e come\u00e7am a subir a rua XV de Novembro.<\/strong><\/p>\n\n\n\n<p><strong>Era um pequeno grupo de pessoas, muito diferente de uma infinidade que participara de sua chegada \u00e0 cidade.<\/strong><\/p>\n\n\n\n<p><strong>Talvez pela manh\u00e3 fria, cinzenta, fui tocado por um profundo sentimento de nostalgia, ao ver aquela imagem subindo a rua num compasso de quem talvez quisesse ficar, e n\u00e3o partir.<\/strong><\/p>\n\n\n\n<p><strong>Mas, h\u00e1 verdadeiramente algo que tem esse toque sens\u00edvel de chegar e de partir, que faz parte da vida, at\u00e9 mesmo de um s\u00edmbolo da f\u00e9 que promete retornar.<\/strong><\/p>\n\n\n\n<p><strong>Mas, quem viu o rosto feliz do padre Ros\u00e1rio, com as repletas missas da novena e da primazia que abriu passagem para que o santo viesse na vanguarda da romaria e, n\u00e3o no seu fim, talvez pode sentir que o melhor nesse vai e vem secular do protetor de Ibi\u00fana \u00e9 a f\u00e9 que permanece, sobretudo naqueles que foram agradecer pelas gra\u00e7as recebidas. (C.R.)<\/strong><\/p>\n\n\n\n<figure class=\"wp-block-image size-large\"><img loading=\"lazy\" width=\"720\" height=\"823\" src=\"https:\/\/revistavitrineibiuna.com.br\/wp-content\/uploads\/2026\/06\/sao-sebastiao-novo-2.png\" alt=\"\" class=\"wp-image-36053\" srcset=\"https:\/\/revistavitrineibiuna.com.br\/wp-content\/uploads\/2026\/06\/sao-sebastiao-novo-2.png 720w, https:\/\/revistavitrineibiuna.com.br\/wp-content\/uploads\/2026\/06\/sao-sebastiao-novo-2-262x300.png 262w\" sizes=\"(max-width: 720px) 100vw, 720px\" \/><figcaption>Muitos fi\u00e9is compareceram \u00e0 Igreja Matriz de Nossa Senhora das Dores para manifestar devo\u00e7\u00e3o e gratid\u00e3o pelas gra\u00e7as recebidas<\/figcaption><\/figure>\n","protected":false},"excerpt":{"rendered":"<p>Nesta ter\u00e7a-feira, 2 de junho, depois da missa celebrada \u00e0s 7h, a imagem de S\u00e3o Sebasti\u00e3o ser\u00e1 levada de volta<\/p>\n","protected":false},"author":1,"featured_media":36050,"comment_status":"open","ping_status":"open","sticky":false,"template":"","format":"standard","meta":[],"categories":[3],"tags":[],"yoast_head":"<!-- This site is optimized with the Yoast SEO plugin v15.8 - https:\/\/yoast.com\/wordpress\/plugins\/seo\/ -->\n<title>A IMAGEM VOLTA PARA O SERT\u00c3O, MAS A F\u00c9 PERMANECE - Revista Vitrine Online<\/title>\n<meta name=\"robots\" content=\"index, follow, max-snippet:-1, max-image-preview:large, max-video-preview:-1\" \/>\n<link rel=\"canonical\" href=\"https:\/\/revistavitrineibiuna.com.br\/?p=36049\" \/>\n<meta property=\"og:locale\" content=\"pt_BR\" \/>\n<meta property=\"og:type\" content=\"article\" \/>\n<meta property=\"og:title\" content=\"A IMAGEM VOLTA PARA O SERT\u00c3O, MAS A F\u00c9 PERMANECE - Revista Vitrine Online\" \/>\n<meta property=\"og:description\" content=\"Nesta ter\u00e7a-feira, 2 de junho, depois da missa celebrada \u00e0s 7h, a imagem de S\u00e3o Sebasti\u00e3o ser\u00e1 levada de volta\" \/>\n<meta property=\"og:url\" content=\"https:\/\/revistavitrineibiuna.com.br\/?p=36049\" \/>\n<meta property=\"og:site_name\" content=\"Revista Vitrine Online\" \/>\n<meta property=\"article:published_time\" content=\"2026-06-01T23:21:33+00:00\" \/>\n<meta property=\"article:modified_time\" content=\"2026-06-01T23:57:53+00:00\" \/>\n<meta property=\"og:image\" content=\"https:\/\/revistavitrineibiuna.com.br\/wp-content\/uploads\/2026\/06\/sao-sebastiao-novo-1.png\" \/>\n\t<meta property=\"og:image:width\" content=\"630\" \/>\n\t<meta property=\"og:image:height\" content=\"403\" \/>\n<meta name=\"twitter:card\" content=\"summary\" \/>\n<meta name=\"twitter:label1\" content=\"Est. reading time\">\n\t<meta name=\"twitter:data1\" content=\"2 minutos\">\n<script type=\"application\/ld+json\" class=\"yoast-schema-graph\">{\"@context\":\"https:\/\/schema.org\",\"@graph\":[{\"@type\":\"WebSite\",\"@id\":\"https:\/\/revistavitrineibiuna.com.br\/#website\",\"url\":\"https:\/\/revistavitrineibiuna.com.br\/\",\"name\":\"Revista Vitrine Ibi\\u00fana\",\"description\":\"A Revista de Ibi\\u00fana e Regi\\u00e3o\",\"publisher\":{\"@id\":\"https:\/\/revistavitrineibiuna.com.br\/#\/schema\/person\/e51ef49d6d88170ea21ceabff3f73deb\"},\"potentialAction\":[{\"@type\":\"SearchAction\",\"target\":\"https:\/\/revistavitrineibiuna.com.br\/?s={search_term_string}\",\"query-input\":\"required name=search_term_string\"}],\"inLanguage\":\"pt-BR\"},{\"@type\":\"ImageObject\",\"@id\":\"https:\/\/revistavitrineibiuna.com.br\/?p=36049#primaryimage\",\"inLanguage\":\"pt-BR\",\"url\":\"https:\/\/revistavitrineibiuna.com.br\/wp-content\/uploads\/2026\/06\/sao-sebastiao-novo-1.png\",\"width\":630,\"height\":403},{\"@type\":\"WebPage\",\"@id\":\"https:\/\/revistavitrineibiuna.com.br\/?p=36049#webpage\",\"url\":\"https:\/\/revistavitrineibiuna.com.br\/?p=36049\",\"name\":\"A IMAGEM VOLTA PARA O SERT\\u00c3O, MAS A F\\u00c9 PERMANECE - Revista Vitrine Online\",\"isPartOf\":{\"@id\":\"https:\/\/revistavitrineibiuna.com.br\/#website\"},\"primaryImageOfPage\":{\"@id\":\"https:\/\/revistavitrineibiuna.com.br\/?p=36049#primaryimage\"},\"datePublished\":\"2026-06-01T23:21:33+00:00\",\"dateModified\":\"2026-06-01T23:57:53+00:00\",\"breadcrumb\":{\"@id\":\"https:\/\/revistavitrineibiuna.com.br\/?p=36049#breadcrumb\"},\"inLanguage\":\"pt-BR\",\"potentialAction\":[{\"@type\":\"ReadAction\",\"target\":[\"https:\/\/revistavitrineibiuna.com.br\/?p=36049\"]}]},{\"@type\":\"BreadcrumbList\",\"@id\":\"https:\/\/revistavitrineibiuna.com.br\/?p=36049#breadcrumb\",\"itemListElement\":[{\"@type\":\"ListItem\",\"position\":1,\"item\":{\"@type\":\"WebPage\",\"@id\":\"https:\/\/revistavitrineibiuna.com.br\/\",\"url\":\"https:\/\/revistavitrineibiuna.com.br\/\",\"name\":\"In\\u00edcio\"}},{\"@type\":\"ListItem\",\"position\":2,\"item\":{\"@type\":\"WebPage\",\"@id\":\"https:\/\/revistavitrineibiuna.com.br\/?p=36049\",\"url\":\"https:\/\/revistavitrineibiuna.com.br\/?p=36049\",\"name\":\"A IMAGEM VOLTA PARA O SERT\\u00c3O, MAS A F\\u00c9 PERMANECE\"}}]},{\"@type\":\"Article\",\"@id\":\"https:\/\/revistavitrineibiuna.com.br\/?p=36049#article\",\"isPartOf\":{\"@id\":\"https:\/\/revistavitrineibiuna.com.br\/?p=36049#webpage\"},\"author\":{\"@id\":\"https:\/\/revistavitrineibiuna.com.br\/#\/schema\/person\/e51ef49d6d88170ea21ceabff3f73deb\"},\"headline\":\"A IMAGEM VOLTA PARA O SERT\\u00c3O, MAS A F\\u00c9 PERMANECE\",\"datePublished\":\"2026-06-01T23:21:33+00:00\",\"dateModified\":\"2026-06-01T23:57:53+00:00\",\"mainEntityOfPage\":{\"@id\":\"https:\/\/revistavitrineibiuna.com.br\/?p=36049#webpage\"},\"commentCount\":0,\"publisher\":{\"@id\":\"https:\/\/revistavitrineibiuna.com.br\/#\/schema\/person\/e51ef49d6d88170ea21ceabff3f73deb\"},\"image\":{\"@id\":\"https:\/\/revistavitrineibiuna.com.br\/?p=36049#primaryimage\"},\"articleSection\":\"Not\\u00edcias\",\"inLanguage\":\"pt-BR\",\"potentialAction\":[{\"@type\":\"CommentAction\",\"name\":\"Comment\",\"target\":[\"https:\/\/revistavitrineibiuna.com.br\/?p=36049#respond\"]}]},{\"@type\":[\"Person\",\"Organization\"],\"@id\":\"https:\/\/revistavitrineibiuna.com.br\/#\/schema\/person\/e51ef49d6d88170ea21ceabff3f73deb\",\"name\":\"Carlos Rossini\",\"image\":{\"@type\":\"ImageObject\",\"@id\":\"https:\/\/revistavitrineibiuna.com.br\/#personlogo\",\"inLanguage\":\"pt-BR\",\"url\":\"https:\/\/secure.gravatar.com\/avatar\/4f2d0f99fac1f85c7d643f21f5c8d900?s=96&d=mm&r=g\",\"caption\":\"Carlos Rossini\"},\"logo\":{\"@id\":\"https:\/\/revistavitrineibiuna.com.br\/#personlogo\"},\"description\":\"Carlos Rossini \\u00e9 jornalista, soci\\u00f3logo, escritor e professor universit\\u00e1rio, tendo sido professor de jornalismo por vinte anos. Trabalhou em ve\\u00edculos de comunica\\u00e7\\u00e3o nas fun\\u00e7\\u00f5es de rep\\u00f3rter, redator, editor, articulista e colaborador, como Folha de S. Paulo, O Estado de S. Paulo, Di\\u00e1rio Popular, entre outros. Ao transferir a revista vitrine, vers\\u00e3o imprensa, de S\\u00e3o Paulo para Ibi\\u00fana h\\u00e1 alguns anos, iniciou uma nova experi\\u00eancia profissional, dedicando-se ao jornalismo regional, depois de cumprir uma trajet\\u00f3ria bem-sucedida na grande imprensa brasileira. Seu primeiro livro A Coragem de Comunicar foi lan\\u00e7ado na Bienal do Livro em S\\u00e3o Paulo no ano 2000, pela editora Madras.\"}]}<\/script>\n<!-- \/ Yoast SEO plugin. -->","_links":{"self":[{"href":"https:\/\/revistavitrineibiuna.com.br\/index.php?rest_route=\/wp\/v2\/posts\/36049"}],"collection":[{"href":"https:\/\/revistavitrineibiuna.com.br\/index.php?rest_route=\/wp\/v2\/posts"}],"about":[{"href":"https:\/\/revistavitrineibiuna.com.br\/index.php?rest_route=\/wp\/v2\/types\/post"}],"author":[{"embeddable":true,"href":"https:\/\/revistavitrineibiuna.com.br\/index.php?rest_route=\/wp\/v2\/users\/1"}],"replies":[{"embeddable":true,"href":"https:\/\/revistavitrineibiuna.com.br\/index.php?rest_route=%2Fwp%2Fv2%2Fcomments&post=36049"}],"version-history":[{"count":6,"href":"https:\/\/revistavitrineibiuna.com.br\/index.php?rest_route=\/wp\/v2\/posts\/36049\/revisions"}],"predecessor-version":[{"id":36060,"href":"https:\/\/revistavitrineibiuna.com.br\/index.php?rest_route=\/wp\/v2\/posts\/36049\/revisions\/36060"}],"wp:featuredmedia":[{"embeddable":true,"href":"https:\/\/revistavitrineibiuna.com.br\/index.php?rest_route=\/wp\/v2\/media\/36050"}],"wp:attachment":[{"href":"https:\/\/revistavitrineibiuna.com.br\/index.php?rest_route=%2Fwp%2Fv2%2Fmedia&parent=36049"}],"wp:term":[{"taxonomy":"category","embeddable":true,"href":"https:\/\/revistavitrineibiuna.com.br\/index.php?rest_route=%2Fwp%2Fv2%2Fcategories&post=36049"},{"taxonomy":"post_tag","embeddable":true,"href":"https:\/\/revistavitrineibiuna.com.br\/index.php?rest_route=%2Fwp%2Fv2%2Ftags&post=36049"}],"curies":[{"name":"wp","href":"https:\/\/api.w.org\/{rel}","templated":true}]}}