{"id":36234,"date":"2026-06-25T16:09:41","date_gmt":"2026-06-25T19:09:41","guid":{"rendered":"http:\/\/revistavitrineibiuna.com.br\/?p=36234"},"modified":"2026-06-25T16:28:28","modified_gmt":"2026-06-25T19:28:28","slug":"ibiuna-novo-secretario-do-turismo-revela-seu-compromisso-com-a-cidade","status":"publish","type":"post","link":"https:\/\/revistavitrineibiuna.com.br\/?p=36234","title":{"rendered":"IBI\u00daNA \u2013 NOVO SECRET\u00c1RIO DO TURISMO REVELA SEU COMPROMISSO COM A CIDADE"},"content":{"rendered":"\n<p class=\"has-drop-cap\"><strong>\u201cMeu compromisso \u00e9 trabalhar com responsabilidade, di\u00e1logo e dedica\u00e7\u00e3o para fortalecer a cultura e o turismo de Ibi\u00fana.\u201d<\/strong><\/p>\n\n\n\n<p><strong>Essa afirma\u00e7\u00e3o foi feita a vitrine online hoje (25) pelo chef Ot\u00e1vio Britto, ap\u00f3s assumir o cargo de secret\u00e1rio de Cultura e Turismo. Britto \u00e9 o terceiro secret\u00e1rio a assumir esta pasta na gest\u00e3o do atual governo municipal.<\/strong><\/p>\n\n\n\n<p><strong>\u201cA proposta \u00e9 valorizar nossos artistas, apoiar as manifesta\u00e7\u00f5es culturais, incentivar o turismo e desenvolver projetos que contribuam para o crescimento do munic\u00edpio, sempre em alinhamento com as diretrizes da administra\u00e7\u00e3o municipal\u201d, complementou o novo secret\u00e1rio.<\/strong><\/p>\n\n\n\n<p><strong>A breve not\u00edcia de sua nomea\u00e7\u00e3o publicada por vitrine online ontem j\u00e1 rendeu mais de 20.000 visualiza\u00e7\u00f5es com in\u00fameras manifesta\u00e7\u00f5es de apoio, um dado significativo de seu prest\u00edgio na cidade.<\/strong><\/p>\n\n\n\n<p><strong>PERFIL<\/strong><\/p>\n\n\n\n<p><strong>Ot\u00e1vio Britto (33) \u00e9 ibiunense nato e desenvolveu toda a sua trajet\u00f3ria profissional em Ibi\u00fana.<\/strong><\/p>\n\n\n\n<p><strong>Ele atua na gastronomia h\u00e1 mais de dez anos e tem forma\u00e7\u00e3o em gastronomia. \u201cConstru\u00ed minha carreira trabalhando e empreendendo em Ibi\u00fana, sempre buscando valorizar a boa culin\u00e1ria e o produtor local.\u201d<\/strong><\/p>\n\n\n\n<p><strong>O restaurante Casa Britto, de sua propriedade, funciona h\u00e1 alguns anos na rua Raimundo Santiago. Mas assim que a reforma do pr\u00e9dio da antiga Telesp, concebido pelo famoso arquiteto Ruy Ohtake, ser\u00e1 seu novo endere\u00e7o.<\/strong><\/p>\n\n\n\n<p><strong>PEND\u00caNCIAS<\/strong><\/p>\n\n\n\n<p><strong>Ainda que esteja em seu noviciado e j\u00e1 procurando entender a din\u00e2mica da sua Pasta e tamb\u00e9m as responsabilidades que envolvem a fun\u00e7\u00e3o p\u00fablica, ter\u00e1 pela frente que lidar com algumas pend\u00eancias cujos destinos depender\u00e3o, certamente, de um alinhamento com o prefeito municipal.<\/strong><\/p>\n\n\n\n<p><strong>Entre elas, se encontra o que denominamos em notici\u00e1rio de \u201celefante branco\u201d, o famigerado Teatro Municipal Alto da Figueira, financiado pela Secretaria Estadual de Turismo, cujas obras est\u00e3o paralisadas desde o governo anterior, que contratou a obra, e que tem sido motivo de perplexidade por parte da opini\u00e3o p\u00fablica ibiunense.<\/strong><\/p>\n\n\n\n<p><strong>Outro desafio ser\u00e1 repaginar a sede da pr\u00f3pria secretaria, um pardieiro cujo estado que n\u00e3o condiz com nenhum patrim\u00f4nio p\u00fablico, muito menos com uma secretaria que deveria ser um cart\u00e3o de visitas da cidade.<\/strong><\/p>\n\n\n\n<p><strong>Por \u00faltimo, mas n\u00e3o menos significativo, a reabertura do Centro de Informa\u00e7\u00f5es Tur\u00edsticas localizado na entrada da cidade e que se encontra fechado h\u00e1 meses, com um aviso na porta para procurarem ou o pr\u00e9dio da secretaria ou informa\u00e7\u00f5es via WhatSapp. (C.R.)<\/strong><\/p>\n","protected":false},"excerpt":{"rendered":"<p>\u201cMeu compromisso \u00e9 trabalhar com responsabilidade, di\u00e1logo e dedica\u00e7\u00e3o para fortalecer a cultura e o turismo de Ibi\u00fana.\u201d Essa afirma\u00e7\u00e3o<\/p>\n","protected":false},"author":1,"featured_media":36235,"comment_status":"open","ping_status":"open","sticky":false,"template":"","format":"standard","meta":[],"categories":[3],"tags":[],"yoast_head":"<!-- This site is optimized with the Yoast SEO plugin v15.8 - https:\/\/yoast.com\/wordpress\/plugins\/seo\/ -->\n<title>IBI\u00daNA \u2013 NOVO SECRET\u00c1RIO DO TURISMO REVELA SEU COMPROMISSO COM A CIDADE - Revista Vitrine Online<\/title>\n<meta name=\"robots\" content=\"index, follow, max-snippet:-1, max-image-preview:large, max-video-preview:-1\" \/>\n<link rel=\"canonical\" href=\"https:\/\/revistavitrineibiuna.com.br\/?p=36234\" \/>\n<meta property=\"og:locale\" content=\"pt_BR\" \/>\n<meta property=\"og:type\" content=\"article\" \/>\n<meta property=\"og:title\" content=\"IBI\u00daNA \u2013 NOVO SECRET\u00c1RIO DO TURISMO REVELA SEU COMPROMISSO COM A CIDADE - Revista Vitrine Online\" \/>\n<meta property=\"og:description\" content=\"\u201cMeu compromisso \u00e9 trabalhar com responsabilidade, di\u00e1logo e dedica\u00e7\u00e3o para fortalecer a cultura e o turismo de Ibi\u00fana.\u201d Essa afirma\u00e7\u00e3o\" \/>\n<meta property=\"og:url\" content=\"https:\/\/revistavitrineibiuna.com.br\/?p=36234\" \/>\n<meta property=\"og:site_name\" content=\"Revista Vitrine Online\" \/>\n<meta property=\"article:published_time\" content=\"2026-06-25T19:09:41+00:00\" \/>\n<meta property=\"article:modified_time\" content=\"2026-06-25T19:28:28+00:00\" \/>\n<meta property=\"og:image\" content=\"https:\/\/revistavitrineibiuna.com.br\/wp-content\/uploads\/2026\/06\/FOTO-DO-BRITO.png\" \/>\n\t<meta property=\"og:image:width\" content=\"719\" \/>\n\t<meta property=\"og:image:height\" content=\"495\" \/>\n<meta name=\"twitter:card\" content=\"summary\" \/>\n<meta name=\"twitter:label1\" content=\"Est. reading time\">\n\t<meta name=\"twitter:data1\" content=\"2 minutos\">\n<script type=\"application\/ld+json\" class=\"yoast-schema-graph\">{\"@context\":\"https:\/\/schema.org\",\"@graph\":[{\"@type\":\"WebSite\",\"@id\":\"https:\/\/revistavitrineibiuna.com.br\/#website\",\"url\":\"https:\/\/revistavitrineibiuna.com.br\/\",\"name\":\"Revista Vitrine Ibi\\u00fana\",\"description\":\"A Revista de Ibi\\u00fana e Regi\\u00e3o\",\"publisher\":{\"@id\":\"https:\/\/revistavitrineibiuna.com.br\/#\/schema\/person\/e51ef49d6d88170ea21ceabff3f73deb\"},\"potentialAction\":[{\"@type\":\"SearchAction\",\"target\":\"https:\/\/revistavitrineibiuna.com.br\/?s={search_term_string}\",\"query-input\":\"required name=search_term_string\"}],\"inLanguage\":\"pt-BR\"},{\"@type\":\"ImageObject\",\"@id\":\"https:\/\/revistavitrineibiuna.com.br\/?p=36234#primaryimage\",\"inLanguage\":\"pt-BR\",\"url\":\"https:\/\/revistavitrineibiuna.com.br\/wp-content\/uploads\/2026\/06\/FOTO-DO-BRITO.png\",\"width\":719,\"height\":495},{\"@type\":\"WebPage\",\"@id\":\"https:\/\/revistavitrineibiuna.com.br\/?p=36234#webpage\",\"url\":\"https:\/\/revistavitrineibiuna.com.br\/?p=36234\",\"name\":\"IBI\\u00daNA \\u2013 NOVO SECRET\\u00c1RIO DO TURISMO REVELA SEU COMPROMISSO COM A CIDADE - Revista Vitrine Online\",\"isPartOf\":{\"@id\":\"https:\/\/revistavitrineibiuna.com.br\/#website\"},\"primaryImageOfPage\":{\"@id\":\"https:\/\/revistavitrineibiuna.com.br\/?p=36234#primaryimage\"},\"datePublished\":\"2026-06-25T19:09:41+00:00\",\"dateModified\":\"2026-06-25T19:28:28+00:00\",\"breadcrumb\":{\"@id\":\"https:\/\/revistavitrineibiuna.com.br\/?p=36234#breadcrumb\"},\"inLanguage\":\"pt-BR\",\"potentialAction\":[{\"@type\":\"ReadAction\",\"target\":[\"https:\/\/revistavitrineibiuna.com.br\/?p=36234\"]}]},{\"@type\":\"BreadcrumbList\",\"@id\":\"https:\/\/revistavitrineibiuna.com.br\/?p=36234#breadcrumb\",\"itemListElement\":[{\"@type\":\"ListItem\",\"position\":1,\"item\":{\"@type\":\"WebPage\",\"@id\":\"https:\/\/revistavitrineibiuna.com.br\/\",\"url\":\"https:\/\/revistavitrineibiuna.com.br\/\",\"name\":\"In\\u00edcio\"}},{\"@type\":\"ListItem\",\"position\":2,\"item\":{\"@type\":\"WebPage\",\"@id\":\"https:\/\/revistavitrineibiuna.com.br\/?p=36234\",\"url\":\"https:\/\/revistavitrineibiuna.com.br\/?p=36234\",\"name\":\"IBI\\u00daNA \\u2013 NOVO SECRET\\u00c1RIO DO TURISMO REVELA SEU COMPROMISSO COM A CIDADE\"}}]},{\"@type\":\"Article\",\"@id\":\"https:\/\/revistavitrineibiuna.com.br\/?p=36234#article\",\"isPartOf\":{\"@id\":\"https:\/\/revistavitrineibiuna.com.br\/?p=36234#webpage\"},\"author\":{\"@id\":\"https:\/\/revistavitrineibiuna.com.br\/#\/schema\/person\/e51ef49d6d88170ea21ceabff3f73deb\"},\"headline\":\"IBI\\u00daNA \\u2013 NOVO SECRET\\u00c1RIO DO TURISMO REVELA SEU COMPROMISSO COM A CIDADE\",\"datePublished\":\"2026-06-25T19:09:41+00:00\",\"dateModified\":\"2026-06-25T19:28:28+00:00\",\"mainEntityOfPage\":{\"@id\":\"https:\/\/revistavitrineibiuna.com.br\/?p=36234#webpage\"},\"commentCount\":0,\"publisher\":{\"@id\":\"https:\/\/revistavitrineibiuna.com.br\/#\/schema\/person\/e51ef49d6d88170ea21ceabff3f73deb\"},\"image\":{\"@id\":\"https:\/\/revistavitrineibiuna.com.br\/?p=36234#primaryimage\"},\"articleSection\":\"Not\\u00edcias\",\"inLanguage\":\"pt-BR\",\"potentialAction\":[{\"@type\":\"CommentAction\",\"name\":\"Comment\",\"target\":[\"https:\/\/revistavitrineibiuna.com.br\/?p=36234#respond\"]}]},{\"@type\":[\"Person\",\"Organization\"],\"@id\":\"https:\/\/revistavitrineibiuna.com.br\/#\/schema\/person\/e51ef49d6d88170ea21ceabff3f73deb\",\"name\":\"Carlos Rossini\",\"image\":{\"@type\":\"ImageObject\",\"@id\":\"https:\/\/revistavitrineibiuna.com.br\/#personlogo\",\"inLanguage\":\"pt-BR\",\"url\":\"https:\/\/secure.gravatar.com\/avatar\/4f2d0f99fac1f85c7d643f21f5c8d900?s=96&d=mm&r=g\",\"caption\":\"Carlos Rossini\"},\"logo\":{\"@id\":\"https:\/\/revistavitrineibiuna.com.br\/#personlogo\"},\"description\":\"Carlos Rossini \\u00e9 jornalista, soci\\u00f3logo, escritor e professor universit\\u00e1rio, tendo sido professor de jornalismo por vinte anos. Trabalhou em ve\\u00edculos de comunica\\u00e7\\u00e3o nas fun\\u00e7\\u00f5es de rep\\u00f3rter, redator, editor, articulista e colaborador, como Folha de S. Paulo, O Estado de S. Paulo, Di\\u00e1rio Popular, entre outros. Ao transferir a revista vitrine, vers\\u00e3o imprensa, de S\\u00e3o Paulo para Ibi\\u00fana h\\u00e1 alguns anos, iniciou uma nova experi\\u00eancia profissional, dedicando-se ao jornalismo regional, depois de cumprir uma trajet\\u00f3ria bem-sucedida na grande imprensa brasileira. Seu primeiro livro A Coragem de Comunicar foi lan\\u00e7ado na Bienal do Livro em S\\u00e3o Paulo no ano 2000, pela editora Madras.\"}]}<\/script>\n<!-- \/ Yoast SEO plugin. -->","_links":{"self":[{"href":"https:\/\/revistavitrineibiuna.com.br\/index.php?rest_route=\/wp\/v2\/posts\/36234"}],"collection":[{"href":"https:\/\/revistavitrineibiuna.com.br\/index.php?rest_route=\/wp\/v2\/posts"}],"about":[{"href":"https:\/\/revistavitrineibiuna.com.br\/index.php?rest_route=\/wp\/v2\/types\/post"}],"author":[{"embeddable":true,"href":"https:\/\/revistavitrineibiuna.com.br\/index.php?rest_route=\/wp\/v2\/users\/1"}],"replies":[{"embeddable":true,"href":"https:\/\/revistavitrineibiuna.com.br\/index.php?rest_route=%2Fwp%2Fv2%2Fcomments&post=36234"}],"version-history":[{"count":4,"href":"https:\/\/revistavitrineibiuna.com.br\/index.php?rest_route=\/wp\/v2\/posts\/36234\/revisions"}],"predecessor-version":[{"id":36240,"href":"https:\/\/revistavitrineibiuna.com.br\/index.php?rest_route=\/wp\/v2\/posts\/36234\/revisions\/36240"}],"wp:featuredmedia":[{"embeddable":true,"href":"https:\/\/revistavitrineibiuna.com.br\/index.php?rest_route=\/wp\/v2\/media\/36235"}],"wp:attachment":[{"href":"https:\/\/revistavitrineibiuna.com.br\/index.php?rest_route=%2Fwp%2Fv2%2Fmedia&parent=36234"}],"wp:term":[{"taxonomy":"category","embeddable":true,"href":"https:\/\/revistavitrineibiuna.com.br\/index.php?rest_route=%2Fwp%2Fv2%2Fcategories&post=36234"},{"taxonomy":"post_tag","embeddable":true,"href":"https:\/\/revistavitrineibiuna.com.br\/index.php?rest_route=%2Fwp%2Fv2%2Ftags&post=36234"}],"curies":[{"name":"wp","href":"https:\/\/api.w.org\/{rel}","templated":true}]}}