{"id":36260,"date":"2026-07-05T14:04:58","date_gmt":"2026-07-05T17:04:58","guid":{"rendered":"http:\/\/revistavitrineibiuna.com.br\/?p=36260"},"modified":"2026-07-05T14:04:59","modified_gmt":"2026-07-05T17:04:59","slug":"saude-publica-de-ibiuna-merece-transparencia","status":"publish","type":"post","link":"https:\/\/revistavitrineibiuna.com.br\/?p=36260","title":{"rendered":"SA\u00daDE P\u00daBLICA DE IBI\u00daNA MERECE TRANSPAR\u00caNCIA"},"content":{"rendered":"\n<p><strong>Por Lucas Pires \u2013 vereador e presidente da Comiss\u00e3o de Sa\u00fade de Ibi\u00fana<\/strong><\/p>\n\n\n\n<p class=\"has-drop-cap\"><strong>A sa\u00fade p\u00fablica \u00e9, sem d\u00favida, a maior urg\u00eancia da nossa cidade. Filas de espera para consultas com especialistas, exames, fisioterapia e cardiologia s\u00e3o uma realidade dolorosa para muitos cidad\u00e3os de Ibi\u00fana. Por isso, quando o Prefeito M\u00e1rio Pires enviou \u00e0 C\u00e2mara Municipal o Projeto de Lei n\u00ba 252\/2026, que cria a chamada &#8220;Tabela SUS&#8221;, eu fui o primeiro a reconhecer: a ideia central \u00e9 boa.<\/strong><\/p>\n\n\n\n<p><strong>O objetivo do projeto \u00e9 credenciar m\u00e9dicos e cl\u00ednicas particulares para atender a nossa popula\u00e7\u00e3o e zerar essas filas. Como vereador e Presidente da Comiss\u00e3o de Sa\u00fade, eu jamais seria contra uma iniciativa que visa aliviar o sofrimento das pessoas. No entanto, uma boa inten\u00e7\u00e3o n\u00e3o sobrevive a um projeto mal escrito.<\/strong><\/p>\n\n\n\n<p><strong>Ao analisar o texto original enviado pelo Executivo, ficou claro que o PL 252\/2026 era gen\u00e9rico, cheio de lacunas e, em alguns pontos, perigoso para os cofres e para a qualidade do atendimento ao cidad\u00e3o. O projeto falhava em quest\u00f5es b\u00e1sicas:<\/strong><\/p>\n\n\n\n<p><strong>&#8211; Valores defasados: a remunera\u00e7\u00e3o proposta aos m\u00e9dicos credenciados \u00e9 baixa, o que dificulta a atra\u00e7\u00e3o de bons profissionais.<\/strong><\/p>\n\n\n\n<p><strong>&#8211; Falta de crit\u00e9rios de qualidade: o texto n\u00e3o exige nenhuma comprova\u00e7\u00e3o rigorosa de excel\u00eancia na hora de selecionar os m\u00e9dicos e cl\u00ednicas que far\u00e3o os atendimentos.<\/strong><\/p>\n\n\n\n<p><strong>&#8211; Incerteza sobre a localiza\u00e7\u00e3o: n\u00e3o h\u00e1 garantias de onde esses atendimentos ocorrer\u00e3o. Ser\u00e3o fora de Ibi\u00fana? Se sim, como os pacientes, muitas vezes debilitados, ser\u00e3o transportados?<\/strong><\/p>\n\n\n\n<p><strong>&#8211; Cheque em branco: o projeto permitia que futuros reajustes fossem feitos sem passar pela aprova\u00e7\u00e3o da C\u00e2mara, retirando o poder de fiscaliza\u00e7\u00e3o dos vereadores.<\/strong><\/p>\n\n\n\n<p><strong>Para corrigir essas falhas graves, garantir a transpar\u00eancia e proteger o dinheiro p\u00fablico, apresentei 10 emendas (altera\u00e7\u00f5es) ao projeto.<\/strong><\/p>\n\n\n\n<p><strong>Minhas emendas n\u00e3o mudavam o objetivo do prefeito, mas sim o m\u00e9todo. Elas exigiam crit\u00e9rios claros para o credenciamento, regras de transporte e localiza\u00e7\u00e3o para os pacientes, transpar\u00eancia das filas e a obrigatoriedade de que qualquer reajuste futuro passasse pela fiscaliza\u00e7\u00e3o da C\u00e2mara Municipal. Eram travas de seguran\u00e7a para garantir que a Tabela SUS funcionasse na pr\u00e1tica, e n\u00e3o apenas no papel.<\/strong><\/p>\n\n\n\n<p><strong>Infelizmente, a maioria dos vereadores rejeitou as minhas emendas. O motivo? Nenhuma justificativa t\u00e9cnica. Nenhum debate sobre como melhorar a sa\u00fade. Votaram contra simplesmente porque seguiram a orienta\u00e7\u00e3o do l\u00edder do prefeito, que pediu a rejei\u00e7\u00e3o das melhorias.<\/strong><\/p>\n\n\n\n<p><strong>Ao derrubarem emendas que traziam transpar\u00eancia e qualidade, a base do prefeito aprovou um projeto no escuro.<\/strong><\/p>\n\n\n\n<p><strong>Continuarei fiscalizando cada passo da implementa\u00e7\u00e3o dessa Tabela SUS. A popula\u00e7\u00e3o de Ibi\u00fana tem o direito de ser atendida com dignidade, por bons profissionais, perto de casa e com total transpar\u00eancia sobre como o dinheiro dos nossos impostos est\u00e1 sendo gasto. O meu compromisso sempre ser\u00e1 com a sa\u00fade e com a verdade, e n\u00e3o com orienta\u00e7\u00f5es cegas de lideran\u00e7as pol\u00edticas.<\/strong><\/p>\n","protected":false},"excerpt":{"rendered":"<p>Por Lucas Pires \u2013 vereador e presidente da Comiss\u00e3o de Sa\u00fade de Ibi\u00fana A sa\u00fade p\u00fablica \u00e9, sem d\u00favida, a<\/p>\n","protected":false},"author":1,"featured_media":36261,"comment_status":"open","ping_status":"open","sticky":false,"template":"","format":"standard","meta":[],"categories":[3],"tags":[],"yoast_head":"<!-- This site is optimized with the Yoast SEO plugin v15.8 - https:\/\/yoast.com\/wordpress\/plugins\/seo\/ -->\n<title>SA\u00daDE P\u00daBLICA DE IBI\u00daNA MERECE TRANSPAR\u00caNCIA - Revista Vitrine Online<\/title>\n<meta name=\"robots\" content=\"index, follow, max-snippet:-1, max-image-preview:large, max-video-preview:-1\" \/>\n<link rel=\"canonical\" href=\"https:\/\/revistavitrineibiuna.com.br\/?p=36260\" \/>\n<meta property=\"og:locale\" content=\"pt_BR\" \/>\n<meta property=\"og:type\" content=\"article\" \/>\n<meta property=\"og:title\" content=\"SA\u00daDE P\u00daBLICA DE IBI\u00daNA MERECE TRANSPAR\u00caNCIA - Revista Vitrine Online\" \/>\n<meta property=\"og:description\" content=\"Por Lucas Pires \u2013 vereador e presidente da Comiss\u00e3o de Sa\u00fade de Ibi\u00fana A sa\u00fade p\u00fablica \u00e9, sem d\u00favida, a\" \/>\n<meta property=\"og:url\" content=\"https:\/\/revistavitrineibiuna.com.br\/?p=36260\" \/>\n<meta property=\"og:site_name\" content=\"Revista Vitrine Online\" \/>\n<meta property=\"article:published_time\" content=\"2026-07-05T17:04:58+00:00\" \/>\n<meta property=\"article:modified_time\" content=\"2026-07-05T17:04:59+00:00\" \/>\n<meta property=\"og:image\" content=\"https:\/\/revistavitrineibiuna.com.br\/wp-content\/uploads\/2026\/07\/lucas-pires-2.png\" \/>\n\t<meta property=\"og:image:width\" content=\"498\" \/>\n\t<meta property=\"og:image:height\" content=\"304\" \/>\n<meta name=\"twitter:card\" content=\"summary\" \/>\n<meta name=\"twitter:label1\" content=\"Est. reading time\">\n\t<meta name=\"twitter:data1\" content=\"3 minutos\">\n<script type=\"application\/ld+json\" class=\"yoast-schema-graph\">{\"@context\":\"https:\/\/schema.org\",\"@graph\":[{\"@type\":\"WebSite\",\"@id\":\"https:\/\/revistavitrineibiuna.com.br\/#website\",\"url\":\"https:\/\/revistavitrineibiuna.com.br\/\",\"name\":\"Revista Vitrine Ibi\\u00fana\",\"description\":\"A Revista de Ibi\\u00fana e Regi\\u00e3o\",\"publisher\":{\"@id\":\"https:\/\/revistavitrineibiuna.com.br\/#\/schema\/person\/e51ef49d6d88170ea21ceabff3f73deb\"},\"potentialAction\":[{\"@type\":\"SearchAction\",\"target\":\"https:\/\/revistavitrineibiuna.com.br\/?s={search_term_string}\",\"query-input\":\"required name=search_term_string\"}],\"inLanguage\":\"pt-BR\"},{\"@type\":\"ImageObject\",\"@id\":\"https:\/\/revistavitrineibiuna.com.br\/?p=36260#primaryimage\",\"inLanguage\":\"pt-BR\",\"url\":\"https:\/\/revistavitrineibiuna.com.br\/wp-content\/uploads\/2026\/07\/lucas-pires-2.png\",\"width\":498,\"height\":304},{\"@type\":\"WebPage\",\"@id\":\"https:\/\/revistavitrineibiuna.com.br\/?p=36260#webpage\",\"url\":\"https:\/\/revistavitrineibiuna.com.br\/?p=36260\",\"name\":\"SA\\u00daDE P\\u00daBLICA DE IBI\\u00daNA MERECE TRANSPAR\\u00caNCIA - Revista Vitrine Online\",\"isPartOf\":{\"@id\":\"https:\/\/revistavitrineibiuna.com.br\/#website\"},\"primaryImageOfPage\":{\"@id\":\"https:\/\/revistavitrineibiuna.com.br\/?p=36260#primaryimage\"},\"datePublished\":\"2026-07-05T17:04:58+00:00\",\"dateModified\":\"2026-07-05T17:04:59+00:00\",\"breadcrumb\":{\"@id\":\"https:\/\/revistavitrineibiuna.com.br\/?p=36260#breadcrumb\"},\"inLanguage\":\"pt-BR\",\"potentialAction\":[{\"@type\":\"ReadAction\",\"target\":[\"https:\/\/revistavitrineibiuna.com.br\/?p=36260\"]}]},{\"@type\":\"BreadcrumbList\",\"@id\":\"https:\/\/revistavitrineibiuna.com.br\/?p=36260#breadcrumb\",\"itemListElement\":[{\"@type\":\"ListItem\",\"position\":1,\"item\":{\"@type\":\"WebPage\",\"@id\":\"https:\/\/revistavitrineibiuna.com.br\/\",\"url\":\"https:\/\/revistavitrineibiuna.com.br\/\",\"name\":\"In\\u00edcio\"}},{\"@type\":\"ListItem\",\"position\":2,\"item\":{\"@type\":\"WebPage\",\"@id\":\"https:\/\/revistavitrineibiuna.com.br\/?p=36260\",\"url\":\"https:\/\/revistavitrineibiuna.com.br\/?p=36260\",\"name\":\"SA\\u00daDE P\\u00daBLICA DE IBI\\u00daNA MERECE TRANSPAR\\u00caNCIA\"}}]},{\"@type\":\"Article\",\"@id\":\"https:\/\/revistavitrineibiuna.com.br\/?p=36260#article\",\"isPartOf\":{\"@id\":\"https:\/\/revistavitrineibiuna.com.br\/?p=36260#webpage\"},\"author\":{\"@id\":\"https:\/\/revistavitrineibiuna.com.br\/#\/schema\/person\/e51ef49d6d88170ea21ceabff3f73deb\"},\"headline\":\"SA\\u00daDE P\\u00daBLICA DE IBI\\u00daNA MERECE TRANSPAR\\u00caNCIA\",\"datePublished\":\"2026-07-05T17:04:58+00:00\",\"dateModified\":\"2026-07-05T17:04:59+00:00\",\"mainEntityOfPage\":{\"@id\":\"https:\/\/revistavitrineibiuna.com.br\/?p=36260#webpage\"},\"commentCount\":0,\"publisher\":{\"@id\":\"https:\/\/revistavitrineibiuna.com.br\/#\/schema\/person\/e51ef49d6d88170ea21ceabff3f73deb\"},\"image\":{\"@id\":\"https:\/\/revistavitrineibiuna.com.br\/?p=36260#primaryimage\"},\"articleSection\":\"Not\\u00edcias\",\"inLanguage\":\"pt-BR\",\"potentialAction\":[{\"@type\":\"CommentAction\",\"name\":\"Comment\",\"target\":[\"https:\/\/revistavitrineibiuna.com.br\/?p=36260#respond\"]}]},{\"@type\":[\"Person\",\"Organization\"],\"@id\":\"https:\/\/revistavitrineibiuna.com.br\/#\/schema\/person\/e51ef49d6d88170ea21ceabff3f73deb\",\"name\":\"Carlos Rossini\",\"image\":{\"@type\":\"ImageObject\",\"@id\":\"https:\/\/revistavitrineibiuna.com.br\/#personlogo\",\"inLanguage\":\"pt-BR\",\"url\":\"https:\/\/secure.gravatar.com\/avatar\/4f2d0f99fac1f85c7d643f21f5c8d900?s=96&d=mm&r=g\",\"caption\":\"Carlos Rossini\"},\"logo\":{\"@id\":\"https:\/\/revistavitrineibiuna.com.br\/#personlogo\"},\"description\":\"Carlos Rossini \\u00e9 jornalista, soci\\u00f3logo, escritor e professor universit\\u00e1rio, tendo sido professor de jornalismo por vinte anos. Trabalhou em ve\\u00edculos de comunica\\u00e7\\u00e3o nas fun\\u00e7\\u00f5es de rep\\u00f3rter, redator, editor, articulista e colaborador, como Folha de S. Paulo, O Estado de S. Paulo, Di\\u00e1rio Popular, entre outros. Ao transferir a revista vitrine, vers\\u00e3o imprensa, de S\\u00e3o Paulo para Ibi\\u00fana h\\u00e1 alguns anos, iniciou uma nova experi\\u00eancia profissional, dedicando-se ao jornalismo regional, depois de cumprir uma trajet\\u00f3ria bem-sucedida na grande imprensa brasileira. Seu primeiro livro A Coragem de Comunicar foi lan\\u00e7ado na Bienal do Livro em S\\u00e3o Paulo no ano 2000, pela editora Madras.\"}]}<\/script>\n<!-- \/ Yoast SEO plugin. -->","_links":{"self":[{"href":"https:\/\/revistavitrineibiuna.com.br\/index.php?rest_route=\/wp\/v2\/posts\/36260"}],"collection":[{"href":"https:\/\/revistavitrineibiuna.com.br\/index.php?rest_route=\/wp\/v2\/posts"}],"about":[{"href":"https:\/\/revistavitrineibiuna.com.br\/index.php?rest_route=\/wp\/v2\/types\/post"}],"author":[{"embeddable":true,"href":"https:\/\/revistavitrineibiuna.com.br\/index.php?rest_route=\/wp\/v2\/users\/1"}],"replies":[{"embeddable":true,"href":"https:\/\/revistavitrineibiuna.com.br\/index.php?rest_route=%2Fwp%2Fv2%2Fcomments&post=36260"}],"version-history":[{"count":1,"href":"https:\/\/revistavitrineibiuna.com.br\/index.php?rest_route=\/wp\/v2\/posts\/36260\/revisions"}],"predecessor-version":[{"id":36262,"href":"https:\/\/revistavitrineibiuna.com.br\/index.php?rest_route=\/wp\/v2\/posts\/36260\/revisions\/36262"}],"wp:featuredmedia":[{"embeddable":true,"href":"https:\/\/revistavitrineibiuna.com.br\/index.php?rest_route=\/wp\/v2\/media\/36261"}],"wp:attachment":[{"href":"https:\/\/revistavitrineibiuna.com.br\/index.php?rest_route=%2Fwp%2Fv2%2Fmedia&parent=36260"}],"wp:term":[{"taxonomy":"category","embeddable":true,"href":"https:\/\/revistavitrineibiuna.com.br\/index.php?rest_route=%2Fwp%2Fv2%2Fcategories&post=36260"},{"taxonomy":"post_tag","embeddable":true,"href":"https:\/\/revistavitrineibiuna.com.br\/index.php?rest_route=%2Fwp%2Fv2%2Ftags&post=36260"}],"curies":[{"name":"wp","href":"https:\/\/api.w.org\/{rel}","templated":true}]}}