{"id":36263,"date":"2026-07-06T09:39:15","date_gmt":"2026-07-06T12:39:15","guid":{"rendered":"http:\/\/revistavitrineibiuna.com.br\/?p=36263"},"modified":"2026-07-06T09:39:16","modified_gmt":"2026-07-06T12:39:16","slug":"ibiuna-viacao-raposo-tavares-reduz-linhas-e-prejudica-populacao","status":"publish","type":"post","link":"https:\/\/revistavitrineibiuna.com.br\/?p=36263","title":{"rendered":"IBI\u00daNA \u2013 VIA\u00c7\u00c3O RAPOSO TAVARES REDUZ LINHAS E PREJUDICA POPULA\u00c7\u00c3O"},"content":{"rendered":"\n<p class=\"has-drop-cap\"><strong>Mais uma vez, por conta das f\u00e9rias escolares e para manter sua opera\u00e7\u00e3o rent\u00e1vel, a Via\u00e7\u00e3o Raposo Tavares reduz as linhas de \u00f4nibus no munic\u00edpio de Ibi\u00fana.<\/strong><\/p>\n\n\n\n<p><strong>Vitrine online recebeu diversas queixas dos usu\u00e1rios desse servi\u00e7o p\u00fablico cronicamente prec\u00e1rio, principalmente trabalhadores que vivem num das dezenas dos bairros do munic\u00edpios, alguns bem distantes do centro, e pessoas que t\u00eam consulta m\u00e9dica ou precisam fazer compras na cidade.<\/strong><\/p>\n\n\n\n<p><strong>O curioso \u00e9 que a garagem desses ve\u00edculos orienta para buscar informa\u00e7\u00f5es corretas das linhas cortadas na prefeitura ou Cotia, onde fica a matriz da empresa, que, como se sabe, n\u00e3o prestam as informa\u00e7\u00f5es pela for\u00e7a do h\u00e1bito de manter a popula\u00e7\u00e3o desinformada.<\/strong><\/p>\n\n\n\n<p><strong>JUSTI\u00c7A BLOQUEOU AUMENTO<\/strong><\/p>\n\n\n\n<p><strong>Como se n\u00e3o bastassem os transtornos provocados na popula\u00e7\u00e3o ibiunense com a redu\u00e7\u00e3o das linhas nos per\u00edodos escolares, em abril deste ano a ju\u00edza Taiana Josviak D\u2019Avila, da 2\u00aa Vara da Comarca de Ibi\u00fana, julgou procedente a a\u00e7\u00e3o popular proposta pelo advogado e cidad\u00e3o ibiunense tenente PM Adilson Ribeiro, reconhecendo a ilegalidade do aumento da tarifa do transporte coletivo no munic\u00edpio.<\/strong><\/p>\n\n\n\n<p><strong>O decreto da Prefeitura pretendia aumentar a tarifa de R$ 5,90 para R$ 9,50 dos passes escolares e do vale transporte o que tornaria a passagem de \u00f4nibus mais cara entre os munic\u00edpios do estado de S\u00e3o Paulo, enquanto alguns munic\u00edpios j\u00e1 vinham aplicando a tarifa zero. (C.R.)<\/strong><\/p>\n","protected":false},"excerpt":{"rendered":"<p>Mais uma vez, por conta das f\u00e9rias escolares e para manter sua opera\u00e7\u00e3o rent\u00e1vel, a Via\u00e7\u00e3o Raposo Tavares reduz as<\/p>\n","protected":false},"author":1,"featured_media":36264,"comment_status":"open","ping_status":"open","sticky":false,"template":"","format":"standard","meta":[],"categories":[3],"tags":[],"yoast_head":"<!-- This site is optimized with the Yoast SEO plugin v15.8 - https:\/\/yoast.com\/wordpress\/plugins\/seo\/ -->\n<title>IBI\u00daNA \u2013 VIA\u00c7\u00c3O RAPOSO TAVARES REDUZ LINHAS E PREJUDICA POPULA\u00c7\u00c3O - Revista Vitrine Online<\/title>\n<meta name=\"robots\" content=\"index, follow, max-snippet:-1, max-image-preview:large, max-video-preview:-1\" \/>\n<link rel=\"canonical\" href=\"https:\/\/revistavitrineibiuna.com.br\/?p=36263\" \/>\n<meta property=\"og:locale\" content=\"pt_BR\" \/>\n<meta property=\"og:type\" content=\"article\" \/>\n<meta property=\"og:title\" content=\"IBI\u00daNA \u2013 VIA\u00c7\u00c3O RAPOSO TAVARES REDUZ LINHAS E PREJUDICA POPULA\u00c7\u00c3O - Revista Vitrine Online\" \/>\n<meta property=\"og:description\" content=\"Mais uma vez, por conta das f\u00e9rias escolares e para manter sua opera\u00e7\u00e3o rent\u00e1vel, a Via\u00e7\u00e3o Raposo Tavares reduz as\" \/>\n<meta property=\"og:url\" content=\"https:\/\/revistavitrineibiuna.com.br\/?p=36263\" \/>\n<meta property=\"og:site_name\" content=\"Revista Vitrine Online\" \/>\n<meta property=\"article:published_time\" content=\"2026-07-06T12:39:15+00:00\" \/>\n<meta property=\"article:modified_time\" content=\"2026-07-06T12:39:16+00:00\" \/>\n<meta property=\"og:image\" content=\"https:\/\/revistavitrineibiuna.com.br\/wp-content\/uploads\/2026\/07\/ONIBUS-2-1-800x445-1.png\" \/>\n\t<meta property=\"og:image:width\" content=\"800\" \/>\n\t<meta property=\"og:image:height\" content=\"445\" \/>\n<meta name=\"twitter:card\" content=\"summary\" \/>\n<meta name=\"twitter:label1\" content=\"Est. reading time\">\n\t<meta name=\"twitter:data1\" content=\"1 minuto\">\n<script type=\"application\/ld+json\" class=\"yoast-schema-graph\">{\"@context\":\"https:\/\/schema.org\",\"@graph\":[{\"@type\":\"WebSite\",\"@id\":\"https:\/\/revistavitrineibiuna.com.br\/#website\",\"url\":\"https:\/\/revistavitrineibiuna.com.br\/\",\"name\":\"Revista Vitrine Ibi\\u00fana\",\"description\":\"A Revista de Ibi\\u00fana e Regi\\u00e3o\",\"publisher\":{\"@id\":\"https:\/\/revistavitrineibiuna.com.br\/#\/schema\/person\/e51ef49d6d88170ea21ceabff3f73deb\"},\"potentialAction\":[{\"@type\":\"SearchAction\",\"target\":\"https:\/\/revistavitrineibiuna.com.br\/?s={search_term_string}\",\"query-input\":\"required name=search_term_string\"}],\"inLanguage\":\"pt-BR\"},{\"@type\":\"ImageObject\",\"@id\":\"https:\/\/revistavitrineibiuna.com.br\/?p=36263#primaryimage\",\"inLanguage\":\"pt-BR\",\"url\":\"https:\/\/revistavitrineibiuna.com.br\/wp-content\/uploads\/2026\/07\/ONIBUS-2-1-800x445-1.png\",\"width\":800,\"height\":445},{\"@type\":\"WebPage\",\"@id\":\"https:\/\/revistavitrineibiuna.com.br\/?p=36263#webpage\",\"url\":\"https:\/\/revistavitrineibiuna.com.br\/?p=36263\",\"name\":\"IBI\\u00daNA \\u2013 VIA\\u00c7\\u00c3O RAPOSO TAVARES REDUZ LINHAS E PREJUDICA POPULA\\u00c7\\u00c3O - Revista Vitrine Online\",\"isPartOf\":{\"@id\":\"https:\/\/revistavitrineibiuna.com.br\/#website\"},\"primaryImageOfPage\":{\"@id\":\"https:\/\/revistavitrineibiuna.com.br\/?p=36263#primaryimage\"},\"datePublished\":\"2026-07-06T12:39:15+00:00\",\"dateModified\":\"2026-07-06T12:39:16+00:00\",\"breadcrumb\":{\"@id\":\"https:\/\/revistavitrineibiuna.com.br\/?p=36263#breadcrumb\"},\"inLanguage\":\"pt-BR\",\"potentialAction\":[{\"@type\":\"ReadAction\",\"target\":[\"https:\/\/revistavitrineibiuna.com.br\/?p=36263\"]}]},{\"@type\":\"BreadcrumbList\",\"@id\":\"https:\/\/revistavitrineibiuna.com.br\/?p=36263#breadcrumb\",\"itemListElement\":[{\"@type\":\"ListItem\",\"position\":1,\"item\":{\"@type\":\"WebPage\",\"@id\":\"https:\/\/revistavitrineibiuna.com.br\/\",\"url\":\"https:\/\/revistavitrineibiuna.com.br\/\",\"name\":\"In\\u00edcio\"}},{\"@type\":\"ListItem\",\"position\":2,\"item\":{\"@type\":\"WebPage\",\"@id\":\"https:\/\/revistavitrineibiuna.com.br\/?p=36263\",\"url\":\"https:\/\/revistavitrineibiuna.com.br\/?p=36263\",\"name\":\"IBI\\u00daNA \\u2013 VIA\\u00c7\\u00c3O RAPOSO TAVARES REDUZ LINHAS E PREJUDICA POPULA\\u00c7\\u00c3O\"}}]},{\"@type\":\"Article\",\"@id\":\"https:\/\/revistavitrineibiuna.com.br\/?p=36263#article\",\"isPartOf\":{\"@id\":\"https:\/\/revistavitrineibiuna.com.br\/?p=36263#webpage\"},\"author\":{\"@id\":\"https:\/\/revistavitrineibiuna.com.br\/#\/schema\/person\/e51ef49d6d88170ea21ceabff3f73deb\"},\"headline\":\"IBI\\u00daNA \\u2013 VIA\\u00c7\\u00c3O RAPOSO TAVARES REDUZ LINHAS E PREJUDICA POPULA\\u00c7\\u00c3O\",\"datePublished\":\"2026-07-06T12:39:15+00:00\",\"dateModified\":\"2026-07-06T12:39:16+00:00\",\"mainEntityOfPage\":{\"@id\":\"https:\/\/revistavitrineibiuna.com.br\/?p=36263#webpage\"},\"commentCount\":0,\"publisher\":{\"@id\":\"https:\/\/revistavitrineibiuna.com.br\/#\/schema\/person\/e51ef49d6d88170ea21ceabff3f73deb\"},\"image\":{\"@id\":\"https:\/\/revistavitrineibiuna.com.br\/?p=36263#primaryimage\"},\"articleSection\":\"Not\\u00edcias\",\"inLanguage\":\"pt-BR\",\"potentialAction\":[{\"@type\":\"CommentAction\",\"name\":\"Comment\",\"target\":[\"https:\/\/revistavitrineibiuna.com.br\/?p=36263#respond\"]}]},{\"@type\":[\"Person\",\"Organization\"],\"@id\":\"https:\/\/revistavitrineibiuna.com.br\/#\/schema\/person\/e51ef49d6d88170ea21ceabff3f73deb\",\"name\":\"Carlos Rossini\",\"image\":{\"@type\":\"ImageObject\",\"@id\":\"https:\/\/revistavitrineibiuna.com.br\/#personlogo\",\"inLanguage\":\"pt-BR\",\"url\":\"https:\/\/secure.gravatar.com\/avatar\/4f2d0f99fac1f85c7d643f21f5c8d900?s=96&d=mm&r=g\",\"caption\":\"Carlos Rossini\"},\"logo\":{\"@id\":\"https:\/\/revistavitrineibiuna.com.br\/#personlogo\"},\"description\":\"Carlos Rossini \\u00e9 jornalista, soci\\u00f3logo, escritor e professor universit\\u00e1rio, tendo sido professor de jornalismo por vinte anos. Trabalhou em ve\\u00edculos de comunica\\u00e7\\u00e3o nas fun\\u00e7\\u00f5es de rep\\u00f3rter, redator, editor, articulista e colaborador, como Folha de S. Paulo, O Estado de S. Paulo, Di\\u00e1rio Popular, entre outros. Ao transferir a revista vitrine, vers\\u00e3o imprensa, de S\\u00e3o Paulo para Ibi\\u00fana h\\u00e1 alguns anos, iniciou uma nova experi\\u00eancia profissional, dedicando-se ao jornalismo regional, depois de cumprir uma trajet\\u00f3ria bem-sucedida na grande imprensa brasileira. Seu primeiro livro A Coragem de Comunicar foi lan\\u00e7ado na Bienal do Livro em S\\u00e3o Paulo no ano 2000, pela editora Madras.\"}]}<\/script>\n<!-- \/ Yoast SEO plugin. -->","_links":{"self":[{"href":"https:\/\/revistavitrineibiuna.com.br\/index.php?rest_route=\/wp\/v2\/posts\/36263"}],"collection":[{"href":"https:\/\/revistavitrineibiuna.com.br\/index.php?rest_route=\/wp\/v2\/posts"}],"about":[{"href":"https:\/\/revistavitrineibiuna.com.br\/index.php?rest_route=\/wp\/v2\/types\/post"}],"author":[{"embeddable":true,"href":"https:\/\/revistavitrineibiuna.com.br\/index.php?rest_route=\/wp\/v2\/users\/1"}],"replies":[{"embeddable":true,"href":"https:\/\/revistavitrineibiuna.com.br\/index.php?rest_route=%2Fwp%2Fv2%2Fcomments&post=36263"}],"version-history":[{"count":1,"href":"https:\/\/revistavitrineibiuna.com.br\/index.php?rest_route=\/wp\/v2\/posts\/36263\/revisions"}],"predecessor-version":[{"id":36265,"href":"https:\/\/revistavitrineibiuna.com.br\/index.php?rest_route=\/wp\/v2\/posts\/36263\/revisions\/36265"}],"wp:featuredmedia":[{"embeddable":true,"href":"https:\/\/revistavitrineibiuna.com.br\/index.php?rest_route=\/wp\/v2\/media\/36264"}],"wp:attachment":[{"href":"https:\/\/revistavitrineibiuna.com.br\/index.php?rest_route=%2Fwp%2Fv2%2Fmedia&parent=36263"}],"wp:term":[{"taxonomy":"category","embeddable":true,"href":"https:\/\/revistavitrineibiuna.com.br\/index.php?rest_route=%2Fwp%2Fv2%2Fcategories&post=36263"},{"taxonomy":"post_tag","embeddable":true,"href":"https:\/\/revistavitrineibiuna.com.br\/index.php?rest_route=%2Fwp%2Fv2%2Ftags&post=36263"}],"curies":[{"name":"wp","href":"https:\/\/api.w.org\/{rel}","templated":true}]}}