{"id":36266,"date":"2026-07-08T12:07:10","date_gmt":"2026-07-08T15:07:10","guid":{"rendered":"http:\/\/revistavitrineibiuna.com.br\/?p=36266"},"modified":"2026-07-08T12:58:33","modified_gmt":"2026-07-08T15:58:33","slug":"ibiuna-instituto-morgan-completa-20-dias-na-gestao-do-hospital-municipal","status":"publish","type":"post","link":"https:\/\/revistavitrineibiuna.com.br\/?p=36266","title":{"rendered":"IBI\u00daNA \u2013 INSTITUTO MORGAN COMPLETA 20 DIAS NA GEST\u00c3O DO HOSPITAL MUNICIPAL"},"content":{"rendered":"\n<p class=\"has-drop-cap\"><strong>Vitrine online visitou na manh\u00e3 de hoje (8) o Hospital Municipal de Ibi\u00fana, quando se completam 20 dias com a nova gest\u00e3o sob a responsabilidade do Instituto Morgan.<\/strong><\/p>\n\n\n\n<p><strong>A recep\u00e7\u00e3o se encontrava com v\u00e1rios pacientes e na porta de acesso ao interior, onde se realizam os atendimentos cl\u00ednicos, havia um comunicado com o nome de 5 m\u00e9dicos de plant\u00e3o, um dos quais na emerg\u00eancia.<\/strong><\/p>\n\n\n\n<p><strong>De modo geral, o ambiente interno se apresentava tranquilo, incluindo a interna\u00e7\u00e3o e o Pronto Socorro Infantil.<\/strong><\/p>\n\n\n\n<p><strong>CONFIAN\u00c7A E OTIMISMO<\/strong><\/p>\n\n\n\n<p><strong>Os profissionais da sa\u00fade ouvidos pelo rep\u00f3rter Carlos Rossini transpareceram um clima de confian\u00e7a e otimismo.<\/strong><\/p>\n\n\n\n<p><strong>Todos j\u00e1 haviam recebido o pagamento dos dias trabalhados para o Instituto, o que at\u00e9 o momento n\u00e3o ocorreu para os funcion\u00e1rios em rela\u00e7\u00e3o ao Igats, que ainda n\u00e3o teria recebido o repasse da Prefeitura, o que est\u00e1 provocando queixas, tipo \u201ctemos contas para pagar\u201d, entre outras.<\/strong> <strong>O motivo do n\u00e3o repasse ainda carece explica\u00e7\u00e3o por parte do Poder Executivo.<\/strong><\/p>\n\n\n\n<p><strong>O novo laborat\u00f3rio de an\u00e1lises cl\u00ednicas j\u00e1 est\u00e1 em pleno funcionamento.<\/strong><\/p>\n\n\n\n<p><strong>LAVANDERIA INTERDITADA<\/strong><\/p>\n\n\n\n<p><strong>A lavanderia foi interditada <em>sine die<\/em> por n\u00e3o ter passado pelo padr\u00e3o de qualidade exigido pelo Instituto Morgan, pelo que pudemos apurar.<\/strong><\/p>\n\n\n\n<p><strong>Todos os enxovais hospitalares passaram a serem lavados por uma empresa especializada. \u00c0 lavanderia s\u00e3o destinados apenas os panos de ch\u00e3o.<\/strong><\/p>\n\n\n\n<p><strong>SITUA\u00c7\u00c3O DE ABANDONO<\/strong><\/p>\n\n\n\n<p><strong>Vitrine online apurou tamb\u00e9m uma informa\u00e7\u00e3o relevante: h\u00e1 diversas pessoas internadas aparentemente abandonadas pela fam\u00edlia, algumas h\u00e1 meses, que dever\u00e3o ser alvo de aten\u00e7\u00e3o do servi\u00e7o social da Prefeitura, a fim de que possam ser acolhidas em outras institui\u00e7\u00f5es especializadas. (C.R.)<\/strong><\/p>\n","protected":false},"excerpt":{"rendered":"<p>Vitrine online visitou na manh\u00e3 de hoje (8) o Hospital Municipal de Ibi\u00fana, quando se completam 20 dias com a<\/p>\n","protected":false},"author":1,"featured_media":36267,"comment_status":"open","ping_status":"open","sticky":false,"template":"","format":"standard","meta":[],"categories":[3],"tags":[],"yoast_head":"<!-- This site is optimized with the Yoast SEO plugin v15.8 - https:\/\/yoast.com\/wordpress\/plugins\/seo\/ -->\n<title>IBI\u00daNA \u2013 INSTITUTO MORGAN COMPLETA 20 DIAS NA GEST\u00c3O DO HOSPITAL MUNICIPAL - Revista Vitrine Online<\/title>\n<meta name=\"robots\" content=\"index, follow, max-snippet:-1, max-image-preview:large, max-video-preview:-1\" \/>\n<link rel=\"canonical\" href=\"http:\/\/revistavitrineibiuna.com.br\/?p=36266\" \/>\n<meta property=\"og:locale\" content=\"pt_BR\" \/>\n<meta property=\"og:type\" content=\"article\" \/>\n<meta property=\"og:title\" content=\"IBI\u00daNA \u2013 INSTITUTO MORGAN COMPLETA 20 DIAS NA GEST\u00c3O DO HOSPITAL MUNICIPAL - Revista Vitrine Online\" \/>\n<meta property=\"og:description\" content=\"Vitrine online visitou na manh\u00e3 de hoje (8) o Hospital Municipal de Ibi\u00fana, quando se completam 20 dias com a\" \/>\n<meta property=\"og:url\" content=\"http:\/\/revistavitrineibiuna.com.br\/?p=36266\" \/>\n<meta property=\"og:site_name\" content=\"Revista Vitrine Online\" \/>\n<meta property=\"article:published_time\" content=\"2026-07-08T15:07:10+00:00\" \/>\n<meta property=\"article:modified_time\" content=\"2026-07-08T15:58:33+00:00\" \/>\n<meta property=\"og:image\" content=\"https:\/\/revistavitrineibiuna.com.br\/wp-content\/uploads\/2026\/07\/30b92f2d-ea66-44c7-9dda-3842ff296cde.jpg\" \/>\n\t<meta property=\"og:image:width\" content=\"1600\" \/>\n\t<meta property=\"og:image:height\" content=\"1200\" \/>\n<meta name=\"twitter:card\" content=\"summary\" \/>\n<meta name=\"twitter:label1\" content=\"Est. reading time\">\n\t<meta name=\"twitter:data1\" content=\"2 minutos\">\n<script type=\"application\/ld+json\" class=\"yoast-schema-graph\">{\"@context\":\"https:\/\/schema.org\",\"@graph\":[{\"@type\":\"WebSite\",\"@id\":\"https:\/\/revistavitrineibiuna.com.br\/#website\",\"url\":\"https:\/\/revistavitrineibiuna.com.br\/\",\"name\":\"Revista Vitrine Ibi\\u00fana\",\"description\":\"A Revista de Ibi\\u00fana e Regi\\u00e3o\",\"publisher\":{\"@id\":\"https:\/\/revistavitrineibiuna.com.br\/#\/schema\/person\/e51ef49d6d88170ea21ceabff3f73deb\"},\"potentialAction\":[{\"@type\":\"SearchAction\",\"target\":\"https:\/\/revistavitrineibiuna.com.br\/?s={search_term_string}\",\"query-input\":\"required name=search_term_string\"}],\"inLanguage\":\"pt-BR\"},{\"@type\":\"ImageObject\",\"@id\":\"http:\/\/revistavitrineibiuna.com.br\/?p=36266#primaryimage\",\"inLanguage\":\"pt-BR\",\"url\":\"https:\/\/revistavitrineibiuna.com.br\/wp-content\/uploads\/2026\/07\/30b92f2d-ea66-44c7-9dda-3842ff296cde.jpg\",\"width\":1600,\"height\":1200},{\"@type\":\"WebPage\",\"@id\":\"http:\/\/revistavitrineibiuna.com.br\/?p=36266#webpage\",\"url\":\"http:\/\/revistavitrineibiuna.com.br\/?p=36266\",\"name\":\"IBI\\u00daNA \\u2013 INSTITUTO MORGAN COMPLETA 20 DIAS NA GEST\\u00c3O DO HOSPITAL MUNICIPAL - Revista Vitrine Online\",\"isPartOf\":{\"@id\":\"https:\/\/revistavitrineibiuna.com.br\/#website\"},\"primaryImageOfPage\":{\"@id\":\"http:\/\/revistavitrineibiuna.com.br\/?p=36266#primaryimage\"},\"datePublished\":\"2026-07-08T15:07:10+00:00\",\"dateModified\":\"2026-07-08T15:58:33+00:00\",\"breadcrumb\":{\"@id\":\"http:\/\/revistavitrineibiuna.com.br\/?p=36266#breadcrumb\"},\"inLanguage\":\"pt-BR\",\"potentialAction\":[{\"@type\":\"ReadAction\",\"target\":[\"http:\/\/revistavitrineibiuna.com.br\/?p=36266\"]}]},{\"@type\":\"BreadcrumbList\",\"@id\":\"http:\/\/revistavitrineibiuna.com.br\/?p=36266#breadcrumb\",\"itemListElement\":[{\"@type\":\"ListItem\",\"position\":1,\"item\":{\"@type\":\"WebPage\",\"@id\":\"https:\/\/revistavitrineibiuna.com.br\/\",\"url\":\"https:\/\/revistavitrineibiuna.com.br\/\",\"name\":\"In\\u00edcio\"}},{\"@type\":\"ListItem\",\"position\":2,\"item\":{\"@type\":\"WebPage\",\"@id\":\"http:\/\/revistavitrineibiuna.com.br\/?p=36266\",\"url\":\"http:\/\/revistavitrineibiuna.com.br\/?p=36266\",\"name\":\"IBI\\u00daNA \\u2013 INSTITUTO MORGAN COMPLETA 20 DIAS NA GEST\\u00c3O DO HOSPITAL MUNICIPAL\"}}]},{\"@type\":\"Article\",\"@id\":\"http:\/\/revistavitrineibiuna.com.br\/?p=36266#article\",\"isPartOf\":{\"@id\":\"http:\/\/revistavitrineibiuna.com.br\/?p=36266#webpage\"},\"author\":{\"@id\":\"https:\/\/revistavitrineibiuna.com.br\/#\/schema\/person\/e51ef49d6d88170ea21ceabff3f73deb\"},\"headline\":\"IBI\\u00daNA \\u2013 INSTITUTO MORGAN COMPLETA 20 DIAS NA GEST\\u00c3O DO HOSPITAL MUNICIPAL\",\"datePublished\":\"2026-07-08T15:07:10+00:00\",\"dateModified\":\"2026-07-08T15:58:33+00:00\",\"mainEntityOfPage\":{\"@id\":\"http:\/\/revistavitrineibiuna.com.br\/?p=36266#webpage\"},\"commentCount\":0,\"publisher\":{\"@id\":\"https:\/\/revistavitrineibiuna.com.br\/#\/schema\/person\/e51ef49d6d88170ea21ceabff3f73deb\"},\"image\":{\"@id\":\"http:\/\/revistavitrineibiuna.com.br\/?p=36266#primaryimage\"},\"articleSection\":\"Not\\u00edcias\",\"inLanguage\":\"pt-BR\",\"potentialAction\":[{\"@type\":\"CommentAction\",\"name\":\"Comment\",\"target\":[\"http:\/\/revistavitrineibiuna.com.br\/?p=36266#respond\"]}]},{\"@type\":[\"Person\",\"Organization\"],\"@id\":\"https:\/\/revistavitrineibiuna.com.br\/#\/schema\/person\/e51ef49d6d88170ea21ceabff3f73deb\",\"name\":\"Carlos Rossini\",\"image\":{\"@type\":\"ImageObject\",\"@id\":\"https:\/\/revistavitrineibiuna.com.br\/#personlogo\",\"inLanguage\":\"pt-BR\",\"url\":\"https:\/\/secure.gravatar.com\/avatar\/4f2d0f99fac1f85c7d643f21f5c8d900?s=96&d=mm&r=g\",\"caption\":\"Carlos Rossini\"},\"logo\":{\"@id\":\"https:\/\/revistavitrineibiuna.com.br\/#personlogo\"},\"description\":\"Carlos Rossini \\u00e9 jornalista, soci\\u00f3logo, escritor e professor universit\\u00e1rio, tendo sido professor de jornalismo por vinte anos. Trabalhou em ve\\u00edculos de comunica\\u00e7\\u00e3o nas fun\\u00e7\\u00f5es de rep\\u00f3rter, redator, editor, articulista e colaborador, como Folha de S. Paulo, O Estado de S. Paulo, Di\\u00e1rio Popular, entre outros. Ao transferir a revista vitrine, vers\\u00e3o imprensa, de S\\u00e3o Paulo para Ibi\\u00fana h\\u00e1 alguns anos, iniciou uma nova experi\\u00eancia profissional, dedicando-se ao jornalismo regional, depois de cumprir uma trajet\\u00f3ria bem-sucedida na grande imprensa brasileira. Seu primeiro livro A Coragem de Comunicar foi lan\\u00e7ado na Bienal do Livro em S\\u00e3o Paulo no ano 2000, pela editora Madras.\"}]}<\/script>\n<!-- \/ Yoast SEO plugin. -->","_links":{"self":[{"href":"https:\/\/revistavitrineibiuna.com.br\/index.php?rest_route=\/wp\/v2\/posts\/36266"}],"collection":[{"href":"https:\/\/revistavitrineibiuna.com.br\/index.php?rest_route=\/wp\/v2\/posts"}],"about":[{"href":"https:\/\/revistavitrineibiuna.com.br\/index.php?rest_route=\/wp\/v2\/types\/post"}],"author":[{"embeddable":true,"href":"https:\/\/revistavitrineibiuna.com.br\/index.php?rest_route=\/wp\/v2\/users\/1"}],"replies":[{"embeddable":true,"href":"https:\/\/revistavitrineibiuna.com.br\/index.php?rest_route=%2Fwp%2Fv2%2Fcomments&post=36266"}],"version-history":[{"count":4,"href":"https:\/\/revistavitrineibiuna.com.br\/index.php?rest_route=\/wp\/v2\/posts\/36266\/revisions"}],"predecessor-version":[{"id":36272,"href":"https:\/\/revistavitrineibiuna.com.br\/index.php?rest_route=\/wp\/v2\/posts\/36266\/revisions\/36272"}],"wp:featuredmedia":[{"embeddable":true,"href":"https:\/\/revistavitrineibiuna.com.br\/index.php?rest_route=\/wp\/v2\/media\/36267"}],"wp:attachment":[{"href":"https:\/\/revistavitrineibiuna.com.br\/index.php?rest_route=%2Fwp%2Fv2%2Fmedia&parent=36266"}],"wp:term":[{"taxonomy":"category","embeddable":true,"href":"https:\/\/revistavitrineibiuna.com.br\/index.php?rest_route=%2Fwp%2Fv2%2Fcategories&post=36266"},{"taxonomy":"post_tag","embeddable":true,"href":"https:\/\/revistavitrineibiuna.com.br\/index.php?rest_route=%2Fwp%2Fv2%2Ftags&post=36266"}],"curies":[{"name":"wp","href":"https:\/\/api.w.org\/{rel}","templated":true}]}}