{"id":36273,"date":"2026-07-10T04:56:57","date_gmt":"2026-07-10T07:56:57","guid":{"rendered":"http:\/\/revistavitrineibiuna.com.br\/?p=36273"},"modified":"2026-07-10T05:01:38","modified_gmt":"2026-07-10T08:01:38","slug":"ibiuna-missao-do-instituto-morgan-vai-alem-do-atendimento-hospitalar","status":"publish","type":"post","link":"https:\/\/revistavitrineibiuna.com.br\/?p=36273","title":{"rendered":"IBI\u00daNA \u2013 MISS\u00c3O DO INSTITUTO MORGAN VAI AL\u00c9M DO ATENDIMENTO HOSPITALAR"},"content":{"rendered":"\n<p class=\"has-drop-cap\"><strong>A miss\u00e3o do Instituto Morgan, que assumiu no dia 19 de junho a gest\u00e3o do Hospital Municipal de Ibi\u00fana \u2013 HMI, vai al\u00e9m de assegurar a melhora substancial no atendimento de resultados aos pacientes, pela qual sua equipe est\u00e1 notavelmente empenhada.<\/strong><\/p>\n\n\n\n<p><strong>Seu triunfo ser\u00e1 consagrador se, al\u00e9m de atingir padr\u00f5es de excel\u00eancia em seus servi\u00e7os, em que come\u00e7ou a atuar, conseguir apagar da mem\u00f3ria dos cidad\u00e3os o estigma negativo que marca h\u00e1 d\u00e9cadas o HMI, nos sucessivos governos municipais que n\u00e3o conseguiram dot\u00e1-lo da credibilidade junto \u00e0 opini\u00e3o p\u00fablica.<\/strong><\/p>\n\n\n\n<p><strong>Quem acompanha a hist\u00f3ria do HMI sabe dos seus frequentes trope\u00e7os, reca\u00eddas e graves acontecimentos que comprometem a prec\u00e1ria imagem do seu desempenho, a despeito dos esfor\u00e7os dos profissionais da sa\u00fade. Isto porque, mesmo que se empenhem \u00e0 exaust\u00e3o em dar o melhor de si por amor ao of\u00edcio, se sentem impotentes diante dos problemas decorrentes da miopia ou mesmo incompet\u00eancia dos administradores do munic\u00edpio e que fogem \u00e0 sua compet\u00eancia.<\/strong><\/p>\n\n\n\n<p><strong>Entre os fatos hist\u00f3ricos que fazem parte de sua trajet\u00f3ria h\u00e1 relatos de atrasos cr\u00f4nicos de pagamentos dos profissionais de sa\u00fade e das empresas terceirizadas prestadoras de servi\u00e7os, como raio-X e laborat\u00f3rio de an\u00e1lises, demora \u00e0s vezes gritantes no atendimento aos pacientes, falta de medicamentos e insumos, plant\u00f5es complicados por conting\u00eancias, conflitos de natureza comportamental, entre outros motivos de queixas populares estampadas nas redes sociais.<\/strong><\/p>\n\n\n\n<p><strong>N\u00e3o ser\u00e1 exagero dizer que o hospital chegou a fechar as portas exatamente quando o prefeito era um m\u00e9dico, s\u00f3 para citar uma situa\u00e7\u00e3o t\u00e3o ir\u00f4nica quanto paradoxal.<\/strong><\/p>\n\n\n\n<p><strong>\u00c9 preciso repisar que o HMI \u00e9 o \u00fanico hospital da cidade e o lugar inapel\u00e1vel para quem precisa atendimento emergencial ou urgente, at\u00e9 que, quando requerido, o paciente seja estabilizado e possa ser transferido para um dos hospitais que atendam casos de alta complexidade em Sorocaba, sede de refer\u00eancia para toda a regi\u00e3o, ou mesmo S\u00e3o Paulo.<\/strong><\/p>\n\n\n\n<p><strong>Por que n\u00e3o h\u00e1 para onde fugir, na hora da premente necessidade, o destino imediato das ocorr\u00eancias \u00e9 o Hospital Municipal de Ibi\u00fana. \u00c9 fundamental, portanto, que se aprimore sua estrutura e funcionamento para fazer jus \u00e0 responsabilidade que lhe cabe no sistema de sa\u00fade p\u00fablico, vinculado ao SUS.<\/strong><\/p>\n\n\n\n<p><strong>E \u00e9 exatamente esse o ponto que preconizamos aqui e agora. Ao Instituto Morgan, presidido pelo empres\u00e1rio Amando Ganem Monte Alto, est\u00e1 entregue, por meio de licita\u00e7\u00e3o, o papel hist\u00f3rico de revolucionar o atendimento do HMI e apagar da mem\u00f3ria da popula\u00e7\u00e3o os aspectos negativos de sua imagem constru\u00edda no dia a dia ao longo do tempo.<\/strong><\/p>\n\n\n\n<figure class=\"wp-block-image size-large\"><img loading=\"lazy\" width=\"720\" height=\"950\" src=\"https:\/\/revistavitrineibiuna.com.br\/wp-content\/uploads\/2026\/07\/Amando.png\" alt=\"\" class=\"wp-image-36277\" srcset=\"https:\/\/revistavitrineibiuna.com.br\/wp-content\/uploads\/2026\/07\/Amando.png 720w, https:\/\/revistavitrineibiuna.com.br\/wp-content\/uploads\/2026\/07\/Amando-227x300.png 227w\" sizes=\"(max-width: 720px) 100vw, 720px\" \/><figcaption>Amando: sua empresa passa a enfrentar um desafio hist\u00f3rico no munic\u00edpio de Ibi\u00fana<\/figcaption><\/figure>\n\n\n\n<p><strong>Isso certamente ser\u00e1 facilitado se a rede b\u00e1sica de sa\u00fade, com seus postos nos bairros, conseguir conquistar a confian\u00e7a e passar a atrair os pacientes para casos que n\u00e3o precisariam necessariamente do hospital num primeiro momento.<\/strong><\/p>\n\n\n\n<p><strong>Mas, esse contexto somente acontecer\u00e1 se os atendimentos nas UBSs locais, entregues a outra organiza\u00e7\u00e3o, se mostrarem eficientes em atendimento profissional satisfat\u00f3rio, na percep\u00e7\u00e3o de resultados e dos sentimentos dos pacientes.<\/strong><\/p>\n\n\n\n<p><strong>Por \u00faltimo, mas n\u00e3o menos importante, a Prefeitura ter\u00e1 que honrar com sua parte de responsabilidade no processo de livrar o hospital de sua not\u00f3ria m\u00e1 fama, at\u00e9 aqui. (C.R.) &nbsp;<\/strong><\/p>\n","protected":false},"excerpt":{"rendered":"<p>A miss\u00e3o do Instituto Morgan, que assumiu no dia 19 de junho a gest\u00e3o do Hospital Municipal de Ibi\u00fana \u2013<\/p>\n","protected":false},"author":1,"featured_media":36274,"comment_status":"open","ping_status":"open","sticky":false,"template":"","format":"standard","meta":[],"categories":[3],"tags":[],"yoast_head":"<!-- This site is optimized with the Yoast SEO plugin v15.8 - https:\/\/yoast.com\/wordpress\/plugins\/seo\/ -->\n<title>IBI\u00daNA \u2013 MISS\u00c3O DO INSTITUTO MORGAN VAI AL\u00c9M DO ATENDIMENTO HOSPITALAR - Revista Vitrine Online<\/title>\n<meta name=\"robots\" content=\"index, follow, max-snippet:-1, max-image-preview:large, max-video-preview:-1\" \/>\n<link rel=\"canonical\" href=\"http:\/\/revistavitrineibiuna.com.br\/?p=36273\" \/>\n<meta property=\"og:locale\" content=\"pt_BR\" \/>\n<meta property=\"og:type\" content=\"article\" \/>\n<meta property=\"og:title\" content=\"IBI\u00daNA \u2013 MISS\u00c3O DO INSTITUTO MORGAN VAI AL\u00c9M DO ATENDIMENTO HOSPITALAR - Revista Vitrine Online\" \/>\n<meta property=\"og:description\" content=\"A miss\u00e3o do Instituto Morgan, que assumiu no dia 19 de junho a gest\u00e3o do Hospital Municipal de Ibi\u00fana \u2013\" \/>\n<meta property=\"og:url\" content=\"http:\/\/revistavitrineibiuna.com.br\/?p=36273\" \/>\n<meta property=\"og:site_name\" content=\"Revista Vitrine Online\" \/>\n<meta property=\"article:published_time\" content=\"2026-07-10T07:56:57+00:00\" \/>\n<meta property=\"article:modified_time\" content=\"2026-07-10T08:01:38+00:00\" \/>\n<meta property=\"og:image\" content=\"https:\/\/revistavitrineibiuna.com.br\/wp-content\/uploads\/2026\/07\/8d869d19-77eb-457c-895e-673a6cf71d68.jpg\" \/>\n\t<meta property=\"og:image:width\" content=\"1600\" \/>\n\t<meta property=\"og:image:height\" content=\"1200\" \/>\n<meta name=\"twitter:card\" content=\"summary\" \/>\n<meta name=\"twitter:label1\" content=\"Est. reading time\">\n\t<meta name=\"twitter:data1\" content=\"3 minutos\">\n<script type=\"application\/ld+json\" class=\"yoast-schema-graph\">{\"@context\":\"https:\/\/schema.org\",\"@graph\":[{\"@type\":\"WebSite\",\"@id\":\"https:\/\/revistavitrineibiuna.com.br\/#website\",\"url\":\"https:\/\/revistavitrineibiuna.com.br\/\",\"name\":\"Revista Vitrine Ibi\\u00fana\",\"description\":\"A Revista de Ibi\\u00fana e Regi\\u00e3o\",\"publisher\":{\"@id\":\"https:\/\/revistavitrineibiuna.com.br\/#\/schema\/person\/e51ef49d6d88170ea21ceabff3f73deb\"},\"potentialAction\":[{\"@type\":\"SearchAction\",\"target\":\"https:\/\/revistavitrineibiuna.com.br\/?s={search_term_string}\",\"query-input\":\"required name=search_term_string\"}],\"inLanguage\":\"pt-BR\"},{\"@type\":\"ImageObject\",\"@id\":\"http:\/\/revistavitrineibiuna.com.br\/?p=36273#primaryimage\",\"inLanguage\":\"pt-BR\",\"url\":\"https:\/\/revistavitrineibiuna.com.br\/wp-content\/uploads\/2026\/07\/8d869d19-77eb-457c-895e-673a6cf71d68.jpg\",\"width\":1600,\"height\":1200},{\"@type\":\"WebPage\",\"@id\":\"http:\/\/revistavitrineibiuna.com.br\/?p=36273#webpage\",\"url\":\"http:\/\/revistavitrineibiuna.com.br\/?p=36273\",\"name\":\"IBI\\u00daNA \\u2013 MISS\\u00c3O DO INSTITUTO MORGAN VAI AL\\u00c9M DO ATENDIMENTO HOSPITALAR - Revista Vitrine Online\",\"isPartOf\":{\"@id\":\"https:\/\/revistavitrineibiuna.com.br\/#website\"},\"primaryImageOfPage\":{\"@id\":\"http:\/\/revistavitrineibiuna.com.br\/?p=36273#primaryimage\"},\"datePublished\":\"2026-07-10T07:56:57+00:00\",\"dateModified\":\"2026-07-10T08:01:38+00:00\",\"breadcrumb\":{\"@id\":\"http:\/\/revistavitrineibiuna.com.br\/?p=36273#breadcrumb\"},\"inLanguage\":\"pt-BR\",\"potentialAction\":[{\"@type\":\"ReadAction\",\"target\":[\"http:\/\/revistavitrineibiuna.com.br\/?p=36273\"]}]},{\"@type\":\"BreadcrumbList\",\"@id\":\"http:\/\/revistavitrineibiuna.com.br\/?p=36273#breadcrumb\",\"itemListElement\":[{\"@type\":\"ListItem\",\"position\":1,\"item\":{\"@type\":\"WebPage\",\"@id\":\"https:\/\/revistavitrineibiuna.com.br\/\",\"url\":\"https:\/\/revistavitrineibiuna.com.br\/\",\"name\":\"In\\u00edcio\"}},{\"@type\":\"ListItem\",\"position\":2,\"item\":{\"@type\":\"WebPage\",\"@id\":\"http:\/\/revistavitrineibiuna.com.br\/?p=36273\",\"url\":\"http:\/\/revistavitrineibiuna.com.br\/?p=36273\",\"name\":\"IBI\\u00daNA \\u2013 MISS\\u00c3O DO INSTITUTO MORGAN VAI AL\\u00c9M DO ATENDIMENTO HOSPITALAR\"}}]},{\"@type\":\"Article\",\"@id\":\"http:\/\/revistavitrineibiuna.com.br\/?p=36273#article\",\"isPartOf\":{\"@id\":\"http:\/\/revistavitrineibiuna.com.br\/?p=36273#webpage\"},\"author\":{\"@id\":\"https:\/\/revistavitrineibiuna.com.br\/#\/schema\/person\/e51ef49d6d88170ea21ceabff3f73deb\"},\"headline\":\"IBI\\u00daNA \\u2013 MISS\\u00c3O DO INSTITUTO MORGAN VAI AL\\u00c9M DO ATENDIMENTO HOSPITALAR\",\"datePublished\":\"2026-07-10T07:56:57+00:00\",\"dateModified\":\"2026-07-10T08:01:38+00:00\",\"mainEntityOfPage\":{\"@id\":\"http:\/\/revistavitrineibiuna.com.br\/?p=36273#webpage\"},\"commentCount\":0,\"publisher\":{\"@id\":\"https:\/\/revistavitrineibiuna.com.br\/#\/schema\/person\/e51ef49d6d88170ea21ceabff3f73deb\"},\"image\":{\"@id\":\"http:\/\/revistavitrineibiuna.com.br\/?p=36273#primaryimage\"},\"articleSection\":\"Not\\u00edcias\",\"inLanguage\":\"pt-BR\",\"potentialAction\":[{\"@type\":\"CommentAction\",\"name\":\"Comment\",\"target\":[\"http:\/\/revistavitrineibiuna.com.br\/?p=36273#respond\"]}]},{\"@type\":[\"Person\",\"Organization\"],\"@id\":\"https:\/\/revistavitrineibiuna.com.br\/#\/schema\/person\/e51ef49d6d88170ea21ceabff3f73deb\",\"name\":\"Carlos Rossini\",\"image\":{\"@type\":\"ImageObject\",\"@id\":\"https:\/\/revistavitrineibiuna.com.br\/#personlogo\",\"inLanguage\":\"pt-BR\",\"url\":\"https:\/\/secure.gravatar.com\/avatar\/4f2d0f99fac1f85c7d643f21f5c8d900?s=96&d=mm&r=g\",\"caption\":\"Carlos Rossini\"},\"logo\":{\"@id\":\"https:\/\/revistavitrineibiuna.com.br\/#personlogo\"},\"description\":\"Carlos Rossini \\u00e9 jornalista, soci\\u00f3logo, escritor e professor universit\\u00e1rio, tendo sido professor de jornalismo por vinte anos. Trabalhou em ve\\u00edculos de comunica\\u00e7\\u00e3o nas fun\\u00e7\\u00f5es de rep\\u00f3rter, redator, editor, articulista e colaborador, como Folha de S. Paulo, O Estado de S. Paulo, Di\\u00e1rio Popular, entre outros. Ao transferir a revista vitrine, vers\\u00e3o imprensa, de S\\u00e3o Paulo para Ibi\\u00fana h\\u00e1 alguns anos, iniciou uma nova experi\\u00eancia profissional, dedicando-se ao jornalismo regional, depois de cumprir uma trajet\\u00f3ria bem-sucedida na grande imprensa brasileira. Seu primeiro livro A Coragem de Comunicar foi lan\\u00e7ado na Bienal do Livro em S\\u00e3o Paulo no ano 2000, pela editora Madras.\"}]}<\/script>\n<!-- \/ Yoast SEO plugin. -->","_links":{"self":[{"href":"https:\/\/revistavitrineibiuna.com.br\/index.php?rest_route=\/wp\/v2\/posts\/36273"}],"collection":[{"href":"https:\/\/revistavitrineibiuna.com.br\/index.php?rest_route=\/wp\/v2\/posts"}],"about":[{"href":"https:\/\/revistavitrineibiuna.com.br\/index.php?rest_route=\/wp\/v2\/types\/post"}],"author":[{"embeddable":true,"href":"https:\/\/revistavitrineibiuna.com.br\/index.php?rest_route=\/wp\/v2\/users\/1"}],"replies":[{"embeddable":true,"href":"https:\/\/revistavitrineibiuna.com.br\/index.php?rest_route=%2Fwp%2Fv2%2Fcomments&post=36273"}],"version-history":[{"count":3,"href":"https:\/\/revistavitrineibiuna.com.br\/index.php?rest_route=\/wp\/v2\/posts\/36273\/revisions"}],"predecessor-version":[{"id":36280,"href":"https:\/\/revistavitrineibiuna.com.br\/index.php?rest_route=\/wp\/v2\/posts\/36273\/revisions\/36280"}],"wp:featuredmedia":[{"embeddable":true,"href":"https:\/\/revistavitrineibiuna.com.br\/index.php?rest_route=\/wp\/v2\/media\/36274"}],"wp:attachment":[{"href":"https:\/\/revistavitrineibiuna.com.br\/index.php?rest_route=%2Fwp%2Fv2%2Fmedia&parent=36273"}],"wp:term":[{"taxonomy":"category","embeddable":true,"href":"https:\/\/revistavitrineibiuna.com.br\/index.php?rest_route=%2Fwp%2Fv2%2Fcategories&post=36273"},{"taxonomy":"post_tag","embeddable":true,"href":"https:\/\/revistavitrineibiuna.com.br\/index.php?rest_route=%2Fwp%2Fv2%2Ftags&post=36273"}],"curies":[{"name":"wp","href":"https:\/\/api.w.org\/{rel}","templated":true}]}}