{"id":36282,"date":"2026-07-12T14:59:06","date_gmt":"2026-07-12T17:59:06","guid":{"rendered":"http:\/\/revistavitrineibiuna.com.br\/?p=36282"},"modified":"2026-07-12T14:59:07","modified_gmt":"2026-07-12T17:59:07","slug":"ibiuna-moradores-reclamam-dos-servicos-nas-estradas-municipais","status":"publish","type":"post","link":"https:\/\/revistavitrineibiuna.com.br\/?p=36282","title":{"rendered":"IBI\u00daNA \u2013 MORADORES RECLAMAM DOS SERVI\u00c7OS NAS ESTRADAS MUNICIPAIS"},"content":{"rendered":"\n<p class=\"has-drop-cap\"><strong>A situa\u00e7\u00e3o prec\u00e1ria das estradas municipais em Ibi\u00fana est\u00e1 colocando em xeque a reputa\u00e7\u00e3o do Programa \u201cBoa Estrada\u201d lan\u00e7ado pela atual administra\u00e7\u00e3o, sobretudo com as chuvas, com previs\u00e3o de mais ocorr\u00eancias nos pr\u00f3ximos dias.<\/strong><\/p>\n\n\n\n<p><strong>As ruas das fotos que abrem esta not\u00edcia, no bairro da Cachoeira, se chamam respectivamente Carlos Gomes e Jorge Amado, \u201cpor\u00e9m todas as ruas est\u00e3o intransit\u00e1veis\u201d, afirma Diogo Santana, morador no bairro que, como muitos outros, se mostram insatisfeitos com as p\u00e9ssimas condi\u00e7\u00f5es das estradas.<\/strong><\/p>\n\n\n\n<p><strong>Na queixa, o leitor comenta: \u201cA\u00ed, prefeito m\u00eddia pura M\u00e1rio Pires, olha a situa\u00e7\u00e3o do bairro da Cachoeira. S\u00f3 postei duas ruas, mas todas as ruas [est\u00e3o instransit\u00e1veis]. Passarm a m\u00e1quina e n\u00e3o jogaram pedras, n\u00e3o fizeram sa\u00edda de \u00e1gua. P\u00e9ssimo servi\u00e7o, M\u00e1rio Pires\u201d.<\/strong><\/p>\n\n\n\n<p><strong>Sobre o mesmo problema, Ant\u00f4nio J\u00fanior descreve: \u201cIbi\u00fana pede socorro, abandono geral!\u201d.<\/strong><\/p>\n\n\n\n<p><strong>\u201cEu nem sabia que tinha administra\u00e7\u00e3o em Ibi\u00fana\u201d, ironiza, tamb\u00e9m se referindo \u00e0s condi\u00e7\u00f5es das estrada, Clodoaldo Silveira Barros.<\/strong><\/p>\n\n\n\n<p><strong>Enquanto redig\u00edamos esta not\u00edcia, um funcion\u00e1rio municipal, tamb\u00e9m se referindo \u00e0 situa\u00e7\u00e3o das estradas no bairro da Cachoeira, escrevia: \u201cN\u00e3o adianta passar as m\u00e1quinas sem programa\u00e7\u00e3o de administra\u00e7\u00e3o.\u201d<\/strong><\/p>\n\n\n\n<p><strong>E cita um exemplo pr\u00e1tico: todo mundo pode saber a previs\u00e3o do tempo. \u201cBasta fazer a consulta. Se vai chover, n\u00e3o passa a m\u00e1quina. \u00c9 simples de tudo!\u201d E conclui:<\/strong><\/p>\n\n\n\n<p><strong>\u201cAgora, passa a m\u00e1quina, amanh\u00e3 chove fica barro mesmo. Falta de administra\u00e7\u00e3o.\u201d<\/strong><\/p>\n\n\n\n<p><strong>Coincidentemente, o prefeito, em pessoa, tem gravado v\u00eddeos em estradas, ao lado de motoniveladoras, com o objetivo de mostrar servi\u00e7o \u00e0 popula\u00e7\u00e3o, diante de um dos maiores problemas cr\u00f4nicos no munic\u00edpio que s\u00e3o as condi\u00e7\u00f5es prec\u00e1rias das estradas que, historicamente, complicam a vida dos produtores rurais para o escoamento da produ\u00e7\u00e3o. (C.R.)<\/strong><\/p>\n","protected":false},"excerpt":{"rendered":"<p>A situa\u00e7\u00e3o prec\u00e1ria das estradas municipais em Ibi\u00fana est\u00e1 colocando em xeque a reputa\u00e7\u00e3o do Programa \u201cBoa Estrada\u201d lan\u00e7ado pela<\/p>\n","protected":false},"author":1,"featured_media":36283,"comment_status":"open","ping_status":"open","sticky":false,"template":"","format":"standard","meta":[],"categories":[3],"tags":[],"yoast_head":"<!-- This site is optimized with the Yoast SEO plugin v15.8 - https:\/\/yoast.com\/wordpress\/plugins\/seo\/ -->\n<title>IBI\u00daNA \u2013 MORADORES RECLAMAM DOS SERVI\u00c7OS NAS ESTRADAS MUNICIPAIS - Revista Vitrine Online<\/title>\n<meta name=\"robots\" content=\"index, follow, max-snippet:-1, max-image-preview:large, max-video-preview:-1\" \/>\n<link rel=\"canonical\" href=\"https:\/\/revistavitrineibiuna.com.br\/?p=36282\" \/>\n<meta property=\"og:locale\" content=\"pt_BR\" \/>\n<meta property=\"og:type\" content=\"article\" \/>\n<meta property=\"og:title\" content=\"IBI\u00daNA \u2013 MORADORES RECLAMAM DOS SERVI\u00c7OS NAS ESTRADAS MUNICIPAIS - Revista Vitrine Online\" \/>\n<meta property=\"og:description\" content=\"A situa\u00e7\u00e3o prec\u00e1ria das estradas municipais em Ibi\u00fana est\u00e1 colocando em xeque a reputa\u00e7\u00e3o do Programa \u201cBoa Estrada\u201d lan\u00e7ado pela\" \/>\n<meta property=\"og:url\" content=\"https:\/\/revistavitrineibiuna.com.br\/?p=36282\" \/>\n<meta property=\"og:site_name\" content=\"Revista Vitrine Online\" \/>\n<meta property=\"article:published_time\" content=\"2026-07-12T17:59:06+00:00\" \/>\n<meta property=\"article:modified_time\" content=\"2026-07-12T17:59:07+00:00\" \/>\n<meta property=\"og:image\" content=\"https:\/\/revistavitrineibiuna.com.br\/wp-content\/uploads\/2026\/07\/ruas-no-bairro-da-cachoeira.png\" \/>\n\t<meta property=\"og:image:width\" content=\"719\" \/>\n\t<meta property=\"og:image:height\" content=\"434\" \/>\n<meta name=\"twitter:card\" content=\"summary\" \/>\n<meta name=\"twitter:label1\" content=\"Est. reading time\">\n\t<meta name=\"twitter:data1\" content=\"2 minutos\">\n<script type=\"application\/ld+json\" class=\"yoast-schema-graph\">{\"@context\":\"https:\/\/schema.org\",\"@graph\":[{\"@type\":\"WebSite\",\"@id\":\"https:\/\/revistavitrineibiuna.com.br\/#website\",\"url\":\"https:\/\/revistavitrineibiuna.com.br\/\",\"name\":\"Revista Vitrine Ibi\\u00fana\",\"description\":\"A Revista de Ibi\\u00fana e Regi\\u00e3o\",\"publisher\":{\"@id\":\"https:\/\/revistavitrineibiuna.com.br\/#\/schema\/person\/e51ef49d6d88170ea21ceabff3f73deb\"},\"potentialAction\":[{\"@type\":\"SearchAction\",\"target\":\"https:\/\/revistavitrineibiuna.com.br\/?s={search_term_string}\",\"query-input\":\"required name=search_term_string\"}],\"inLanguage\":\"pt-BR\"},{\"@type\":\"ImageObject\",\"@id\":\"https:\/\/revistavitrineibiuna.com.br\/?p=36282#primaryimage\",\"inLanguage\":\"pt-BR\",\"url\":\"https:\/\/revistavitrineibiuna.com.br\/wp-content\/uploads\/2026\/07\/ruas-no-bairro-da-cachoeira.png\",\"width\":719,\"height\":434},{\"@type\":\"WebPage\",\"@id\":\"https:\/\/revistavitrineibiuna.com.br\/?p=36282#webpage\",\"url\":\"https:\/\/revistavitrineibiuna.com.br\/?p=36282\",\"name\":\"IBI\\u00daNA \\u2013 MORADORES RECLAMAM DOS SERVI\\u00c7OS NAS ESTRADAS MUNICIPAIS - Revista Vitrine Online\",\"isPartOf\":{\"@id\":\"https:\/\/revistavitrineibiuna.com.br\/#website\"},\"primaryImageOfPage\":{\"@id\":\"https:\/\/revistavitrineibiuna.com.br\/?p=36282#primaryimage\"},\"datePublished\":\"2026-07-12T17:59:06+00:00\",\"dateModified\":\"2026-07-12T17:59:07+00:00\",\"breadcrumb\":{\"@id\":\"https:\/\/revistavitrineibiuna.com.br\/?p=36282#breadcrumb\"},\"inLanguage\":\"pt-BR\",\"potentialAction\":[{\"@type\":\"ReadAction\",\"target\":[\"https:\/\/revistavitrineibiuna.com.br\/?p=36282\"]}]},{\"@type\":\"BreadcrumbList\",\"@id\":\"https:\/\/revistavitrineibiuna.com.br\/?p=36282#breadcrumb\",\"itemListElement\":[{\"@type\":\"ListItem\",\"position\":1,\"item\":{\"@type\":\"WebPage\",\"@id\":\"https:\/\/revistavitrineibiuna.com.br\/\",\"url\":\"https:\/\/revistavitrineibiuna.com.br\/\",\"name\":\"In\\u00edcio\"}},{\"@type\":\"ListItem\",\"position\":2,\"item\":{\"@type\":\"WebPage\",\"@id\":\"https:\/\/revistavitrineibiuna.com.br\/?p=36282\",\"url\":\"https:\/\/revistavitrineibiuna.com.br\/?p=36282\",\"name\":\"IBI\\u00daNA \\u2013 MORADORES RECLAMAM DOS SERVI\\u00c7OS NAS ESTRADAS MUNICIPAIS\"}}]},{\"@type\":\"Article\",\"@id\":\"https:\/\/revistavitrineibiuna.com.br\/?p=36282#article\",\"isPartOf\":{\"@id\":\"https:\/\/revistavitrineibiuna.com.br\/?p=36282#webpage\"},\"author\":{\"@id\":\"https:\/\/revistavitrineibiuna.com.br\/#\/schema\/person\/e51ef49d6d88170ea21ceabff3f73deb\"},\"headline\":\"IBI\\u00daNA \\u2013 MORADORES RECLAMAM DOS SERVI\\u00c7OS NAS ESTRADAS MUNICIPAIS\",\"datePublished\":\"2026-07-12T17:59:06+00:00\",\"dateModified\":\"2026-07-12T17:59:07+00:00\",\"mainEntityOfPage\":{\"@id\":\"https:\/\/revistavitrineibiuna.com.br\/?p=36282#webpage\"},\"commentCount\":0,\"publisher\":{\"@id\":\"https:\/\/revistavitrineibiuna.com.br\/#\/schema\/person\/e51ef49d6d88170ea21ceabff3f73deb\"},\"image\":{\"@id\":\"https:\/\/revistavitrineibiuna.com.br\/?p=36282#primaryimage\"},\"articleSection\":\"Not\\u00edcias\",\"inLanguage\":\"pt-BR\",\"potentialAction\":[{\"@type\":\"CommentAction\",\"name\":\"Comment\",\"target\":[\"https:\/\/revistavitrineibiuna.com.br\/?p=36282#respond\"]}]},{\"@type\":[\"Person\",\"Organization\"],\"@id\":\"https:\/\/revistavitrineibiuna.com.br\/#\/schema\/person\/e51ef49d6d88170ea21ceabff3f73deb\",\"name\":\"Carlos Rossini\",\"image\":{\"@type\":\"ImageObject\",\"@id\":\"https:\/\/revistavitrineibiuna.com.br\/#personlogo\",\"inLanguage\":\"pt-BR\",\"url\":\"https:\/\/secure.gravatar.com\/avatar\/4f2d0f99fac1f85c7d643f21f5c8d900?s=96&d=mm&r=g\",\"caption\":\"Carlos Rossini\"},\"logo\":{\"@id\":\"https:\/\/revistavitrineibiuna.com.br\/#personlogo\"},\"description\":\"Carlos Rossini \\u00e9 jornalista, soci\\u00f3logo, escritor e professor universit\\u00e1rio, tendo sido professor de jornalismo por vinte anos. Trabalhou em ve\\u00edculos de comunica\\u00e7\\u00e3o nas fun\\u00e7\\u00f5es de rep\\u00f3rter, redator, editor, articulista e colaborador, como Folha de S. Paulo, O Estado de S. Paulo, Di\\u00e1rio Popular, entre outros. Ao transferir a revista vitrine, vers\\u00e3o imprensa, de S\\u00e3o Paulo para Ibi\\u00fana h\\u00e1 alguns anos, iniciou uma nova experi\\u00eancia profissional, dedicando-se ao jornalismo regional, depois de cumprir uma trajet\\u00f3ria bem-sucedida na grande imprensa brasileira. Seu primeiro livro A Coragem de Comunicar foi lan\\u00e7ado na Bienal do Livro em S\\u00e3o Paulo no ano 2000, pela editora Madras.\"}]}<\/script>\n<!-- \/ Yoast SEO plugin. -->","_links":{"self":[{"href":"https:\/\/revistavitrineibiuna.com.br\/index.php?rest_route=\/wp\/v2\/posts\/36282"}],"collection":[{"href":"https:\/\/revistavitrineibiuna.com.br\/index.php?rest_route=\/wp\/v2\/posts"}],"about":[{"href":"https:\/\/revistavitrineibiuna.com.br\/index.php?rest_route=\/wp\/v2\/types\/post"}],"author":[{"embeddable":true,"href":"https:\/\/revistavitrineibiuna.com.br\/index.php?rest_route=\/wp\/v2\/users\/1"}],"replies":[{"embeddable":true,"href":"https:\/\/revistavitrineibiuna.com.br\/index.php?rest_route=%2Fwp%2Fv2%2Fcomments&post=36282"}],"version-history":[{"count":1,"href":"https:\/\/revistavitrineibiuna.com.br\/index.php?rest_route=\/wp\/v2\/posts\/36282\/revisions"}],"predecessor-version":[{"id":36284,"href":"https:\/\/revistavitrineibiuna.com.br\/index.php?rest_route=\/wp\/v2\/posts\/36282\/revisions\/36284"}],"wp:featuredmedia":[{"embeddable":true,"href":"https:\/\/revistavitrineibiuna.com.br\/index.php?rest_route=\/wp\/v2\/media\/36283"}],"wp:attachment":[{"href":"https:\/\/revistavitrineibiuna.com.br\/index.php?rest_route=%2Fwp%2Fv2%2Fmedia&parent=36282"}],"wp:term":[{"taxonomy":"category","embeddable":true,"href":"https:\/\/revistavitrineibiuna.com.br\/index.php?rest_route=%2Fwp%2Fv2%2Fcategories&post=36282"},{"taxonomy":"post_tag","embeddable":true,"href":"https:\/\/revistavitrineibiuna.com.br\/index.php?rest_route=%2Fwp%2Fv2%2Ftags&post=36282"}],"curies":[{"name":"wp","href":"https:\/\/api.w.org\/{rel}","templated":true}]}}