{"id":36285,"date":"2026-07-12T16:29:03","date_gmt":"2026-07-12T19:29:03","guid":{"rendered":"http:\/\/revistavitrineibiuna.com.br\/?p=36285"},"modified":"2026-07-12T16:58:47","modified_gmt":"2026-07-12T19:58:47","slug":"ibiuna-funcionarios-do-igats-reivindicam-direitos-trabalhistas-prefeitura-quitara-as-dividas","status":"publish","type":"post","link":"https:\/\/revistavitrineibiuna.com.br\/?p=36285","title":{"rendered":"IBI\u00daNA \u2013 FUNCION\u00c1RIOS DO IGATS REIVINDICAM DIREITOS TRABALHISTAS; PREFEITURA QUITAR\u00c1 AS D\u00cdVIDAS"},"content":{"rendered":"\n<p class=\"has-drop-cap\"><strong>Uma faixa reivindicando dos direitos trabalhistas n\u00e3o pagos at\u00e9 o momento aos funcion\u00e1rios do Hospital Municipal de Ibi\u00fana &#8211; HMI contratados pelo Igats resume publicamente a apreens\u00e3o de dezenas de profissionais com a situa\u00e7\u00e3o que compromete a vida econ\u00f4mica de todos os seus familiares.<\/strong><\/p>\n\n\n\n<p><strong>O Igats, que vinha atuando como administrador do HMI desde 2019, teve seu contrato encerrado em 2025, tendo sido substitu\u00eddo, por meio de licita\u00e7\u00e3o, pelo Instituto Morgan, que assumiu o hospital no dia 19 de junho \u00faltimo.<\/strong><\/p>\n\n\n\n<p><strong>O Igats j\u00e1 deveria, por contrato de gest\u00e3o, ter feito o acerto do seu passivo (pagamento de INSS, FGTS, 13\u00ba, sal\u00e1rios).<\/strong><\/p>\n\n\n\n<p><strong>Em face de n\u00e3o ter feito os pagamentos aos seus funcion\u00e1rios demitidos, a Prefeitura, segundo vitrine online apurou, notificou tanto a empresa quanto os funcion\u00e1rios, a fim de que apresentem a documenta\u00e7\u00e3o necess\u00e1ria, comprobat\u00f3ria da situa\u00e7\u00e3o irregular, para poder tomar as medidas jur\u00eddicas necess\u00e1rias.<\/strong><\/p>\n\n\n\n<p><strong>A Prefeitura \u00e9 respons\u00e1vel subsidiariamente pelo pagamento, isto \u00e9, deve responder pelos pagamentos, caso o devedor principal [o Igats] n\u00e3o cumpra a sua obriga\u00e7\u00e3o.<\/strong><\/p>\n\n\n\n<p><strong>Segundo apuramos, a Secretaria da Sa\u00fade est\u00e1 cuidando para cumprir com sua responsabilidade, devendo, posteriormente, acionar o Igats para reaver os recursos utilizados para honrar as d\u00edvidas com os funcion\u00e1rios do HMI, por\u00e9m o acerto somente poder\u00e1 ser efetuado ap\u00f3s a an\u00e1lise dos documentos apresentados tanto pelo Igats quanto pelos funcion\u00e1rios demitidos.<\/strong><\/p>\n\n\n\n<p><strong>D\u00cdVIDA ANTIGA<\/strong><\/p>\n\n\n\n<p><strong>Segundo apuramos, o Igats reivindica uma d\u00edvida por atraso de repasses de administra\u00e7\u00f5es anteriores que, do ponto de vista da atual gest\u00e3o municipal, precisa ser comprovada para que as provid\u00eancias sejam tomadas.<\/strong><\/p>\n\n\n\n<p><strong>A Prefeitura assegura que a atual gest\u00e3o sempre repassou corretamente os recursos ao Igats e que n\u00e3o tem nenhuma d\u00edvida pendente com a empresa, que deixou de prestar servi\u00e7os no Hospital Municipal. (C.R.)<\/strong><\/p>\n","protected":false},"excerpt":{"rendered":"<p>Uma faixa reivindicando dos direitos trabalhistas n\u00e3o pagos at\u00e9 o momento aos funcion\u00e1rios do Hospital Municipal de Ibi\u00fana &#8211; HMI<\/p>\n","protected":false},"author":1,"featured_media":36286,"comment_status":"open","ping_status":"open","sticky":false,"template":"","format":"standard","meta":[],"categories":[3],"tags":[],"yoast_head":"<!-- This site is optimized with the Yoast SEO plugin v15.8 - https:\/\/yoast.com\/wordpress\/plugins\/seo\/ -->\n<title>IBI\u00daNA \u2013 FUNCION\u00c1RIOS DO IGATS REIVINDICAM DIREITOS TRABALHISTAS; PREFEITURA QUITAR\u00c1 AS D\u00cdVIDAS - Revista Vitrine Online<\/title>\n<meta name=\"robots\" content=\"index, follow, max-snippet:-1, max-image-preview:large, max-video-preview:-1\" \/>\n<link rel=\"canonical\" href=\"http:\/\/revistavitrineibiuna.com.br\/?p=36285\" \/>\n<meta property=\"og:locale\" content=\"pt_BR\" \/>\n<meta property=\"og:type\" content=\"article\" \/>\n<meta property=\"og:title\" content=\"IBI\u00daNA \u2013 FUNCION\u00c1RIOS DO IGATS REIVINDICAM DIREITOS TRABALHISTAS; PREFEITURA QUITAR\u00c1 AS D\u00cdVIDAS - Revista Vitrine Online\" \/>\n<meta property=\"og:description\" content=\"Uma faixa reivindicando dos direitos trabalhistas n\u00e3o pagos at\u00e9 o momento aos funcion\u00e1rios do Hospital Municipal de Ibi\u00fana &#8211; HMI\" \/>\n<meta property=\"og:url\" content=\"http:\/\/revistavitrineibiuna.com.br\/?p=36285\" \/>\n<meta property=\"og:site_name\" content=\"Revista Vitrine Online\" \/>\n<meta property=\"article:published_time\" content=\"2026-07-12T19:29:03+00:00\" \/>\n<meta property=\"article:modified_time\" content=\"2026-07-12T19:58:47+00:00\" \/>\n<meta property=\"og:image\" content=\"https:\/\/revistavitrineibiuna.com.br\/wp-content\/uploads\/2026\/07\/igats.png\" \/>\n\t<meta property=\"og:image:width\" content=\"719\" \/>\n\t<meta property=\"og:image:height\" content=\"453\" \/>\n<meta name=\"twitter:card\" content=\"summary\" \/>\n<meta name=\"twitter:label1\" content=\"Est. reading time\">\n\t<meta name=\"twitter:data1\" content=\"2 minutos\">\n<script type=\"application\/ld+json\" class=\"yoast-schema-graph\">{\"@context\":\"https:\/\/schema.org\",\"@graph\":[{\"@type\":\"WebSite\",\"@id\":\"https:\/\/revistavitrineibiuna.com.br\/#website\",\"url\":\"https:\/\/revistavitrineibiuna.com.br\/\",\"name\":\"Revista Vitrine Ibi\\u00fana\",\"description\":\"A Revista de Ibi\\u00fana e Regi\\u00e3o\",\"publisher\":{\"@id\":\"https:\/\/revistavitrineibiuna.com.br\/#\/schema\/person\/e51ef49d6d88170ea21ceabff3f73deb\"},\"potentialAction\":[{\"@type\":\"SearchAction\",\"target\":\"https:\/\/revistavitrineibiuna.com.br\/?s={search_term_string}\",\"query-input\":\"required name=search_term_string\"}],\"inLanguage\":\"pt-BR\"},{\"@type\":\"ImageObject\",\"@id\":\"http:\/\/revistavitrineibiuna.com.br\/?p=36285#primaryimage\",\"inLanguage\":\"pt-BR\",\"url\":\"https:\/\/revistavitrineibiuna.com.br\/wp-content\/uploads\/2026\/07\/igats.png\",\"width\":719,\"height\":453},{\"@type\":\"WebPage\",\"@id\":\"http:\/\/revistavitrineibiuna.com.br\/?p=36285#webpage\",\"url\":\"http:\/\/revistavitrineibiuna.com.br\/?p=36285\",\"name\":\"IBI\\u00daNA \\u2013 FUNCION\\u00c1RIOS DO IGATS REIVINDICAM DIREITOS TRABALHISTAS; PREFEITURA QUITAR\\u00c1 AS D\\u00cdVIDAS - Revista Vitrine Online\",\"isPartOf\":{\"@id\":\"https:\/\/revistavitrineibiuna.com.br\/#website\"},\"primaryImageOfPage\":{\"@id\":\"http:\/\/revistavitrineibiuna.com.br\/?p=36285#primaryimage\"},\"datePublished\":\"2026-07-12T19:29:03+00:00\",\"dateModified\":\"2026-07-12T19:58:47+00:00\",\"breadcrumb\":{\"@id\":\"http:\/\/revistavitrineibiuna.com.br\/?p=36285#breadcrumb\"},\"inLanguage\":\"pt-BR\",\"potentialAction\":[{\"@type\":\"ReadAction\",\"target\":[\"http:\/\/revistavitrineibiuna.com.br\/?p=36285\"]}]},{\"@type\":\"BreadcrumbList\",\"@id\":\"http:\/\/revistavitrineibiuna.com.br\/?p=36285#breadcrumb\",\"itemListElement\":[{\"@type\":\"ListItem\",\"position\":1,\"item\":{\"@type\":\"WebPage\",\"@id\":\"https:\/\/revistavitrineibiuna.com.br\/\",\"url\":\"https:\/\/revistavitrineibiuna.com.br\/\",\"name\":\"In\\u00edcio\"}},{\"@type\":\"ListItem\",\"position\":2,\"item\":{\"@type\":\"WebPage\",\"@id\":\"http:\/\/revistavitrineibiuna.com.br\/?p=36285\",\"url\":\"http:\/\/revistavitrineibiuna.com.br\/?p=36285\",\"name\":\"IBI\\u00daNA \\u2013 FUNCION\\u00c1RIOS DO IGATS REIVINDICAM DIREITOS TRABALHISTAS; PREFEITURA QUITAR\\u00c1 AS D\\u00cdVIDAS\"}}]},{\"@type\":\"Article\",\"@id\":\"http:\/\/revistavitrineibiuna.com.br\/?p=36285#article\",\"isPartOf\":{\"@id\":\"http:\/\/revistavitrineibiuna.com.br\/?p=36285#webpage\"},\"author\":{\"@id\":\"https:\/\/revistavitrineibiuna.com.br\/#\/schema\/person\/e51ef49d6d88170ea21ceabff3f73deb\"},\"headline\":\"IBI\\u00daNA \\u2013 FUNCION\\u00c1RIOS DO IGATS REIVINDICAM DIREITOS TRABALHISTAS; PREFEITURA QUITAR\\u00c1 AS D\\u00cdVIDAS\",\"datePublished\":\"2026-07-12T19:29:03+00:00\",\"dateModified\":\"2026-07-12T19:58:47+00:00\",\"mainEntityOfPage\":{\"@id\":\"http:\/\/revistavitrineibiuna.com.br\/?p=36285#webpage\"},\"commentCount\":0,\"publisher\":{\"@id\":\"https:\/\/revistavitrineibiuna.com.br\/#\/schema\/person\/e51ef49d6d88170ea21ceabff3f73deb\"},\"image\":{\"@id\":\"http:\/\/revistavitrineibiuna.com.br\/?p=36285#primaryimage\"},\"articleSection\":\"Not\\u00edcias\",\"inLanguage\":\"pt-BR\",\"potentialAction\":[{\"@type\":\"CommentAction\",\"name\":\"Comment\",\"target\":[\"http:\/\/revistavitrineibiuna.com.br\/?p=36285#respond\"]}]},{\"@type\":[\"Person\",\"Organization\"],\"@id\":\"https:\/\/revistavitrineibiuna.com.br\/#\/schema\/person\/e51ef49d6d88170ea21ceabff3f73deb\",\"name\":\"Carlos Rossini\",\"image\":{\"@type\":\"ImageObject\",\"@id\":\"https:\/\/revistavitrineibiuna.com.br\/#personlogo\",\"inLanguage\":\"pt-BR\",\"url\":\"https:\/\/secure.gravatar.com\/avatar\/4f2d0f99fac1f85c7d643f21f5c8d900?s=96&d=mm&r=g\",\"caption\":\"Carlos Rossini\"},\"logo\":{\"@id\":\"https:\/\/revistavitrineibiuna.com.br\/#personlogo\"},\"description\":\"Carlos Rossini \\u00e9 jornalista, soci\\u00f3logo, escritor e professor universit\\u00e1rio, tendo sido professor de jornalismo por vinte anos. Trabalhou em ve\\u00edculos de comunica\\u00e7\\u00e3o nas fun\\u00e7\\u00f5es de rep\\u00f3rter, redator, editor, articulista e colaborador, como Folha de S. Paulo, O Estado de S. Paulo, Di\\u00e1rio Popular, entre outros. Ao transferir a revista vitrine, vers\\u00e3o imprensa, de S\\u00e3o Paulo para Ibi\\u00fana h\\u00e1 alguns anos, iniciou uma nova experi\\u00eancia profissional, dedicando-se ao jornalismo regional, depois de cumprir uma trajet\\u00f3ria bem-sucedida na grande imprensa brasileira. Seu primeiro livro A Coragem de Comunicar foi lan\\u00e7ado na Bienal do Livro em S\\u00e3o Paulo no ano 2000, pela editora Madras.\"}]}<\/script>\n<!-- \/ Yoast SEO plugin. -->","_links":{"self":[{"href":"https:\/\/revistavitrineibiuna.com.br\/index.php?rest_route=\/wp\/v2\/posts\/36285"}],"collection":[{"href":"https:\/\/revistavitrineibiuna.com.br\/index.php?rest_route=\/wp\/v2\/posts"}],"about":[{"href":"https:\/\/revistavitrineibiuna.com.br\/index.php?rest_route=\/wp\/v2\/types\/post"}],"author":[{"embeddable":true,"href":"https:\/\/revistavitrineibiuna.com.br\/index.php?rest_route=\/wp\/v2\/users\/1"}],"replies":[{"embeddable":true,"href":"https:\/\/revistavitrineibiuna.com.br\/index.php?rest_route=%2Fwp%2Fv2%2Fcomments&post=36285"}],"version-history":[{"count":2,"href":"https:\/\/revistavitrineibiuna.com.br\/index.php?rest_route=\/wp\/v2\/posts\/36285\/revisions"}],"predecessor-version":[{"id":36288,"href":"https:\/\/revistavitrineibiuna.com.br\/index.php?rest_route=\/wp\/v2\/posts\/36285\/revisions\/36288"}],"wp:featuredmedia":[{"embeddable":true,"href":"https:\/\/revistavitrineibiuna.com.br\/index.php?rest_route=\/wp\/v2\/media\/36286"}],"wp:attachment":[{"href":"https:\/\/revistavitrineibiuna.com.br\/index.php?rest_route=%2Fwp%2Fv2%2Fmedia&parent=36285"}],"wp:term":[{"taxonomy":"category","embeddable":true,"href":"https:\/\/revistavitrineibiuna.com.br\/index.php?rest_route=%2Fwp%2Fv2%2Fcategories&post=36285"},{"taxonomy":"post_tag","embeddable":true,"href":"https:\/\/revistavitrineibiuna.com.br\/index.php?rest_route=%2Fwp%2Fv2%2Ftags&post=36285"}],"curies":[{"name":"wp","href":"https:\/\/api.w.org\/{rel}","templated":true}]}}