{"id":36289,"date":"2026-07-13T21:07:52","date_gmt":"2026-07-14T00:07:52","guid":{"rendered":"http:\/\/revistavitrineibiuna.com.br\/?p=36289"},"modified":"2026-07-13T21:32:00","modified_gmt":"2026-07-14T00:32:00","slug":"ibiuna-prefeito-anuncia-que-igats-diz-nao-ter-caixa-para-pagar-funcionarios","status":"publish","type":"post","link":"https:\/\/revistavitrineibiuna.com.br\/?p=36289","title":{"rendered":"IBI\u00daNA \u2013 PREFEITO ANUNCIA QUE IGATS DIZ N\u00c3O TER CAIXA PARA PAGAR FUNCION\u00c1RIOS"},"content":{"rendered":"\n<p class=\"has-drop-cap\"><strong>Por meio de um v\u00eddeo veiculado hoje (13) nas redes sociais, o prefeito do munic\u00edpio anunciou que o Igats alegou n\u00e3o \u201cter fluxo de caixa para pagar as rescis\u00f5es dos 162 funcion\u00e1rios demitidos pela empresa\u201d.<\/strong><\/p>\n\n\n\n<p><strong>O prefeito declarou que o Igats encerrou sua gest\u00e3o do Hospital Municipal de Ibi\u00fana no dia 19 de junho. A empresa deu aviso pr\u00e9vio que tinha prazo final o dia 25 de junho. A partir da\u00ed o instituto tinha mais 10 dias para pagar todas as verbas rescis\u00f3rias no 5 de julho.<\/strong><\/p>\n\n\n\n<p><strong>No dia 8 de julho, a Prefeitura, de acordo com prefeito, percebeu que o Igats n\u00e3o havia feito os pagamentos. Em raz\u00e3o desse fato, o Executivo notificou a empresa para que apresentasse os comprovantes dos pagamentos junto \u00e0 Prefeitura.<\/strong><\/p>\n\n\n\n<p><strong>SEM COMPROVANTE<\/strong><\/p>\n\n\n\n<p><strong>\u201cHoje, dia 13 de julho, o Igats esteve no Pa\u00e7o Municipal e entregou 162 rescis\u00f5es contratuais, \u201cmas, acreditem, sem os devidos comprovantes de pagamento\u201d, anotou o prefeito, acrescentando:<\/strong><\/p>\n\n\n\n<p><strong>\u201cN\u00f3s afirmamos que neste um ano e meio de nossa administra\u00e7\u00e3o jamais deixamos de fazer os repasses, cabendo ao Igats toda a responsabilidade de fazer os pagamentos das verbas salariais e rescis\u00f3rias.\u201d<\/strong><\/p>\n\n\n\n<p><strong>\u201cMas parece que isso n\u00e3o se cumpriu por parte da empresa. A empresa alega agora que n\u00e3o tem fluxo de caixa para pagar as rescis\u00f5es, mas diz que tem verba para receber da Prefeitura que remonta aos anos de 2019 e 2020, ou seja, para pagar uma d\u00edvida atual eles querem voltar no tempo reclamar algo l\u00e1 de 2020 para c\u00e1 at\u00e9 janeiro de 2025.\u201d<\/strong><\/p>\n\n\n\n<p><strong>RESPONSABILIDADE<\/strong><\/p>\n\n\n\n<p><strong>\u201cTudo bem, comentou, a gente vai analisar todos os argumentos apresentados pelo Igats. Vamos identificar de alguma forma se h\u00e1 ou n\u00e3o veracidade no que o igats disse.\u201d<\/strong><\/p>\n\n\n\n<p><strong>\u201cMas isso n\u00e3o quer dizer que eles n\u00e3o t\u00eam responsabilidade no pagamento dessas verbas rescis\u00f3rias. Toda empresa deve controlar tudo o que vai gastar e provisionar seus recursos.\u201d<\/strong><\/p>\n\n\n\n<p><strong>\u201cVamos tentar entender se h\u00e1 alguma verba para destinar ao Igats. Existindo algum valor a ser pago os primeiros a serem honrados pelo principio da legalidade ser\u00e3o voc\u00eas que j\u00e1 t\u00eam a documenta\u00e7\u00e3o aqui. Ser\u00e3o voc\u00eas funcion\u00e1rios demitidos pelo igats que trabalharam no hospital.\u201d<\/strong><\/p>\n\n\n\n<p><strong>INFORMA\u00c7\u00c3O OFICIAL<\/strong><\/p>\n\n\n\n<p><strong>No desfecho da mensagem, o prefeito, ratificando um personalismo que vem caracterizando sua administra\u00e7\u00e3o, assinala que \u201ctoda a not\u00edcia oficial sobre esse assunto ser\u00e1 veiculada pela Secretaria da Sa\u00fade com apoio do nosso Departamento Jur\u00eddico. N\u00e3o confiem em informa\u00e7\u00f5es sem assinatura\u201d<\/strong> <strong>[n\u00e3o explicitou a que estava se referindo].<\/strong><\/p>\n\n\n\n<p><strong>Essa declara\u00e7\u00e3o reitera a desconsidera\u00e7\u00e3o o chefe do Executivo em rela\u00e7\u00e3o \u00e0 imprensa local [praticamente dizimada], ao mesmo tempo em que consolida um monop\u00f3lio nada democr\u00e1tico de controlar a informa\u00e7\u00e3o<\/strong> <strong>de modo absoluto e unilateral.<\/strong><\/p>\n\n\n\n<p><strong>A prop\u00f3sito, as declara\u00e7\u00f5es feitas pelo chefe do Executivo ratificam as informa\u00e7\u00f5es publicadas ontem (12) com exclusividade por vitrine online, garimpadas com profissionalismo, sem receber nenhuma informa\u00e7\u00e3o oficial da Prefeitura, como tem ocorrido de modo rotineiro.<\/strong><\/p>\n\n\n\n<p><strong>Antes de publicar a mencionada not\u00edcia, vitrine online solicitou formalmente informa\u00e7\u00f5es ao Executivo e, como tem ocorrido, n\u00e3o obteve retorno. (C.R.)<\/strong><\/p>\n","protected":false},"excerpt":{"rendered":"<p>Por meio de um v\u00eddeo veiculado hoje (13) nas redes sociais, o prefeito do munic\u00edpio anunciou que o Igats alegou<\/p>\n","protected":false},"author":1,"featured_media":36290,"comment_status":"open","ping_status":"open","sticky":false,"template":"","format":"standard","meta":[],"categories":[3],"tags":[],"yoast_head":"<!-- This site is optimized with the Yoast SEO plugin v15.8 - https:\/\/yoast.com\/wordpress\/plugins\/seo\/ -->\n<title>IBI\u00daNA \u2013 PREFEITO ANUNCIA QUE IGATS DIZ N\u00c3O TER CAIXA PARA PAGAR FUNCION\u00c1RIOS - Revista Vitrine Online<\/title>\n<meta name=\"robots\" content=\"index, follow, max-snippet:-1, max-image-preview:large, max-video-preview:-1\" \/>\n<link rel=\"canonical\" href=\"https:\/\/revistavitrineibiuna.com.br\/?p=36289\" \/>\n<meta property=\"og:locale\" content=\"pt_BR\" \/>\n<meta property=\"og:type\" content=\"article\" \/>\n<meta property=\"og:title\" content=\"IBI\u00daNA \u2013 PREFEITO ANUNCIA QUE IGATS DIZ N\u00c3O TER CAIXA PARA PAGAR FUNCION\u00c1RIOS - Revista Vitrine Online\" \/>\n<meta property=\"og:description\" content=\"Por meio de um v\u00eddeo veiculado hoje (13) nas redes sociais, o prefeito do munic\u00edpio anunciou que o Igats alegou\" \/>\n<meta property=\"og:url\" content=\"https:\/\/revistavitrineibiuna.com.br\/?p=36289\" \/>\n<meta property=\"og:site_name\" content=\"Revista Vitrine Online\" \/>\n<meta property=\"article:published_time\" content=\"2026-07-14T00:07:52+00:00\" \/>\n<meta property=\"article:modified_time\" content=\"2026-07-14T00:32:00+00:00\" \/>\n<meta property=\"og:image\" content=\"https:\/\/revistavitrineibiuna.com.br\/wp-content\/uploads\/2026\/07\/mario-pires-e-o-igats.png\" \/>\n\t<meta property=\"og:image:width\" content=\"694\" \/>\n\t<meta property=\"og:image:height\" content=\"399\" \/>\n<meta name=\"twitter:card\" content=\"summary\" \/>\n<meta name=\"twitter:label1\" content=\"Est. reading time\">\n\t<meta name=\"twitter:data1\" content=\"3 minutos\">\n<script type=\"application\/ld+json\" class=\"yoast-schema-graph\">{\"@context\":\"https:\/\/schema.org\",\"@graph\":[{\"@type\":\"WebSite\",\"@id\":\"https:\/\/revistavitrineibiuna.com.br\/#website\",\"url\":\"https:\/\/revistavitrineibiuna.com.br\/\",\"name\":\"Revista Vitrine Ibi\\u00fana\",\"description\":\"A Revista de Ibi\\u00fana e Regi\\u00e3o\",\"publisher\":{\"@id\":\"https:\/\/revistavitrineibiuna.com.br\/#\/schema\/person\/e51ef49d6d88170ea21ceabff3f73deb\"},\"potentialAction\":[{\"@type\":\"SearchAction\",\"target\":\"https:\/\/revistavitrineibiuna.com.br\/?s={search_term_string}\",\"query-input\":\"required name=search_term_string\"}],\"inLanguage\":\"pt-BR\"},{\"@type\":\"ImageObject\",\"@id\":\"https:\/\/revistavitrineibiuna.com.br\/?p=36289#primaryimage\",\"inLanguage\":\"pt-BR\",\"url\":\"https:\/\/revistavitrineibiuna.com.br\/wp-content\/uploads\/2026\/07\/mario-pires-e-o-igats.png\",\"width\":694,\"height\":399},{\"@type\":\"WebPage\",\"@id\":\"https:\/\/revistavitrineibiuna.com.br\/?p=36289#webpage\",\"url\":\"https:\/\/revistavitrineibiuna.com.br\/?p=36289\",\"name\":\"IBI\\u00daNA \\u2013 PREFEITO ANUNCIA QUE IGATS DIZ N\\u00c3O TER CAIXA PARA PAGAR FUNCION\\u00c1RIOS - Revista Vitrine Online\",\"isPartOf\":{\"@id\":\"https:\/\/revistavitrineibiuna.com.br\/#website\"},\"primaryImageOfPage\":{\"@id\":\"https:\/\/revistavitrineibiuna.com.br\/?p=36289#primaryimage\"},\"datePublished\":\"2026-07-14T00:07:52+00:00\",\"dateModified\":\"2026-07-14T00:32:00+00:00\",\"breadcrumb\":{\"@id\":\"https:\/\/revistavitrineibiuna.com.br\/?p=36289#breadcrumb\"},\"inLanguage\":\"pt-BR\",\"potentialAction\":[{\"@type\":\"ReadAction\",\"target\":[\"https:\/\/revistavitrineibiuna.com.br\/?p=36289\"]}]},{\"@type\":\"BreadcrumbList\",\"@id\":\"https:\/\/revistavitrineibiuna.com.br\/?p=36289#breadcrumb\",\"itemListElement\":[{\"@type\":\"ListItem\",\"position\":1,\"item\":{\"@type\":\"WebPage\",\"@id\":\"https:\/\/revistavitrineibiuna.com.br\/\",\"url\":\"https:\/\/revistavitrineibiuna.com.br\/\",\"name\":\"In\\u00edcio\"}},{\"@type\":\"ListItem\",\"position\":2,\"item\":{\"@type\":\"WebPage\",\"@id\":\"https:\/\/revistavitrineibiuna.com.br\/?p=36289\",\"url\":\"https:\/\/revistavitrineibiuna.com.br\/?p=36289\",\"name\":\"IBI\\u00daNA \\u2013 PREFEITO ANUNCIA QUE IGATS DIZ N\\u00c3O TER CAIXA PARA PAGAR FUNCION\\u00c1RIOS\"}}]},{\"@type\":\"Article\",\"@id\":\"https:\/\/revistavitrineibiuna.com.br\/?p=36289#article\",\"isPartOf\":{\"@id\":\"https:\/\/revistavitrineibiuna.com.br\/?p=36289#webpage\"},\"author\":{\"@id\":\"https:\/\/revistavitrineibiuna.com.br\/#\/schema\/person\/e51ef49d6d88170ea21ceabff3f73deb\"},\"headline\":\"IBI\\u00daNA \\u2013 PREFEITO ANUNCIA QUE IGATS DIZ N\\u00c3O TER CAIXA PARA PAGAR FUNCION\\u00c1RIOS\",\"datePublished\":\"2026-07-14T00:07:52+00:00\",\"dateModified\":\"2026-07-14T00:32:00+00:00\",\"mainEntityOfPage\":{\"@id\":\"https:\/\/revistavitrineibiuna.com.br\/?p=36289#webpage\"},\"commentCount\":0,\"publisher\":{\"@id\":\"https:\/\/revistavitrineibiuna.com.br\/#\/schema\/person\/e51ef49d6d88170ea21ceabff3f73deb\"},\"image\":{\"@id\":\"https:\/\/revistavitrineibiuna.com.br\/?p=36289#primaryimage\"},\"articleSection\":\"Not\\u00edcias\",\"inLanguage\":\"pt-BR\",\"potentialAction\":[{\"@type\":\"CommentAction\",\"name\":\"Comment\",\"target\":[\"https:\/\/revistavitrineibiuna.com.br\/?p=36289#respond\"]}]},{\"@type\":[\"Person\",\"Organization\"],\"@id\":\"https:\/\/revistavitrineibiuna.com.br\/#\/schema\/person\/e51ef49d6d88170ea21ceabff3f73deb\",\"name\":\"Carlos Rossini\",\"image\":{\"@type\":\"ImageObject\",\"@id\":\"https:\/\/revistavitrineibiuna.com.br\/#personlogo\",\"inLanguage\":\"pt-BR\",\"url\":\"https:\/\/secure.gravatar.com\/avatar\/4f2d0f99fac1f85c7d643f21f5c8d900?s=96&d=mm&r=g\",\"caption\":\"Carlos Rossini\"},\"logo\":{\"@id\":\"https:\/\/revistavitrineibiuna.com.br\/#personlogo\"},\"description\":\"Carlos Rossini \\u00e9 jornalista, soci\\u00f3logo, escritor e professor universit\\u00e1rio, tendo sido professor de jornalismo por vinte anos. Trabalhou em ve\\u00edculos de comunica\\u00e7\\u00e3o nas fun\\u00e7\\u00f5es de rep\\u00f3rter, redator, editor, articulista e colaborador, como Folha de S. Paulo, O Estado de S. Paulo, Di\\u00e1rio Popular, entre outros. Ao transferir a revista vitrine, vers\\u00e3o imprensa, de S\\u00e3o Paulo para Ibi\\u00fana h\\u00e1 alguns anos, iniciou uma nova experi\\u00eancia profissional, dedicando-se ao jornalismo regional, depois de cumprir uma trajet\\u00f3ria bem-sucedida na grande imprensa brasileira. Seu primeiro livro A Coragem de Comunicar foi lan\\u00e7ado na Bienal do Livro em S\\u00e3o Paulo no ano 2000, pela editora Madras.\"}]}<\/script>\n<!-- \/ Yoast SEO plugin. -->","_links":{"self":[{"href":"https:\/\/revistavitrineibiuna.com.br\/index.php?rest_route=\/wp\/v2\/posts\/36289"}],"collection":[{"href":"https:\/\/revistavitrineibiuna.com.br\/index.php?rest_route=\/wp\/v2\/posts"}],"about":[{"href":"https:\/\/revistavitrineibiuna.com.br\/index.php?rest_route=\/wp\/v2\/types\/post"}],"author":[{"embeddable":true,"href":"https:\/\/revistavitrineibiuna.com.br\/index.php?rest_route=\/wp\/v2\/users\/1"}],"replies":[{"embeddable":true,"href":"https:\/\/revistavitrineibiuna.com.br\/index.php?rest_route=%2Fwp%2Fv2%2Fcomments&post=36289"}],"version-history":[{"count":7,"href":"https:\/\/revistavitrineibiuna.com.br\/index.php?rest_route=\/wp\/v2\/posts\/36289\/revisions"}],"predecessor-version":[{"id":36298,"href":"https:\/\/revistavitrineibiuna.com.br\/index.php?rest_route=\/wp\/v2\/posts\/36289\/revisions\/36298"}],"wp:featuredmedia":[{"embeddable":true,"href":"https:\/\/revistavitrineibiuna.com.br\/index.php?rest_route=\/wp\/v2\/media\/36290"}],"wp:attachment":[{"href":"https:\/\/revistavitrineibiuna.com.br\/index.php?rest_route=%2Fwp%2Fv2%2Fmedia&parent=36289"}],"wp:term":[{"taxonomy":"category","embeddable":true,"href":"https:\/\/revistavitrineibiuna.com.br\/index.php?rest_route=%2Fwp%2Fv2%2Fcategories&post=36289"},{"taxonomy":"post_tag","embeddable":true,"href":"https:\/\/revistavitrineibiuna.com.br\/index.php?rest_route=%2Fwp%2Fv2%2Ftags&post=36289"}],"curies":[{"name":"wp","href":"https:\/\/api.w.org\/{rel}","templated":true}]}}