{"id":36299,"date":"2026-07-14T19:32:48","date_gmt":"2026-07-14T22:32:48","guid":{"rendered":"http:\/\/revistavitrineibiuna.com.br\/?p=36299"},"modified":"2026-07-14T19:56:51","modified_gmt":"2026-07-14T22:56:51","slug":"ibiuna-conselho-municipal-de-saude-considera-inaceitavel-situacao-dos-demitidos-do-hmi","status":"publish","type":"post","link":"https:\/\/revistavitrineibiuna.com.br\/?p=36299","title":{"rendered":"IBI\u00daNA \u2013 CONSELHO MUNICIPAL DE SA\u00daDE CONSIDERA INACEIT\u00c1VEL SITUA\u00c7\u00c3O DOS DEMITIDOS DO HMI"},"content":{"rendered":"\n<p class=\"has-drop-cap\">Em reuni\u00e3o mensal realizada nesta ter\u00e7a-feira (14), o Conselho Municipal de Sa\u00fade de Ibi\u00fana \u2013 CMS considerou inaceit\u00e1vel a situa\u00e7\u00e3o vivida por 162 profissionais de sa\u00fade demitidos do Hospital Municipal de Ibi\u00fana \u2013 HMI pelo Igats e que at\u00e9 o momento n\u00e3o receberam seus direitos trabalhistas.<\/p>\n\n\n\n<p>Lembrou que durante as reuni\u00f5es de transi\u00e7\u00e3o da gest\u00e3o do Igats para o Instituto Morgan, realizadas nos dias 25 e 29 de maio, efetivada no dia 19 de junho, das quais participou por meio dos seus conselheiros, ficou assegurada a quita\u00e7\u00e3o das d\u00edvidas tanto pelo Igats e quanto pela Secretaria da Sa\u00fade.<\/p>\n\n\n\n<p>No v\u00eddeo veiculado ontem (13) nas redes sociais, no entanto, o prefeito M\u00e1rio Pires condicionou o pagamento aos funcion\u00e1rios do HMI demitidos pelo Munic\u00edpio a uma poss\u00edvel exist\u00eancia de d\u00e9bitos pendentes da Prefeitura, que depender\u00e1 de um aprofundado exame de documentos apresentados pela empresa que, segundo o chefe do Executivo, teria declarado que n\u00e3o tem \u201cfluxo de caixa\u201d para fazer as quita\u00e7\u00f5es.<\/p>\n\n\n\n<p>Esse impasse, no entanto, est\u00e1 gerando uma situa\u00e7\u00e3o de extremo transtorno financeiro e emocional para ao menos 162 fam\u00edlias que dependem dos proventos dos profissionais demitidos.<\/p>\n\n\n\n<p>Os conselheiros de sa\u00fade entendem que esse processo al\u00e9m de estressar os profissionais que atuam no setor de sa\u00fade poderia ser equacionado no menor prazo poss\u00edvel j\u00e1 que, se o Igats n\u00e3o honrar as d\u00edvidas, caber\u00e1 \u00e0 inequivocamente \u00e0 Prefeitura, por responsabilidade subsidi\u00e1ria, efetuar o pagamento de INSS, FGTS, f\u00e9rias, 13\u00ba, um direito inquestion\u00e1vel l\u00edquido e certo de todos os demitidos.<\/p>\n\n\n\n<p>Ao equacionar essa quest\u00e3o o quanto antes, a atual administra\u00e7\u00e3o da cidade estar\u00e1 cumprindo o compromisso firmado de que os funcion\u00e1rios n\u00e3o seriam prejudicados pelas consequ\u00eancias da transi\u00e7\u00e3o, realizando tudo aquilo que dela se espera como atitude razo\u00e1vel e de bom senso.<\/p>\n","protected":false},"excerpt":{"rendered":"<p>Em reuni\u00e3o mensal realizada nesta ter\u00e7a-feira (14), o Conselho Municipal de Sa\u00fade de Ibi\u00fana \u2013 CMS considerou inaceit\u00e1vel a situa\u00e7\u00e3o<\/p>\n","protected":false},"author":1,"featured_media":36300,"comment_status":"open","ping_status":"open","sticky":false,"template":"","format":"standard","meta":[],"categories":[3],"tags":[],"yoast_head":"<!-- This site is optimized with the Yoast SEO plugin v15.8 - https:\/\/yoast.com\/wordpress\/plugins\/seo\/ -->\n<title>IBI\u00daNA \u2013 CONSELHO MUNICIPAL DE SA\u00daDE CONSIDERA INACEIT\u00c1VEL SITUA\u00c7\u00c3O DOS DEMITIDOS DO HMI - Revista Vitrine Online<\/title>\n<meta name=\"robots\" content=\"index, follow, max-snippet:-1, max-image-preview:large, max-video-preview:-1\" \/>\n<link rel=\"canonical\" href=\"http:\/\/revistavitrineibiuna.com.br\/?p=36299\" \/>\n<meta property=\"og:locale\" content=\"pt_BR\" \/>\n<meta property=\"og:type\" content=\"article\" \/>\n<meta property=\"og:title\" content=\"IBI\u00daNA \u2013 CONSELHO MUNICIPAL DE SA\u00daDE CONSIDERA INACEIT\u00c1VEL SITUA\u00c7\u00c3O DOS DEMITIDOS DO HMI - Revista Vitrine Online\" \/>\n<meta property=\"og:description\" content=\"Em reuni\u00e3o mensal realizada nesta ter\u00e7a-feira (14), o Conselho Municipal de Sa\u00fade de Ibi\u00fana \u2013 CMS considerou inaceit\u00e1vel a situa\u00e7\u00e3o\" \/>\n<meta property=\"og:url\" content=\"http:\/\/revistavitrineibiuna.com.br\/?p=36299\" \/>\n<meta property=\"og:site_name\" content=\"Revista Vitrine Online\" \/>\n<meta property=\"article:published_time\" content=\"2026-07-14T22:32:48+00:00\" \/>\n<meta property=\"article:modified_time\" content=\"2026-07-14T22:56:51+00:00\" \/>\n<meta property=\"og:image\" content=\"https:\/\/revistavitrineibiuna.com.br\/wp-content\/uploads\/2026\/07\/CMS-E-O-HMI.png\" \/>\n\t<meta property=\"og:image:width\" content=\"1568\" \/>\n\t<meta property=\"og:image:height\" content=\"1065\" \/>\n<meta name=\"twitter:card\" content=\"summary\" \/>\n<meta name=\"twitter:label1\" content=\"Est. reading time\">\n\t<meta name=\"twitter:data1\" content=\"2 minutos\">\n<script type=\"application\/ld+json\" class=\"yoast-schema-graph\">{\"@context\":\"https:\/\/schema.org\",\"@graph\":[{\"@type\":\"WebSite\",\"@id\":\"https:\/\/revistavitrineibiuna.com.br\/#website\",\"url\":\"https:\/\/revistavitrineibiuna.com.br\/\",\"name\":\"Revista Vitrine Ibi\\u00fana\",\"description\":\"A Revista de Ibi\\u00fana e Regi\\u00e3o\",\"publisher\":{\"@id\":\"https:\/\/revistavitrineibiuna.com.br\/#\/schema\/person\/e51ef49d6d88170ea21ceabff3f73deb\"},\"potentialAction\":[{\"@type\":\"SearchAction\",\"target\":\"https:\/\/revistavitrineibiuna.com.br\/?s={search_term_string}\",\"query-input\":\"required name=search_term_string\"}],\"inLanguage\":\"pt-BR\"},{\"@type\":\"ImageObject\",\"@id\":\"http:\/\/revistavitrineibiuna.com.br\/?p=36299#primaryimage\",\"inLanguage\":\"pt-BR\",\"url\":\"https:\/\/revistavitrineibiuna.com.br\/wp-content\/uploads\/2026\/07\/CMS-E-O-HMI.png\",\"width\":1568,\"height\":1065},{\"@type\":\"WebPage\",\"@id\":\"http:\/\/revistavitrineibiuna.com.br\/?p=36299#webpage\",\"url\":\"http:\/\/revistavitrineibiuna.com.br\/?p=36299\",\"name\":\"IBI\\u00daNA \\u2013 CONSELHO MUNICIPAL DE SA\\u00daDE CONSIDERA INACEIT\\u00c1VEL SITUA\\u00c7\\u00c3O DOS DEMITIDOS DO HMI - Revista Vitrine Online\",\"isPartOf\":{\"@id\":\"https:\/\/revistavitrineibiuna.com.br\/#website\"},\"primaryImageOfPage\":{\"@id\":\"http:\/\/revistavitrineibiuna.com.br\/?p=36299#primaryimage\"},\"datePublished\":\"2026-07-14T22:32:48+00:00\",\"dateModified\":\"2026-07-14T22:56:51+00:00\",\"breadcrumb\":{\"@id\":\"http:\/\/revistavitrineibiuna.com.br\/?p=36299#breadcrumb\"},\"inLanguage\":\"pt-BR\",\"potentialAction\":[{\"@type\":\"ReadAction\",\"target\":[\"http:\/\/revistavitrineibiuna.com.br\/?p=36299\"]}]},{\"@type\":\"BreadcrumbList\",\"@id\":\"http:\/\/revistavitrineibiuna.com.br\/?p=36299#breadcrumb\",\"itemListElement\":[{\"@type\":\"ListItem\",\"position\":1,\"item\":{\"@type\":\"WebPage\",\"@id\":\"https:\/\/revistavitrineibiuna.com.br\/\",\"url\":\"https:\/\/revistavitrineibiuna.com.br\/\",\"name\":\"In\\u00edcio\"}},{\"@type\":\"ListItem\",\"position\":2,\"item\":{\"@type\":\"WebPage\",\"@id\":\"http:\/\/revistavitrineibiuna.com.br\/?p=36299\",\"url\":\"http:\/\/revistavitrineibiuna.com.br\/?p=36299\",\"name\":\"IBI\\u00daNA \\u2013 CONSELHO MUNICIPAL DE SA\\u00daDE CONSIDERA INACEIT\\u00c1VEL SITUA\\u00c7\\u00c3O DOS DEMITIDOS DO HMI\"}}]},{\"@type\":\"Article\",\"@id\":\"http:\/\/revistavitrineibiuna.com.br\/?p=36299#article\",\"isPartOf\":{\"@id\":\"http:\/\/revistavitrineibiuna.com.br\/?p=36299#webpage\"},\"author\":{\"@id\":\"https:\/\/revistavitrineibiuna.com.br\/#\/schema\/person\/e51ef49d6d88170ea21ceabff3f73deb\"},\"headline\":\"IBI\\u00daNA \\u2013 CONSELHO MUNICIPAL DE SA\\u00daDE CONSIDERA INACEIT\\u00c1VEL SITUA\\u00c7\\u00c3O DOS DEMITIDOS DO HMI\",\"datePublished\":\"2026-07-14T22:32:48+00:00\",\"dateModified\":\"2026-07-14T22:56:51+00:00\",\"mainEntityOfPage\":{\"@id\":\"http:\/\/revistavitrineibiuna.com.br\/?p=36299#webpage\"},\"commentCount\":0,\"publisher\":{\"@id\":\"https:\/\/revistavitrineibiuna.com.br\/#\/schema\/person\/e51ef49d6d88170ea21ceabff3f73deb\"},\"image\":{\"@id\":\"http:\/\/revistavitrineibiuna.com.br\/?p=36299#primaryimage\"},\"articleSection\":\"Not\\u00edcias\",\"inLanguage\":\"pt-BR\",\"potentialAction\":[{\"@type\":\"CommentAction\",\"name\":\"Comment\",\"target\":[\"http:\/\/revistavitrineibiuna.com.br\/?p=36299#respond\"]}]},{\"@type\":[\"Person\",\"Organization\"],\"@id\":\"https:\/\/revistavitrineibiuna.com.br\/#\/schema\/person\/e51ef49d6d88170ea21ceabff3f73deb\",\"name\":\"Carlos Rossini\",\"image\":{\"@type\":\"ImageObject\",\"@id\":\"https:\/\/revistavitrineibiuna.com.br\/#personlogo\",\"inLanguage\":\"pt-BR\",\"url\":\"https:\/\/secure.gravatar.com\/avatar\/4f2d0f99fac1f85c7d643f21f5c8d900?s=96&d=mm&r=g\",\"caption\":\"Carlos Rossini\"},\"logo\":{\"@id\":\"https:\/\/revistavitrineibiuna.com.br\/#personlogo\"},\"description\":\"Carlos Rossini \\u00e9 jornalista, soci\\u00f3logo, escritor e professor universit\\u00e1rio, tendo sido professor de jornalismo por vinte anos. Trabalhou em ve\\u00edculos de comunica\\u00e7\\u00e3o nas fun\\u00e7\\u00f5es de rep\\u00f3rter, redator, editor, articulista e colaborador, como Folha de S. Paulo, O Estado de S. Paulo, Di\\u00e1rio Popular, entre outros. Ao transferir a revista vitrine, vers\\u00e3o imprensa, de S\\u00e3o Paulo para Ibi\\u00fana h\\u00e1 alguns anos, iniciou uma nova experi\\u00eancia profissional, dedicando-se ao jornalismo regional, depois de cumprir uma trajet\\u00f3ria bem-sucedida na grande imprensa brasileira. Seu primeiro livro A Coragem de Comunicar foi lan\\u00e7ado na Bienal do Livro em S\\u00e3o Paulo no ano 2000, pela editora Madras.\"}]}<\/script>\n<!-- \/ Yoast SEO plugin. -->","_links":{"self":[{"href":"https:\/\/revistavitrineibiuna.com.br\/index.php?rest_route=\/wp\/v2\/posts\/36299"}],"collection":[{"href":"https:\/\/revistavitrineibiuna.com.br\/index.php?rest_route=\/wp\/v2\/posts"}],"about":[{"href":"https:\/\/revistavitrineibiuna.com.br\/index.php?rest_route=\/wp\/v2\/types\/post"}],"author":[{"embeddable":true,"href":"https:\/\/revistavitrineibiuna.com.br\/index.php?rest_route=\/wp\/v2\/users\/1"}],"replies":[{"embeddable":true,"href":"https:\/\/revistavitrineibiuna.com.br\/index.php?rest_route=%2Fwp%2Fv2%2Fcomments&post=36299"}],"version-history":[{"count":4,"href":"https:\/\/revistavitrineibiuna.com.br\/index.php?rest_route=\/wp\/v2\/posts\/36299\/revisions"}],"predecessor-version":[{"id":36304,"href":"https:\/\/revistavitrineibiuna.com.br\/index.php?rest_route=\/wp\/v2\/posts\/36299\/revisions\/36304"}],"wp:featuredmedia":[{"embeddable":true,"href":"https:\/\/revistavitrineibiuna.com.br\/index.php?rest_route=\/wp\/v2\/media\/36300"}],"wp:attachment":[{"href":"https:\/\/revistavitrineibiuna.com.br\/index.php?rest_route=%2Fwp%2Fv2%2Fmedia&parent=36299"}],"wp:term":[{"taxonomy":"category","embeddable":true,"href":"https:\/\/revistavitrineibiuna.com.br\/index.php?rest_route=%2Fwp%2Fv2%2Fcategories&post=36299"},{"taxonomy":"post_tag","embeddable":true,"href":"https:\/\/revistavitrineibiuna.com.br\/index.php?rest_route=%2Fwp%2Fv2%2Ftags&post=36299"}],"curies":[{"name":"wp","href":"https:\/\/api.w.org\/{rel}","templated":true}]}}