{"id":36540,"date":"2026-08-31T17:15:19","date_gmt":"2026-08-31T20:15:19","guid":{"rendered":"http:\/\/revistavitrineibiuna.com.br\/?p=36540"},"modified":"2026-08-31T17:15:21","modified_gmt":"2026-08-31T20:15:21","slug":"festei-transforma-ibiuna-num-grande-cenario-de-artes-cenicas","status":"publish","type":"post","link":"https:\/\/revistavitrineibiuna.com.br\/?p=36540","title":{"rendered":"FESTEI TRANSFORMA IBI\u00daNA NUM GRANDE CEN\u00c1RIO DE ARTES C\u00caNICAS"},"content":{"rendered":"\n<p class=\"has-drop-cap\"><strong>De 3 a 7 de setembro, a cidade de Ibi\u00fana se transformar\u00e1 num grande cen\u00e1rio de artes c\u00eanicas, com a 5\u00aa edi\u00e7\u00e3o do Festei \u2013 Festival Nacional de Teatro de Ibi\u00fana, com espet\u00e1culos de dan\u00e7a, cortejo e artistas de diferentes regi\u00f5es do pa\u00eds.<\/strong><\/p>\n\n\n\n<p><strong>Todas as apresenta\u00e7\u00f5es s\u00e3o gratuitas com artistas e grupos teatrais em uma \u201cgrande celebra\u00e7\u00e3o da cultura promovendo o encontro entre diferentes linguagens e p\u00fablicos\u201d.<\/strong><\/p>\n\n\n\n<p><strong>A proposta do festival \u00e9 aproximar a popula\u00e7\u00e3o das artes c\u00eanicas, proporcionando experi\u00eancias acess\u00edveis, plurais e significativas.<\/strong><\/p>\n\n\n\n<p><strong>PROGRAMA\u00c7\u00c3O<\/strong><\/p>\n\n\n\n<figure class=\"wp-block-image size-large\"><img loading=\"lazy\" width=\"704\" height=\"827\" src=\"https:\/\/revistavitrineibiuna.com.br\/wp-content\/uploads\/2026\/08\/novissima-programacao-com-locais.png\" alt=\"\" class=\"wp-image-36544\" srcset=\"https:\/\/revistavitrineibiuna.com.br\/wp-content\/uploads\/2026\/08\/novissima-programacao-com-locais.png 704w, https:\/\/revistavitrineibiuna.com.br\/wp-content\/uploads\/2026\/08\/novissima-programacao-com-locais-255x300.png 255w\" sizes=\"(max-width: 704px) 100vw, 704px\" \/><\/figure>\n","protected":false},"excerpt":{"rendered":"<p>De 3 a 7 de setembro, a cidade de Ibi\u00fana se transformar\u00e1 num grande cen\u00e1rio de artes c\u00eanicas, com a<\/p>\n","protected":false},"author":1,"featured_media":36545,"comment_status":"open","ping_status":"open","sticky":false,"template":"","format":"standard","meta":[],"categories":[3],"tags":[],"yoast_head":"<!-- This site is optimized with the Yoast SEO plugin v15.8 - https:\/\/yoast.com\/wordpress\/plugins\/seo\/ -->\n<title>FESTEI TRANSFORMA IBI\u00daNA NUM GRANDE CEN\u00c1RIO DE ARTES C\u00caNICAS - Revista Vitrine Online<\/title>\n<meta name=\"robots\" content=\"index, follow, max-snippet:-1, max-image-preview:large, max-video-preview:-1\" \/>\n<link rel=\"canonical\" href=\"http:\/\/revistavitrineibiuna.com.br\/?p=36540\" \/>\n<meta property=\"og:locale\" content=\"pt_BR\" \/>\n<meta property=\"og:type\" content=\"article\" \/>\n<meta property=\"og:title\" content=\"FESTEI TRANSFORMA IBI\u00daNA NUM GRANDE CEN\u00c1RIO DE ARTES C\u00caNICAS - Revista Vitrine Online\" \/>\n<meta property=\"og:description\" content=\"De 3 a 7 de setembro, a cidade de Ibi\u00fana se transformar\u00e1 num grande cen\u00e1rio de artes c\u00eanicas, com a\" \/>\n<meta property=\"og:url\" content=\"http:\/\/revistavitrineibiuna.com.br\/?p=36540\" \/>\n<meta property=\"og:site_name\" content=\"Revista Vitrine Online\" \/>\n<meta property=\"article:published_time\" content=\"2026-08-31T20:15:19+00:00\" \/>\n<meta property=\"article:modified_time\" content=\"2026-08-31T20:15:21+00:00\" \/>\n<meta property=\"og:image\" content=\"https:\/\/revistavitrineibiuna.com.br\/wp-content\/uploads\/2026\/08\/festei-na-praca.png\" \/>\n\t<meta property=\"og:image:width\" content=\"719\" \/>\n\t<meta property=\"og:image:height\" content=\"434\" \/>\n<meta name=\"twitter:card\" content=\"summary\" \/>\n<meta name=\"twitter:label1\" content=\"Est. reading time\">\n\t<meta name=\"twitter:data1\" content=\"1 minuto\">\n<script type=\"application\/ld+json\" class=\"yoast-schema-graph\">{\"@context\":\"https:\/\/schema.org\",\"@graph\":[{\"@type\":\"WebSite\",\"@id\":\"https:\/\/revistavitrineibiuna.com.br\/#website\",\"url\":\"https:\/\/revistavitrineibiuna.com.br\/\",\"name\":\"Revista Vitrine Ibi\\u00fana\",\"description\":\"A Revista de Ibi\\u00fana e Regi\\u00e3o\",\"publisher\":{\"@id\":\"https:\/\/revistavitrineibiuna.com.br\/#\/schema\/person\/e51ef49d6d88170ea21ceabff3f73deb\"},\"potentialAction\":[{\"@type\":\"SearchAction\",\"target\":\"https:\/\/revistavitrineibiuna.com.br\/?s={search_term_string}\",\"query-input\":\"required name=search_term_string\"}],\"inLanguage\":\"pt-BR\"},{\"@type\":\"ImageObject\",\"@id\":\"http:\/\/revistavitrineibiuna.com.br\/?p=36540#primaryimage\",\"inLanguage\":\"pt-BR\",\"url\":\"https:\/\/revistavitrineibiuna.com.br\/wp-content\/uploads\/2026\/08\/festei-na-praca.png\",\"width\":719,\"height\":434},{\"@type\":\"WebPage\",\"@id\":\"http:\/\/revistavitrineibiuna.com.br\/?p=36540#webpage\",\"url\":\"http:\/\/revistavitrineibiuna.com.br\/?p=36540\",\"name\":\"FESTEI TRANSFORMA IBI\\u00daNA NUM GRANDE CEN\\u00c1RIO DE ARTES C\\u00caNICAS - Revista Vitrine Online\",\"isPartOf\":{\"@id\":\"https:\/\/revistavitrineibiuna.com.br\/#website\"},\"primaryImageOfPage\":{\"@id\":\"http:\/\/revistavitrineibiuna.com.br\/?p=36540#primaryimage\"},\"datePublished\":\"2026-08-31T20:15:19+00:00\",\"dateModified\":\"2026-08-31T20:15:21+00:00\",\"breadcrumb\":{\"@id\":\"http:\/\/revistavitrineibiuna.com.br\/?p=36540#breadcrumb\"},\"inLanguage\":\"pt-BR\",\"potentialAction\":[{\"@type\":\"ReadAction\",\"target\":[\"http:\/\/revistavitrineibiuna.com.br\/?p=36540\"]}]},{\"@type\":\"BreadcrumbList\",\"@id\":\"http:\/\/revistavitrineibiuna.com.br\/?p=36540#breadcrumb\",\"itemListElement\":[{\"@type\":\"ListItem\",\"position\":1,\"item\":{\"@type\":\"WebPage\",\"@id\":\"https:\/\/revistavitrineibiuna.com.br\/\",\"url\":\"https:\/\/revistavitrineibiuna.com.br\/\",\"name\":\"In\\u00edcio\"}},{\"@type\":\"ListItem\",\"position\":2,\"item\":{\"@type\":\"WebPage\",\"@id\":\"http:\/\/revistavitrineibiuna.com.br\/?p=36540\",\"url\":\"http:\/\/revistavitrineibiuna.com.br\/?p=36540\",\"name\":\"FESTEI TRANSFORMA IBI\\u00daNA NUM GRANDE CEN\\u00c1RIO DE ARTES C\\u00caNICAS\"}}]},{\"@type\":\"Article\",\"@id\":\"http:\/\/revistavitrineibiuna.com.br\/?p=36540#article\",\"isPartOf\":{\"@id\":\"http:\/\/revistavitrineibiuna.com.br\/?p=36540#webpage\"},\"author\":{\"@id\":\"https:\/\/revistavitrineibiuna.com.br\/#\/schema\/person\/e51ef49d6d88170ea21ceabff3f73deb\"},\"headline\":\"FESTEI TRANSFORMA IBI\\u00daNA NUM GRANDE CEN\\u00c1RIO DE ARTES C\\u00caNICAS\",\"datePublished\":\"2026-08-31T20:15:19+00:00\",\"dateModified\":\"2026-08-31T20:15:21+00:00\",\"mainEntityOfPage\":{\"@id\":\"http:\/\/revistavitrineibiuna.com.br\/?p=36540#webpage\"},\"commentCount\":0,\"publisher\":{\"@id\":\"https:\/\/revistavitrineibiuna.com.br\/#\/schema\/person\/e51ef49d6d88170ea21ceabff3f73deb\"},\"image\":{\"@id\":\"http:\/\/revistavitrineibiuna.com.br\/?p=36540#primaryimage\"},\"articleSection\":\"Not\\u00edcias\",\"inLanguage\":\"pt-BR\",\"potentialAction\":[{\"@type\":\"CommentAction\",\"name\":\"Comment\",\"target\":[\"http:\/\/revistavitrineibiuna.com.br\/?p=36540#respond\"]}]},{\"@type\":[\"Person\",\"Organization\"],\"@id\":\"https:\/\/revistavitrineibiuna.com.br\/#\/schema\/person\/e51ef49d6d88170ea21ceabff3f73deb\",\"name\":\"Carlos Rossini\",\"image\":{\"@type\":\"ImageObject\",\"@id\":\"https:\/\/revistavitrineibiuna.com.br\/#personlogo\",\"inLanguage\":\"pt-BR\",\"url\":\"https:\/\/secure.gravatar.com\/avatar\/4f2d0f99fac1f85c7d643f21f5c8d900?s=96&d=mm&r=g\",\"caption\":\"Carlos Rossini\"},\"logo\":{\"@id\":\"https:\/\/revistavitrineibiuna.com.br\/#personlogo\"},\"description\":\"Carlos Rossini \\u00e9 jornalista, soci\\u00f3logo, escritor e professor universit\\u00e1rio, tendo sido professor de jornalismo por vinte anos. Trabalhou em ve\\u00edculos de comunica\\u00e7\\u00e3o nas fun\\u00e7\\u00f5es de rep\\u00f3rter, redator, editor, articulista e colaborador, como Folha de S. Paulo, O Estado de S. Paulo, Di\\u00e1rio Popular, entre outros. Ao transferir a revista vitrine, vers\\u00e3o imprensa, de S\\u00e3o Paulo para Ibi\\u00fana h\\u00e1 alguns anos, iniciou uma nova experi\\u00eancia profissional, dedicando-se ao jornalismo regional, depois de cumprir uma trajet\\u00f3ria bem-sucedida na grande imprensa brasileira. Seu primeiro livro A Coragem de Comunicar foi lan\\u00e7ado na Bienal do Livro em S\\u00e3o Paulo no ano 2000, pela editora Madras.\"}]}<\/script>\n<!-- \/ Yoast SEO plugin. -->","_links":{"self":[{"href":"https:\/\/revistavitrineibiuna.com.br\/index.php?rest_route=\/wp\/v2\/posts\/36540"}],"collection":[{"href":"https:\/\/revistavitrineibiuna.com.br\/index.php?rest_route=\/wp\/v2\/posts"}],"about":[{"href":"https:\/\/revistavitrineibiuna.com.br\/index.php?rest_route=\/wp\/v2\/types\/post"}],"author":[{"embeddable":true,"href":"https:\/\/revistavitrineibiuna.com.br\/index.php?rest_route=\/wp\/v2\/users\/1"}],"replies":[{"embeddable":true,"href":"https:\/\/revistavitrineibiuna.com.br\/index.php?rest_route=%2Fwp%2Fv2%2Fcomments&post=36540"}],"version-history":[{"count":1,"href":"https:\/\/revistavitrineibiuna.com.br\/index.php?rest_route=\/wp\/v2\/posts\/36540\/revisions"}],"predecessor-version":[{"id":36546,"href":"https:\/\/revistavitrineibiuna.com.br\/index.php?rest_route=\/wp\/v2\/posts\/36540\/revisions\/36546"}],"wp:featuredmedia":[{"embeddable":true,"href":"https:\/\/revistavitrineibiuna.com.br\/index.php?rest_route=\/wp\/v2\/media\/36545"}],"wp:attachment":[{"href":"https:\/\/revistavitrineibiuna.com.br\/index.php?rest_route=%2Fwp%2Fv2%2Fmedia&parent=36540"}],"wp:term":[{"taxonomy":"category","embeddable":true,"href":"https:\/\/revistavitrineibiuna.com.br\/index.php?rest_route=%2Fwp%2Fv2%2Fcategories&post=36540"},{"taxonomy":"post_tag","embeddable":true,"href":"https:\/\/revistavitrineibiuna.com.br\/index.php?rest_route=%2Fwp%2Fv2%2Ftags&post=36540"}],"curies":[{"name":"wp","href":"https:\/\/api.w.org\/{rel}","templated":true}]}}