{"id":36548,"date":"2026-09-02T11:39:17","date_gmt":"2026-09-02T14:39:17","guid":{"rendered":"http:\/\/revistavitrineibiuna.com.br\/?p=36548"},"modified":"2026-09-02T11:39:19","modified_gmt":"2026-09-02T14:39:19","slug":"setembro-amarelo-nunca-desista-de-voce","status":"publish","type":"post","link":"https:\/\/revistavitrineibiuna.com.br\/?p=36548","title":{"rendered":"SETEMBRO AMARELO \u2013 \u2018NUNCA DESISTA DE VOC\u00ca\u2019"},"content":{"rendered":"\n<p class=\"has-drop-cap\"><strong>Vitrine online recebeu no contexto do Setembro Amarelo, uma campanha de preven\u00e7\u00e3o contra o suic\u00eddio, o texto que reproduzimos [desconhecemos o autor], n\u00e3o apenas por ter sido considerado como \u201clindo\u201d, mas porque, assim entendemos, cont\u00e9m uma vigorosa mensagem a favor da vida:<\/strong><\/p>\n\n\n\n<p><strong>\u201cA vida n\u00e3o \u00e9 justa com ningu\u00e9m. Alguns recebem mais, outros menos, mas todos enfrentam lutas que ningu\u00e9m v\u00ea.<\/strong><\/p>\n\n\n\n<p><strong>O que diferencia voc\u00ea do outros n\u00e3o \u00e9 a sorte, \u00e9 a decis\u00e3o de continuar quando tudo parece convidar voc\u00ea a parar.<\/strong><\/p>\n\n\n\n<p><strong>Haver\u00e1 momentos em que voc\u00ea vai se sentir sozinho, cansado e sem dire\u00e7\u00e3o. Mas \u00e9 justamente nesses momentos que o seu car\u00e1ter \u00e9 moldado e o seu futuro come\u00e7a a ser escrito.<\/strong><\/p>\n\n\n\n<p><strong>N\u00e3o desista de voc\u00ea. O melhor ainda est\u00e1 sendo preparando em sil\u00eancio.\u201d<\/strong><\/p>\n\n\n\n<p><strong>CAMPANHA MUNDIAL<\/strong><\/p>\n\n\n\n<p><strong>Setembro Amarelo \u00e9 a campanha brasileira de conscientiza\u00e7\u00e3o sobre a preven\u00e7\u00e3o ao suic\u00eddio, realizada durante todo o m\u00eas de setembro.<\/strong><\/p>\n\n\n\n<p><strong>O dia 10 de setembro \u00e9 o Dia Mundial de Preven\u00e7\u00e3o do Suic\u00eddio.<\/strong><\/p>\n\n\n\n<p><strong>A campanha no Brasil foi idealizada em 2014 e teve sua primeira edi\u00e7\u00e3o nacional em 2015, organizada pelo Centro de Valoriza\u00e7\u00e3o da Vida (CVV), pela Associa\u00e7\u00e3o Brasileira de Psiquiatria (ABP) e pelo Conselho Federal de Medicina (CFM).<\/strong><\/p>\n\n\n\n<p><strong>O objetivo da campanha \u00e9 quebrar tabus, falar abertamente sobre sa\u00fade mental e alertar que a grande maioria dos casos est\u00e1 ligada a transtornos mentais trat\u00e1veis.<\/strong><\/p>\n\n\n\n<p><strong>EM IBI\u00daNA<\/strong><\/p>\n\n\n\n<p><strong>Em Ibi\u00fana, a Campanha Setembro Amarelo contar\u00e1 com palestras sobre sa\u00fade mental, proferidas por psic\u00f3logas, em oito postos de sa\u00fade onde funciona a ESF \u2013 Estrat\u00e9gia Sa\u00fade da Fam\u00edlia, a partir de amanh\u00e3 (3).<\/strong><\/p>\n\n\n\n<p><strong>Em caso de precisar de apoio, ligue para o Centro de Valoriza\u00e7\u00e3o da Vida \u2013 CVV pelo telefone 188 que funciona 24h.<\/strong><\/p>\n","protected":false},"excerpt":{"rendered":"<p>Vitrine online recebeu no contexto do Setembro Amarelo, uma campanha de preven\u00e7\u00e3o contra o suic\u00eddio, o texto que reproduzimos [desconhecemos<\/p>\n","protected":false},"author":1,"featured_media":36549,"comment_status":"open","ping_status":"open","sticky":false,"template":"","format":"standard","meta":[],"categories":[3],"tags":[],"yoast_head":"<!-- This site is optimized with the Yoast SEO plugin v15.8 - https:\/\/yoast.com\/wordpress\/plugins\/seo\/ -->\n<title>SETEMBRO AMARELO \u2013 \u2018NUNCA DESISTA DE VOC\u00ca\u2019 - Revista Vitrine Online<\/title>\n<meta name=\"robots\" content=\"index, follow, max-snippet:-1, max-image-preview:large, max-video-preview:-1\" \/>\n<link rel=\"canonical\" href=\"http:\/\/revistavitrineibiuna.com.br\/?p=36548\" \/>\n<meta property=\"og:locale\" content=\"pt_BR\" \/>\n<meta property=\"og:type\" content=\"article\" \/>\n<meta property=\"og:title\" content=\"SETEMBRO AMARELO \u2013 \u2018NUNCA DESISTA DE VOC\u00ca\u2019 - Revista Vitrine Online\" \/>\n<meta property=\"og:description\" content=\"Vitrine online recebeu no contexto do Setembro Amarelo, uma campanha de preven\u00e7\u00e3o contra o suic\u00eddio, o texto que reproduzimos [desconhecemos\" \/>\n<meta property=\"og:url\" content=\"http:\/\/revistavitrineibiuna.com.br\/?p=36548\" \/>\n<meta property=\"og:site_name\" content=\"Revista Vitrine Online\" \/>\n<meta property=\"article:published_time\" content=\"2026-09-02T14:39:17+00:00\" \/>\n<meta property=\"article:modified_time\" content=\"2026-09-02T14:39:19+00:00\" \/>\n<meta property=\"og:image\" content=\"https:\/\/revistavitrineibiuna.com.br\/wp-content\/uploads\/2026\/09\/toda-a-vida-importa-800x445-1.png\" \/>\n\t<meta property=\"og:image:width\" content=\"800\" \/>\n\t<meta property=\"og:image:height\" content=\"445\" \/>\n<meta name=\"twitter:card\" content=\"summary\" \/>\n<meta name=\"twitter:label1\" content=\"Est. reading time\">\n\t<meta name=\"twitter:data1\" content=\"2 minutos\">\n<script type=\"application\/ld+json\" class=\"yoast-schema-graph\">{\"@context\":\"https:\/\/schema.org\",\"@graph\":[{\"@type\":\"WebSite\",\"@id\":\"https:\/\/revistavitrineibiuna.com.br\/#website\",\"url\":\"https:\/\/revistavitrineibiuna.com.br\/\",\"name\":\"Revista Vitrine Ibi\\u00fana\",\"description\":\"A Revista de Ibi\\u00fana e Regi\\u00e3o\",\"publisher\":{\"@id\":\"https:\/\/revistavitrineibiuna.com.br\/#\/schema\/person\/e51ef49d6d88170ea21ceabff3f73deb\"},\"potentialAction\":[{\"@type\":\"SearchAction\",\"target\":\"https:\/\/revistavitrineibiuna.com.br\/?s={search_term_string}\",\"query-input\":\"required name=search_term_string\"}],\"inLanguage\":\"pt-BR\"},{\"@type\":\"ImageObject\",\"@id\":\"http:\/\/revistavitrineibiuna.com.br\/?p=36548#primaryimage\",\"inLanguage\":\"pt-BR\",\"url\":\"https:\/\/revistavitrineibiuna.com.br\/wp-content\/uploads\/2026\/09\/toda-a-vida-importa-800x445-1.png\",\"width\":800,\"height\":445},{\"@type\":\"WebPage\",\"@id\":\"http:\/\/revistavitrineibiuna.com.br\/?p=36548#webpage\",\"url\":\"http:\/\/revistavitrineibiuna.com.br\/?p=36548\",\"name\":\"SETEMBRO AMARELO \\u2013 \\u2018NUNCA DESISTA DE VOC\\u00ca\\u2019 - Revista Vitrine Online\",\"isPartOf\":{\"@id\":\"https:\/\/revistavitrineibiuna.com.br\/#website\"},\"primaryImageOfPage\":{\"@id\":\"http:\/\/revistavitrineibiuna.com.br\/?p=36548#primaryimage\"},\"datePublished\":\"2026-09-02T14:39:17+00:00\",\"dateModified\":\"2026-09-02T14:39:19+00:00\",\"breadcrumb\":{\"@id\":\"http:\/\/revistavitrineibiuna.com.br\/?p=36548#breadcrumb\"},\"inLanguage\":\"pt-BR\",\"potentialAction\":[{\"@type\":\"ReadAction\",\"target\":[\"http:\/\/revistavitrineibiuna.com.br\/?p=36548\"]}]},{\"@type\":\"BreadcrumbList\",\"@id\":\"http:\/\/revistavitrineibiuna.com.br\/?p=36548#breadcrumb\",\"itemListElement\":[{\"@type\":\"ListItem\",\"position\":1,\"item\":{\"@type\":\"WebPage\",\"@id\":\"https:\/\/revistavitrineibiuna.com.br\/\",\"url\":\"https:\/\/revistavitrineibiuna.com.br\/\",\"name\":\"In\\u00edcio\"}},{\"@type\":\"ListItem\",\"position\":2,\"item\":{\"@type\":\"WebPage\",\"@id\":\"http:\/\/revistavitrineibiuna.com.br\/?p=36548\",\"url\":\"http:\/\/revistavitrineibiuna.com.br\/?p=36548\",\"name\":\"SETEMBRO AMARELO \\u2013 \\u2018NUNCA DESISTA DE VOC\\u00ca\\u2019\"}}]},{\"@type\":\"Article\",\"@id\":\"http:\/\/revistavitrineibiuna.com.br\/?p=36548#article\",\"isPartOf\":{\"@id\":\"http:\/\/revistavitrineibiuna.com.br\/?p=36548#webpage\"},\"author\":{\"@id\":\"https:\/\/revistavitrineibiuna.com.br\/#\/schema\/person\/e51ef49d6d88170ea21ceabff3f73deb\"},\"headline\":\"SETEMBRO AMARELO \\u2013 \\u2018NUNCA DESISTA DE VOC\\u00ca\\u2019\",\"datePublished\":\"2026-09-02T14:39:17+00:00\",\"dateModified\":\"2026-09-02T14:39:19+00:00\",\"mainEntityOfPage\":{\"@id\":\"http:\/\/revistavitrineibiuna.com.br\/?p=36548#webpage\"},\"commentCount\":0,\"publisher\":{\"@id\":\"https:\/\/revistavitrineibiuna.com.br\/#\/schema\/person\/e51ef49d6d88170ea21ceabff3f73deb\"},\"image\":{\"@id\":\"http:\/\/revistavitrineibiuna.com.br\/?p=36548#primaryimage\"},\"articleSection\":\"Not\\u00edcias\",\"inLanguage\":\"pt-BR\",\"potentialAction\":[{\"@type\":\"CommentAction\",\"name\":\"Comment\",\"target\":[\"http:\/\/revistavitrineibiuna.com.br\/?p=36548#respond\"]}]},{\"@type\":[\"Person\",\"Organization\"],\"@id\":\"https:\/\/revistavitrineibiuna.com.br\/#\/schema\/person\/e51ef49d6d88170ea21ceabff3f73deb\",\"name\":\"Carlos Rossini\",\"image\":{\"@type\":\"ImageObject\",\"@id\":\"https:\/\/revistavitrineibiuna.com.br\/#personlogo\",\"inLanguage\":\"pt-BR\",\"url\":\"https:\/\/secure.gravatar.com\/avatar\/4f2d0f99fac1f85c7d643f21f5c8d900?s=96&d=mm&r=g\",\"caption\":\"Carlos Rossini\"},\"logo\":{\"@id\":\"https:\/\/revistavitrineibiuna.com.br\/#personlogo\"},\"description\":\"Carlos Rossini \\u00e9 jornalista, soci\\u00f3logo, escritor e professor universit\\u00e1rio, tendo sido professor de jornalismo por vinte anos. Trabalhou em ve\\u00edculos de comunica\\u00e7\\u00e3o nas fun\\u00e7\\u00f5es de rep\\u00f3rter, redator, editor, articulista e colaborador, como Folha de S. Paulo, O Estado de S. Paulo, Di\\u00e1rio Popular, entre outros. Ao transferir a revista vitrine, vers\\u00e3o imprensa, de S\\u00e3o Paulo para Ibi\\u00fana h\\u00e1 alguns anos, iniciou uma nova experi\\u00eancia profissional, dedicando-se ao jornalismo regional, depois de cumprir uma trajet\\u00f3ria bem-sucedida na grande imprensa brasileira. Seu primeiro livro A Coragem de Comunicar foi lan\\u00e7ado na Bienal do Livro em S\\u00e3o Paulo no ano 2000, pela editora Madras.\"}]}<\/script>\n<!-- \/ Yoast SEO plugin. -->","_links":{"self":[{"href":"https:\/\/revistavitrineibiuna.com.br\/index.php?rest_route=\/wp\/v2\/posts\/36548"}],"collection":[{"href":"https:\/\/revistavitrineibiuna.com.br\/index.php?rest_route=\/wp\/v2\/posts"}],"about":[{"href":"https:\/\/revistavitrineibiuna.com.br\/index.php?rest_route=\/wp\/v2\/types\/post"}],"author":[{"embeddable":true,"href":"https:\/\/revistavitrineibiuna.com.br\/index.php?rest_route=\/wp\/v2\/users\/1"}],"replies":[{"embeddable":true,"href":"https:\/\/revistavitrineibiuna.com.br\/index.php?rest_route=%2Fwp%2Fv2%2Fcomments&post=36548"}],"version-history":[{"count":1,"href":"https:\/\/revistavitrineibiuna.com.br\/index.php?rest_route=\/wp\/v2\/posts\/36548\/revisions"}],"predecessor-version":[{"id":36550,"href":"https:\/\/revistavitrineibiuna.com.br\/index.php?rest_route=\/wp\/v2\/posts\/36548\/revisions\/36550"}],"wp:featuredmedia":[{"embeddable":true,"href":"https:\/\/revistavitrineibiuna.com.br\/index.php?rest_route=\/wp\/v2\/media\/36549"}],"wp:attachment":[{"href":"https:\/\/revistavitrineibiuna.com.br\/index.php?rest_route=%2Fwp%2Fv2%2Fmedia&parent=36548"}],"wp:term":[{"taxonomy":"category","embeddable":true,"href":"https:\/\/revistavitrineibiuna.com.br\/index.php?rest_route=%2Fwp%2Fv2%2Fcategories&post=36548"},{"taxonomy":"post_tag","embeddable":true,"href":"https:\/\/revistavitrineibiuna.com.br\/index.php?rest_route=%2Fwp%2Fv2%2Ftags&post=36548"}],"curies":[{"name":"wp","href":"https:\/\/api.w.org\/{rel}","templated":true}]}}