{"id":36551,"date":"2026-09-04T17:14:58","date_gmt":"2026-09-04T20:14:58","guid":{"rendered":"http:\/\/revistavitrineibiuna.com.br\/?p=36551"},"modified":"2026-09-04T17:16:59","modified_gmt":"2026-09-04T20:16:59","slug":"ibiuna-policia-prende-suspeito-do-homicidio-na-vargem-do-salto","status":"publish","type":"post","link":"https:\/\/revistavitrineibiuna.com.br\/?p=36551","title":{"rendered":"IBI\u00daNA &#8211; POL\u00cdCIA PRENDE SUSPEITO DO HOMIC\u00cdDIO NA VARGEM DO SALTO"},"content":{"rendered":"\n<p class=\"has-drop-cap\"><strong>A pol\u00edcia prendeu na manh\u00e3 de hoje (4) B.A.O., suspeito pela pr\u00e1tica de homic\u00eddio ocorrido no dia 31 de agosto, na regi\u00e3o do bairro Vargem do Salto, em Ibi\u00fana.<\/strong><\/p>\n\n\n\n<p><strong>Esse crime teve repercuss\u00e3o nas redes sociais. B.A.O. estava escondido em uma resid\u00eancia, de acordo com informa\u00e7\u00f5es da Delegacia de Pol\u00edcia de Ibi\u00fana prestadas \u00e0 vitrine online.<\/strong><\/p>\n\n\n\n<p><strong>O crime ocorreu durante a madrugada, em via p\u00fablica, nas proximidades da Rodovia J\u00falio Dal Fabro. Conforme apurado, a v\u00edtima, identificada pelas iniciais E.A.S., foi encontrada gravemente ferida ap\u00f3s sofrer m\u00faltiplos golpes de faca. Ela chegou a ser socorrida ao Hospital de Ibi\u00fana ainda com vida, mas n\u00e3o resistiu aos ferimentos e morreu por volta das 3h30.<\/strong><\/p>\n\n\n\n<p><strong>Segundo uma autoridade da pol\u00edcia civil, \u201cas dilig\u00eancias realizadas ap\u00f3s o crime permitiram a identifica\u00e7\u00e3o de B.A.O. como autor. Diante dos elementos reunidos no curso da apura\u00e7\u00e3o, foi expedido mandado de pris\u00e3o tempor\u00e1ria em seu desfavor.\u201d<\/strong><\/p>\n\n\n\n<p><strong>Na manh\u00e3 desta sexta-feira, guardas civis municipais foram acionados por moradores para averiguar uma poss\u00edvel invas\u00e3o em uma propriedade particular, no bairro Machado. Durante as buscas no im\u00f3vel, os agentes da GCM localizaram B.A.O. escondido ao lado de um tanque, na \u00e1rea da lavanderia da resid\u00eancia. O procurado se identificou e n\u00e3o ofereceu resist\u00eancia \u00e0 abordagem.<\/strong><\/p>\n\n\n\n<figure class=\"wp-block-image size-large\"><img loading=\"lazy\" width=\"718\" height=\"507\" src=\"https:\/\/revistavitrineibiuna.com.br\/wp-content\/uploads\/2026\/09\/carceragem.png\" alt=\"\" class=\"wp-image-36555\" srcset=\"https:\/\/revistavitrineibiuna.com.br\/wp-content\/uploads\/2026\/09\/carceragem.png 718w, https:\/\/revistavitrineibiuna.com.br\/wp-content\/uploads\/2026\/09\/carceragem-300x212.png 300w\" sizes=\"(max-width: 718px) 100vw, 718px\" \/><figcaption>Investigador leva o suspeito para a carceragem<\/figcaption><\/figure>\n\n\n\n<p><strong>Ap\u00f3s consulta ao Banco Nacional de Medidas Penais e Pris\u00f5es, foi confirmada a exist\u00eancia da ordem judicial. O capturado recebeu voz de pris\u00e3o e posteriormente foi apresentado \u00e0 Delegacia de Pol\u00edcia de Ibi\u00fana, onde foram adotadas as provid\u00eancias de Pol\u00edcia Judici\u00e1ria cab\u00edveis.<\/strong><\/p>\n\n\n\n<p><strong>B.A.O. permaneceu \u00e0 disposi\u00e7\u00e3o da Justi\u00e7a. As investiga\u00e7\u00f5es prosseguem para o completo esclarecimento das circunst\u00e2ncias e da din\u00e2mica do crime.<\/strong><\/p>\n","protected":false},"excerpt":{"rendered":"<p>A pol\u00edcia prendeu na manh\u00e3 de hoje (4) B.A.O., suspeito pela pr\u00e1tica de homic\u00eddio ocorrido no dia 31 de agosto,<\/p>\n","protected":false},"author":1,"featured_media":36552,"comment_status":"open","ping_status":"open","sticky":false,"template":"","format":"standard","meta":[],"categories":[3],"tags":[],"yoast_head":"<!-- This site is optimized with the Yoast SEO plugin v15.8 - https:\/\/yoast.com\/wordpress\/plugins\/seo\/ -->\n<title>IBI\u00daNA - POL\u00cdCIA PRENDE SUSPEITO DO HOMIC\u00cdDIO NA VARGEM DO SALTO - Revista Vitrine Online<\/title>\n<meta name=\"robots\" content=\"index, follow, max-snippet:-1, max-image-preview:large, max-video-preview:-1\" \/>\n<link rel=\"canonical\" href=\"http:\/\/revistavitrineibiuna.com.br\/?p=36551\" \/>\n<meta property=\"og:locale\" content=\"pt_BR\" \/>\n<meta property=\"og:type\" content=\"article\" \/>\n<meta property=\"og:title\" content=\"IBI\u00daNA - POL\u00cdCIA PRENDE SUSPEITO DO HOMIC\u00cdDIO NA VARGEM DO SALTO - Revista Vitrine Online\" \/>\n<meta property=\"og:description\" content=\"A pol\u00edcia prendeu na manh\u00e3 de hoje (4) B.A.O., suspeito pela pr\u00e1tica de homic\u00eddio ocorrido no dia 31 de agosto,\" \/>\n<meta property=\"og:url\" content=\"http:\/\/revistavitrineibiuna.com.br\/?p=36551\" \/>\n<meta property=\"og:site_name\" content=\"Revista Vitrine Online\" \/>\n<meta property=\"article:published_time\" content=\"2026-09-04T20:14:58+00:00\" \/>\n<meta property=\"article:modified_time\" content=\"2026-09-04T20:16:59+00:00\" \/>\n<meta property=\"og:image\" content=\"https:\/\/revistavitrineibiuna.com.br\/wp-content\/uploads\/2026\/09\/suspeito-com-GCMS.png\" \/>\n\t<meta property=\"og:image:width\" content=\"711\" \/>\n\t<meta property=\"og:image:height\" content=\"437\" \/>\n<meta name=\"twitter:card\" content=\"summary\" \/>\n<meta name=\"twitter:label1\" content=\"Est. reading time\">\n\t<meta name=\"twitter:data1\" content=\"2 minutos\">\n<script type=\"application\/ld+json\" class=\"yoast-schema-graph\">{\"@context\":\"https:\/\/schema.org\",\"@graph\":[{\"@type\":\"WebSite\",\"@id\":\"https:\/\/revistavitrineibiuna.com.br\/#website\",\"url\":\"https:\/\/revistavitrineibiuna.com.br\/\",\"name\":\"Revista Vitrine Ibi\\u00fana\",\"description\":\"A Revista de Ibi\\u00fana e Regi\\u00e3o\",\"publisher\":{\"@id\":\"https:\/\/revistavitrineibiuna.com.br\/#\/schema\/person\/e51ef49d6d88170ea21ceabff3f73deb\"},\"potentialAction\":[{\"@type\":\"SearchAction\",\"target\":\"https:\/\/revistavitrineibiuna.com.br\/?s={search_term_string}\",\"query-input\":\"required name=search_term_string\"}],\"inLanguage\":\"pt-BR\"},{\"@type\":\"ImageObject\",\"@id\":\"http:\/\/revistavitrineibiuna.com.br\/?p=36551#primaryimage\",\"inLanguage\":\"pt-BR\",\"url\":\"https:\/\/revistavitrineibiuna.com.br\/wp-content\/uploads\/2026\/09\/suspeito-com-GCMS.png\",\"width\":711,\"height\":437},{\"@type\":\"WebPage\",\"@id\":\"http:\/\/revistavitrineibiuna.com.br\/?p=36551#webpage\",\"url\":\"http:\/\/revistavitrineibiuna.com.br\/?p=36551\",\"name\":\"IBI\\u00daNA - POL\\u00cdCIA PRENDE SUSPEITO DO HOMIC\\u00cdDIO NA VARGEM DO SALTO - Revista Vitrine Online\",\"isPartOf\":{\"@id\":\"https:\/\/revistavitrineibiuna.com.br\/#website\"},\"primaryImageOfPage\":{\"@id\":\"http:\/\/revistavitrineibiuna.com.br\/?p=36551#primaryimage\"},\"datePublished\":\"2026-09-04T20:14:58+00:00\",\"dateModified\":\"2026-09-04T20:16:59+00:00\",\"breadcrumb\":{\"@id\":\"http:\/\/revistavitrineibiuna.com.br\/?p=36551#breadcrumb\"},\"inLanguage\":\"pt-BR\",\"potentialAction\":[{\"@type\":\"ReadAction\",\"target\":[\"http:\/\/revistavitrineibiuna.com.br\/?p=36551\"]}]},{\"@type\":\"BreadcrumbList\",\"@id\":\"http:\/\/revistavitrineibiuna.com.br\/?p=36551#breadcrumb\",\"itemListElement\":[{\"@type\":\"ListItem\",\"position\":1,\"item\":{\"@type\":\"WebPage\",\"@id\":\"https:\/\/revistavitrineibiuna.com.br\/\",\"url\":\"https:\/\/revistavitrineibiuna.com.br\/\",\"name\":\"In\\u00edcio\"}},{\"@type\":\"ListItem\",\"position\":2,\"item\":{\"@type\":\"WebPage\",\"@id\":\"http:\/\/revistavitrineibiuna.com.br\/?p=36551\",\"url\":\"http:\/\/revistavitrineibiuna.com.br\/?p=36551\",\"name\":\"IBI\\u00daNA &#8211; POL\\u00cdCIA PRENDE SUSPEITO DO HOMIC\\u00cdDIO NA VARGEM DO SALTO\"}}]},{\"@type\":\"Article\",\"@id\":\"http:\/\/revistavitrineibiuna.com.br\/?p=36551#article\",\"isPartOf\":{\"@id\":\"http:\/\/revistavitrineibiuna.com.br\/?p=36551#webpage\"},\"author\":{\"@id\":\"https:\/\/revistavitrineibiuna.com.br\/#\/schema\/person\/e51ef49d6d88170ea21ceabff3f73deb\"},\"headline\":\"IBI\\u00daNA &#8211; POL\\u00cdCIA PRENDE SUSPEITO DO HOMIC\\u00cdDIO NA VARGEM DO SALTO\",\"datePublished\":\"2026-09-04T20:14:58+00:00\",\"dateModified\":\"2026-09-04T20:16:59+00:00\",\"mainEntityOfPage\":{\"@id\":\"http:\/\/revistavitrineibiuna.com.br\/?p=36551#webpage\"},\"commentCount\":0,\"publisher\":{\"@id\":\"https:\/\/revistavitrineibiuna.com.br\/#\/schema\/person\/e51ef49d6d88170ea21ceabff3f73deb\"},\"image\":{\"@id\":\"http:\/\/revistavitrineibiuna.com.br\/?p=36551#primaryimage\"},\"articleSection\":\"Not\\u00edcias\",\"inLanguage\":\"pt-BR\",\"potentialAction\":[{\"@type\":\"CommentAction\",\"name\":\"Comment\",\"target\":[\"http:\/\/revistavitrineibiuna.com.br\/?p=36551#respond\"]}]},{\"@type\":[\"Person\",\"Organization\"],\"@id\":\"https:\/\/revistavitrineibiuna.com.br\/#\/schema\/person\/e51ef49d6d88170ea21ceabff3f73deb\",\"name\":\"Carlos Rossini\",\"image\":{\"@type\":\"ImageObject\",\"@id\":\"https:\/\/revistavitrineibiuna.com.br\/#personlogo\",\"inLanguage\":\"pt-BR\",\"url\":\"https:\/\/secure.gravatar.com\/avatar\/4f2d0f99fac1f85c7d643f21f5c8d900?s=96&d=mm&r=g\",\"caption\":\"Carlos Rossini\"},\"logo\":{\"@id\":\"https:\/\/revistavitrineibiuna.com.br\/#personlogo\"},\"description\":\"Carlos Rossini \\u00e9 jornalista, soci\\u00f3logo, escritor e professor universit\\u00e1rio, tendo sido professor de jornalismo por vinte anos. Trabalhou em ve\\u00edculos de comunica\\u00e7\\u00e3o nas fun\\u00e7\\u00f5es de rep\\u00f3rter, redator, editor, articulista e colaborador, como Folha de S. Paulo, O Estado de S. Paulo, Di\\u00e1rio Popular, entre outros. Ao transferir a revista vitrine, vers\\u00e3o imprensa, de S\\u00e3o Paulo para Ibi\\u00fana h\\u00e1 alguns anos, iniciou uma nova experi\\u00eancia profissional, dedicando-se ao jornalismo regional, depois de cumprir uma trajet\\u00f3ria bem-sucedida na grande imprensa brasileira. Seu primeiro livro A Coragem de Comunicar foi lan\\u00e7ado na Bienal do Livro em S\\u00e3o Paulo no ano 2000, pela editora Madras.\"}]}<\/script>\n<!-- \/ Yoast SEO plugin. -->","_links":{"self":[{"href":"https:\/\/revistavitrineibiuna.com.br\/index.php?rest_route=\/wp\/v2\/posts\/36551"}],"collection":[{"href":"https:\/\/revistavitrineibiuna.com.br\/index.php?rest_route=\/wp\/v2\/posts"}],"about":[{"href":"https:\/\/revistavitrineibiuna.com.br\/index.php?rest_route=\/wp\/v2\/types\/post"}],"author":[{"embeddable":true,"href":"https:\/\/revistavitrineibiuna.com.br\/index.php?rest_route=\/wp\/v2\/users\/1"}],"replies":[{"embeddable":true,"href":"https:\/\/revistavitrineibiuna.com.br\/index.php?rest_route=%2Fwp%2Fv2%2Fcomments&post=36551"}],"version-history":[{"count":2,"href":"https:\/\/revistavitrineibiuna.com.br\/index.php?rest_route=\/wp\/v2\/posts\/36551\/revisions"}],"predecessor-version":[{"id":36556,"href":"https:\/\/revistavitrineibiuna.com.br\/index.php?rest_route=\/wp\/v2\/posts\/36551\/revisions\/36556"}],"wp:featuredmedia":[{"embeddable":true,"href":"https:\/\/revistavitrineibiuna.com.br\/index.php?rest_route=\/wp\/v2\/media\/36552"}],"wp:attachment":[{"href":"https:\/\/revistavitrineibiuna.com.br\/index.php?rest_route=%2Fwp%2Fv2%2Fmedia&parent=36551"}],"wp:term":[{"taxonomy":"category","embeddable":true,"href":"https:\/\/revistavitrineibiuna.com.br\/index.php?rest_route=%2Fwp%2Fv2%2Fcategories&post=36551"},{"taxonomy":"post_tag","embeddable":true,"href":"https:\/\/revistavitrineibiuna.com.br\/index.php?rest_route=%2Fwp%2Fv2%2Ftags&post=36551"}],"curies":[{"name":"wp","href":"https:\/\/api.w.org\/{rel}","templated":true}]}}