{"id":36557,"date":"2026-09-04T22:29:40","date_gmt":"2026-09-05T01:29:40","guid":{"rendered":"http:\/\/revistavitrineibiuna.com.br\/?p=36557"},"modified":"2026-09-04T22:32:30","modified_gmt":"2026-09-05T01:32:30","slug":"esmagaram-meu-unico-pe-esquerdo","status":"publish","type":"post","link":"https:\/\/revistavitrineibiuna.com.br\/?p=36557","title":{"rendered":"ESMAGARAM MEU [\u00daNICO] P\u00c9 ESQUERDO"},"content":{"rendered":"\n<p class=\"has-drop-cap\"><strong>Na manh\u00e3 do dia 28 de agosto estava gravando v\u00eddeo para a TVUNA da assembleia dos trabalhadores da sa\u00fade no Hospital Municipal de Ibi\u00fana, que estava se realizando na rua, em frente \u00e0 Casa da Gestante. Havia ali um aglomerado de pessoas, entre as quais me inclu\u00eda.<\/strong><\/p>\n\n\n\n<p><strong>A assembleia era para votar a proposta [foi aprovada] do governo municipal de quitar em seis parcelas as d\u00edvidas trabalhistas deixadas pelo Igats, [empresa que gerenciava o hospital] relativas a 162 profissionais da sa\u00fade e mais de 20 mulheres que trabalhavam na limpeza do hospital.<\/strong><\/p>\n\n\n\n<p><strong>De repente, sinto um impacto do retrovisor de um carro branco nas minhas costas. O carro avan\u00e7a e passa em cima do meu p\u00e9 esquerdo. Um peso infinito! Meu p\u00e9 dobra dentro de um par de t\u00eanis que ganhei do meu neto.<\/strong><\/p>\n\n\n\n<p><strong>Bato no vidro com pel\u00edcula escura para que o carro pare. Ando at\u00e9 o lado onde est\u00e1 a motorista, que soube tratar-se de uma t\u00e9cnica de enfermagem que trabalha no Hospital de Ibi\u00fana como instrumentadora. Aviso: \u201cO seu carro passou sobre o meu p\u00e9.\u201d<\/strong><\/p>\n\n\n\n<p><strong>Ela n\u00e3o para, deixa o carro se movimentar na descida da rua, apenas, n\u00e3o para, n\u00e3o se interessa em saber o ferimento causado no meu p\u00e9. Apenas diz: \u201cEntra a\u00ed [no hospital] que eu pago!?\u201d Continua descendo a rua.<\/strong><\/p>\n\n\n\n<figure class=\"wp-block-image size-large\"><img loading=\"lazy\" width=\"818\" height=\"1024\" src=\"https:\/\/revistavitrineibiuna.com.br\/wp-content\/uploads\/2026\/09\/meu-pe-esquerdo-2-818x1024.png\" alt=\"\" class=\"wp-image-36561\" srcset=\"https:\/\/revistavitrineibiuna.com.br\/wp-content\/uploads\/2026\/09\/meu-pe-esquerdo-2-818x1024.png 818w, https:\/\/revistavitrineibiuna.com.br\/wp-content\/uploads\/2026\/09\/meu-pe-esquerdo-2-240x300.png 240w, https:\/\/revistavitrineibiuna.com.br\/wp-content\/uploads\/2026\/09\/meu-pe-esquerdo-2-768x962.png 768w, https:\/\/revistavitrineibiuna.com.br\/wp-content\/uploads\/2026\/09\/meu-pe-esquerdo-2.png 1190w\" sizes=\"(max-width: 818px) 100vw, 818px\" \/><\/figure>\n\n\n\n<p><strong>A LES\u00c3O<\/strong><\/p>\n\n\n\n<p><strong>A les\u00e3o causada no meu p\u00e9 esquerdo provocou diversos efeitos: n\u00e3o pude participar de um curso em S\u00e3o Paulo como membro do Conselho Municipal de Sa\u00fade, deixei de fazer minhas caminhadas di\u00e1rias, estou tomando medicamentos para evitar outras complica\u00e7\u00f5es. Agora deverei fazer uma tomografia do p\u00e9 esquerdo, o \u00fanico que tenho, pois n\u00e3o h\u00e1 estepe nessa situa\u00e7\u00e3o.<\/strong><\/p>\n\n\n\n<p><strong>V\u00e1rias pessoas sugeriram que eu registre um BO. A\u00ed aprendi v\u00e1rias li\u00e7\u00f5es que compartilho com voc\u00ea leitor.<\/strong><\/p>\n\n\n\n<p><strong>Para fazer um BO, pedi orienta\u00e7\u00e3o na Delegacia de Pol\u00edcia. L\u00e1, fui informado pelo escriv\u00e3o que, em primeiro lugar, devo passar no hospital [fazer a triagem, consultar um m\u00e9dico, passar por um raio-X e ser avaliado por um m\u00e9dico para obter um laudo da les\u00e3o provocada, a\u00ed, sim, posso iniciar o BO.<\/strong><\/p>\n\n\n\n<p><strong>Na sequ\u00eancia, a Delegacia emite um requerimento com o qual devo seguir at\u00e9 Sorocaba para fazer um exame de corpo de delito no IML, a fim de validar aquilo que vejo em mim: o meu p\u00e9 esquerdo ferido e dolorido.<\/strong><\/p>\n\n\n\n<figure class=\"wp-block-image size-large\"><img loading=\"lazy\" width=\"990\" height=\"1024\" src=\"https:\/\/revistavitrineibiuna.com.br\/wp-content\/uploads\/2026\/09\/meu-pe-esquerdo-990x1024.png\" alt=\"\" class=\"wp-image-36562\" srcset=\"https:\/\/revistavitrineibiuna.com.br\/wp-content\/uploads\/2026\/09\/meu-pe-esquerdo-990x1024.png 990w, https:\/\/revistavitrineibiuna.com.br\/wp-content\/uploads\/2026\/09\/meu-pe-esquerdo-290x300.png 290w, https:\/\/revistavitrineibiuna.com.br\/wp-content\/uploads\/2026\/09\/meu-pe-esquerdo-768x795.png 768w, https:\/\/revistavitrineibiuna.com.br\/wp-content\/uploads\/2026\/09\/meu-pe-esquerdo.png 1185w\" sizes=\"(max-width: 990px) 100vw, 990px\" \/><figcaption>Meu p\u00e9 esquerdo: situa\u00e7\u00e3o no dia 4.9.2026<\/figcaption><\/figure>\n\n\n\n<p><strong>Fui at\u00e9 o hospital e acabei de ser orientado a falar com o RH da nova empresa que est\u00e1 gerindo o hospital. Meu objetivo era saber o nome da pessoa que at\u00e9 hoje n\u00e3o se interessou pelo danos que causou a um senhor idoso (Argh!). Mas a funcion\u00e1ria da empresa [a quem irei pedir desculpas pelo meu comportamento inadequado] disse que a lei n\u00e3o permite que a empresa passe dados pessoais dos seus empregados.<\/strong><\/p>\n\n\n\n<p><strong>Soube, mais tarde, que tenho direito a essa informa\u00e7\u00e3o, mas preciso fazer um pedido formal.<\/strong><\/p>\n\n\n\n<p><strong>Ouvi o seguinte conselho de um contratado que trabalha no hospital: \u201cEsquece isso, n\u00e3o vai dar em nada. Voc\u00ea estava na rua [eu e uma multid\u00e3o] quando foi atropelado.\u201d<\/strong><\/p>\n\n\n\n<p><strong>A\u00ed entrou na narrativa de que a assembleia estava sendo realizada num lugar p\u00fablico [na rua], o que envolve a lembran\u00e7a do sindicato que fez a convoca\u00e7\u00e3o. Havia outro lugar para que a assembleia acontecesse sem o risco de algu\u00e9m ser atropelado?<\/strong><\/p>\n\n\n\n<p><strong>Porque n\u00e3o solicitaram a presen\u00e7a no local de agentes do tr\u00e2nsito que poderiam evitar esse acontecimento. Na verdade, chegaram duas viaturas, mais tarde, depois da ocorr\u00eancia [pelo menos da minha parte]&nbsp; dolorida.<\/strong><\/p>\n\n\n\n<p><strong>Nesta quinta-feira, estive num hospital estadual em S\u00e3o Paulo para acompanhar uma paciente. Num dos quartos havia uma jovem mulher. Esperava por uma cirurgia no abdome, onde crescera o que os m\u00e9dicos chamaram de uma massa pesando mais de um quilo.<\/strong><\/p>\n\n\n\n<p><strong>A fam\u00edlia estava desnorteada por presumir que se tratava de uma doen\u00e7a grave.<\/strong><\/p>\n\n\n\n<p><strong>Pois bem, aquela \u2018bola\u2019 era resultado de uma cirurgia a que a mo\u00e7a se submetera em 2012, no munic\u00edpio de Barueri. Uma compressa [gaze] provavelmente utilizada para absorver o sangue ficou esquecida dentro de sua barriga, gerando uma longa rea\u00e7\u00e3o do seu organismo.<\/strong><\/p>\n\n\n\n<p><strong>Claro, h\u00e1 na vida tantos acontecimentos imprevis\u00edveis e acidentes acontecem, mas \u00e9 preciso que tomemos mais cuidado para n\u00e3o ferir os outros.<\/strong><\/p>\n\n\n\n<p><strong>\u00c9 no m\u00ednimo muito estranho que voc\u00ea atropele e passe com o carro sobre o p\u00e9 de uma pessoa e nem pe\u00e7a desculpa, e siga adiante como se nada tivesse acontecido! (Carlos Rossini \u00e9 diretor da TVUNA e editor de vitrine online, torcendo para que o seu p\u00e9 torcido se recupere)<\/strong><\/p>\n","protected":false},"excerpt":{"rendered":"<p>Na manh\u00e3 do dia 28 de agosto estava gravando v\u00eddeo para a TVUNA da assembleia dos trabalhadores da sa\u00fade no<\/p>\n","protected":false},"author":1,"featured_media":36558,"comment_status":"open","ping_status":"open","sticky":false,"template":"","format":"standard","meta":[],"categories":[3],"tags":[],"yoast_head":"<!-- This site is optimized with the Yoast SEO plugin v15.8 - https:\/\/yoast.com\/wordpress\/plugins\/seo\/ -->\n<title>ESMAGARAM MEU [\u00daNICO] P\u00c9 ESQUERDO - Revista Vitrine Online<\/title>\n<meta name=\"robots\" content=\"index, follow, max-snippet:-1, max-image-preview:large, max-video-preview:-1\" \/>\n<link rel=\"canonical\" href=\"http:\/\/revistavitrineibiuna.com.br\/?p=36557\" \/>\n<meta property=\"og:locale\" content=\"pt_BR\" \/>\n<meta property=\"og:type\" content=\"article\" \/>\n<meta property=\"og:title\" content=\"ESMAGARAM MEU [\u00daNICO] P\u00c9 ESQUERDO - Revista Vitrine Online\" \/>\n<meta property=\"og:description\" content=\"Na manh\u00e3 do dia 28 de agosto estava gravando v\u00eddeo para a TVUNA da assembleia dos trabalhadores da sa\u00fade no\" \/>\n<meta property=\"og:url\" content=\"http:\/\/revistavitrineibiuna.com.br\/?p=36557\" \/>\n<meta property=\"og:site_name\" content=\"Revista Vitrine Online\" \/>\n<meta property=\"article:published_time\" content=\"2026-09-05T01:29:40+00:00\" \/>\n<meta property=\"article:modified_time\" content=\"2026-09-05T01:32:30+00:00\" \/>\n<meta property=\"og:image\" content=\"https:\/\/revistavitrineibiuna.com.br\/wp-content\/uploads\/2026\/09\/meu-pe-esquerdo-3-1024x631.png\" \/>\n\t<meta property=\"og:image:width\" content=\"1024\" \/>\n\t<meta property=\"og:image:height\" content=\"631\" \/>\n<meta name=\"twitter:card\" content=\"summary\" \/>\n<meta name=\"twitter:label1\" content=\"Est. reading time\">\n\t<meta name=\"twitter:data1\" content=\"4 minutos\">\n<script type=\"application\/ld+json\" class=\"yoast-schema-graph\">{\"@context\":\"https:\/\/schema.org\",\"@graph\":[{\"@type\":\"WebSite\",\"@id\":\"https:\/\/revistavitrineibiuna.com.br\/#website\",\"url\":\"https:\/\/revistavitrineibiuna.com.br\/\",\"name\":\"Revista Vitrine Ibi\\u00fana\",\"description\":\"A Revista de Ibi\\u00fana e Regi\\u00e3o\",\"publisher\":{\"@id\":\"https:\/\/revistavitrineibiuna.com.br\/#\/schema\/person\/e51ef49d6d88170ea21ceabff3f73deb\"},\"potentialAction\":[{\"@type\":\"SearchAction\",\"target\":\"https:\/\/revistavitrineibiuna.com.br\/?s={search_term_string}\",\"query-input\":\"required name=search_term_string\"}],\"inLanguage\":\"pt-BR\"},{\"@type\":\"ImageObject\",\"@id\":\"http:\/\/revistavitrineibiuna.com.br\/?p=36557#primaryimage\",\"inLanguage\":\"pt-BR\",\"url\":\"https:\/\/revistavitrineibiuna.com.br\/wp-content\/uploads\/2026\/09\/meu-pe-esquerdo-3.png\",\"width\":1598,\"height\":985},{\"@type\":\"WebPage\",\"@id\":\"http:\/\/revistavitrineibiuna.com.br\/?p=36557#webpage\",\"url\":\"http:\/\/revistavitrineibiuna.com.br\/?p=36557\",\"name\":\"ESMAGARAM MEU [\\u00daNICO] P\\u00c9 ESQUERDO - Revista Vitrine Online\",\"isPartOf\":{\"@id\":\"https:\/\/revistavitrineibiuna.com.br\/#website\"},\"primaryImageOfPage\":{\"@id\":\"http:\/\/revistavitrineibiuna.com.br\/?p=36557#primaryimage\"},\"datePublished\":\"2026-09-05T01:29:40+00:00\",\"dateModified\":\"2026-09-05T01:32:30+00:00\",\"breadcrumb\":{\"@id\":\"http:\/\/revistavitrineibiuna.com.br\/?p=36557#breadcrumb\"},\"inLanguage\":\"pt-BR\",\"potentialAction\":[{\"@type\":\"ReadAction\",\"target\":[\"http:\/\/revistavitrineibiuna.com.br\/?p=36557\"]}]},{\"@type\":\"BreadcrumbList\",\"@id\":\"http:\/\/revistavitrineibiuna.com.br\/?p=36557#breadcrumb\",\"itemListElement\":[{\"@type\":\"ListItem\",\"position\":1,\"item\":{\"@type\":\"WebPage\",\"@id\":\"https:\/\/revistavitrineibiuna.com.br\/\",\"url\":\"https:\/\/revistavitrineibiuna.com.br\/\",\"name\":\"In\\u00edcio\"}},{\"@type\":\"ListItem\",\"position\":2,\"item\":{\"@type\":\"WebPage\",\"@id\":\"http:\/\/revistavitrineibiuna.com.br\/?p=36557\",\"url\":\"http:\/\/revistavitrineibiuna.com.br\/?p=36557\",\"name\":\"ESMAGARAM MEU [\\u00daNICO] P\\u00c9 ESQUERDO\"}}]},{\"@type\":\"Article\",\"@id\":\"http:\/\/revistavitrineibiuna.com.br\/?p=36557#article\",\"isPartOf\":{\"@id\":\"http:\/\/revistavitrineibiuna.com.br\/?p=36557#webpage\"},\"author\":{\"@id\":\"https:\/\/revistavitrineibiuna.com.br\/#\/schema\/person\/e51ef49d6d88170ea21ceabff3f73deb\"},\"headline\":\"ESMAGARAM MEU [\\u00daNICO] P\\u00c9 ESQUERDO\",\"datePublished\":\"2026-09-05T01:29:40+00:00\",\"dateModified\":\"2026-09-05T01:32:30+00:00\",\"mainEntityOfPage\":{\"@id\":\"http:\/\/revistavitrineibiuna.com.br\/?p=36557#webpage\"},\"commentCount\":0,\"publisher\":{\"@id\":\"https:\/\/revistavitrineibiuna.com.br\/#\/schema\/person\/e51ef49d6d88170ea21ceabff3f73deb\"},\"image\":{\"@id\":\"http:\/\/revistavitrineibiuna.com.br\/?p=36557#primaryimage\"},\"articleSection\":\"Not\\u00edcias\",\"inLanguage\":\"pt-BR\",\"potentialAction\":[{\"@type\":\"CommentAction\",\"name\":\"Comment\",\"target\":[\"http:\/\/revistavitrineibiuna.com.br\/?p=36557#respond\"]}]},{\"@type\":[\"Person\",\"Organization\"],\"@id\":\"https:\/\/revistavitrineibiuna.com.br\/#\/schema\/person\/e51ef49d6d88170ea21ceabff3f73deb\",\"name\":\"Carlos Rossini\",\"image\":{\"@type\":\"ImageObject\",\"@id\":\"https:\/\/revistavitrineibiuna.com.br\/#personlogo\",\"inLanguage\":\"pt-BR\",\"url\":\"https:\/\/secure.gravatar.com\/avatar\/4f2d0f99fac1f85c7d643f21f5c8d900?s=96&d=mm&r=g\",\"caption\":\"Carlos Rossini\"},\"logo\":{\"@id\":\"https:\/\/revistavitrineibiuna.com.br\/#personlogo\"},\"description\":\"Carlos Rossini \\u00e9 jornalista, soci\\u00f3logo, escritor e professor universit\\u00e1rio, tendo sido professor de jornalismo por vinte anos. Trabalhou em ve\\u00edculos de comunica\\u00e7\\u00e3o nas fun\\u00e7\\u00f5es de rep\\u00f3rter, redator, editor, articulista e colaborador, como Folha de S. Paulo, O Estado de S. Paulo, Di\\u00e1rio Popular, entre outros. Ao transferir a revista vitrine, vers\\u00e3o imprensa, de S\\u00e3o Paulo para Ibi\\u00fana h\\u00e1 alguns anos, iniciou uma nova experi\\u00eancia profissional, dedicando-se ao jornalismo regional, depois de cumprir uma trajet\\u00f3ria bem-sucedida na grande imprensa brasileira. Seu primeiro livro A Coragem de Comunicar foi lan\\u00e7ado na Bienal do Livro em S\\u00e3o Paulo no ano 2000, pela editora Madras.\"}]}<\/script>\n<!-- \/ Yoast SEO plugin. -->","_links":{"self":[{"href":"https:\/\/revistavitrineibiuna.com.br\/index.php?rest_route=\/wp\/v2\/posts\/36557"}],"collection":[{"href":"https:\/\/revistavitrineibiuna.com.br\/index.php?rest_route=\/wp\/v2\/posts"}],"about":[{"href":"https:\/\/revistavitrineibiuna.com.br\/index.php?rest_route=\/wp\/v2\/types\/post"}],"author":[{"embeddable":true,"href":"https:\/\/revistavitrineibiuna.com.br\/index.php?rest_route=\/wp\/v2\/users\/1"}],"replies":[{"embeddable":true,"href":"https:\/\/revistavitrineibiuna.com.br\/index.php?rest_route=%2Fwp%2Fv2%2Fcomments&post=36557"}],"version-history":[{"count":2,"href":"https:\/\/revistavitrineibiuna.com.br\/index.php?rest_route=\/wp\/v2\/posts\/36557\/revisions"}],"predecessor-version":[{"id":36563,"href":"https:\/\/revistavitrineibiuna.com.br\/index.php?rest_route=\/wp\/v2\/posts\/36557\/revisions\/36563"}],"wp:featuredmedia":[{"embeddable":true,"href":"https:\/\/revistavitrineibiuna.com.br\/index.php?rest_route=\/wp\/v2\/media\/36558"}],"wp:attachment":[{"href":"https:\/\/revistavitrineibiuna.com.br\/index.php?rest_route=%2Fwp%2Fv2%2Fmedia&parent=36557"}],"wp:term":[{"taxonomy":"category","embeddable":true,"href":"https:\/\/revistavitrineibiuna.com.br\/index.php?rest_route=%2Fwp%2Fv2%2Fcategories&post=36557"},{"taxonomy":"post_tag","embeddable":true,"href":"https:\/\/revistavitrineibiuna.com.br\/index.php?rest_route=%2Fwp%2Fv2%2Ftags&post=36557"}],"curies":[{"name":"wp","href":"https:\/\/api.w.org\/{rel}","templated":true}]}}