{"id":36564,"date":"2026-09-06T12:39:14","date_gmt":"2026-09-06T15:39:14","guid":{"rendered":"http:\/\/revistavitrineibiuna.com.br\/?p=36564"},"modified":"2026-09-06T13:00:57","modified_gmt":"2026-09-06T16:00:57","slug":"tempos-estranhos","status":"publish","type":"post","link":"https:\/\/revistavitrineibiuna.com.br\/?p=36564","title":{"rendered":"TEMPOS ESTRANHOS"},"content":{"rendered":"\n<p class=\"has-drop-cap\"><strong>Vivemos tempos estranhos.<\/strong><\/p>\n\n\n\n<p><strong>A natureza est\u00e1 em ebuli\u00e7\u00e3o com tempestades devastadoras, vulc\u00f5es enfurecidos, temperaturas escandalosas, terremotos impiedosos.<\/strong><\/p>\n\n\n\n<p><strong>O homem dos tempos da famigerada IA, \u00e0 qual delega a sua criatividade natural, se v\u00ea impotente diante dessa volubilidade e continua com suas guerras que matam sem sentir culpa, sendo ou n\u00e3o religioso.<\/strong><\/p>\n\n\n\n<p><strong>As autoridades geradas por Leviat\u00e3 se mostram incorrigivelmente corruptas, agindo de modo injusto de quem descobriu que a vida \u00e9 uma s\u00f3 e que n\u00e3o existe outra no al\u00e9m, e por isso, o que importa \u00e9 tirar o melhor proveito poss\u00edvel da vida, danem-se os outros. \u00c9 um processo alucinante!<\/strong><\/p>\n\n\n\n<p><strong>Em nosso pa\u00eds, as institui\u00e7\u00f5es dos tr\u00eas poderes \u2013 Executivo, Legislativo e Judici\u00e1rio \u2013 refletem os interesses privados e entram em conflito entre si. Vide crise atual no Supremo Tribunal Federal onde um canibalismo est\u00e1 em processo de togas contra togas. Uma vergonha, em torno do \u201cbanqueiro\u201d Daniel Vorcaro, que entra para a hist\u00f3ria como s\u00edmbolo das entranhas da corrup\u00e7\u00e3o e da venalidade, envolvendo bilh\u00f5es habilidosamente retirados dos recursos destinados aos aposentados.<\/strong><\/p>\n\n\n\n<p><strong>Os atores no Senado e na C\u00e2mara de Deputados, sem nenhum pudor, funcionam, com honrosas exce\u00e7\u00f5es, como um sorvedouro de bilh\u00f5es de reais que poderiam resolver graves problemas na sa\u00fade p\u00fablica ou reduzir a extrema mis\u00e9ria de milh\u00f5es de brasileiros.<\/strong><\/p>\n\n\n\n<p><strong>Desde que descobriram que podem mais do que o chefe do Executivo, senadores e deputados se colocaram no cume de uma montanha de poder para submeter o Executivo aos seus caprichos, sempre considerando tirar o melhor proveito particular poss\u00edvel por meio de emendas e or\u00e7amentos secretos.<\/strong><\/p>\n\n\n\n<p><strong>A na\u00e7\u00e3o brasileira, neste momento agitada pelas elei\u00e7\u00f5es de 4 de outubro, mostra que nada mudou no car\u00e1ter da conquista ou reconquista (reelei\u00e7\u00e3o) do poder, com as mesmas promessas de sempre, com o mesmo modo de seduzir os eleitores incautos (em grande n\u00famero) para os quais vira as costas t\u00e3o logo conseguem se eleger.<\/strong><\/p>\n\n\n\n<p><strong>\u00c9 vergonhoso constatar que, com as mais fant\u00e1sticas tecnologias do Terceiro Mil\u00eanio, continuamos com a mentalidade, \u00e0s vezes dos tempos feudais, de um lado a minoria privilegiada, de outro, os servos que se apegam e se submetem \u00e0s \u201cverdades\u201d dos poderosos obedientes e servis.<\/strong><\/p>\n\n\n\n<p><strong>\u00c9 assustador observar o que dizem os estudiosos da antropologia humana: que agimos como se f\u00f4ssemos uma manada e at\u00e9 mesmo com gratid\u00e3o de termos quem decida para onde devemos ir, pensar e at\u00e9 mesmo sentir. E quem quiser ir contra essa tend\u00eancia corre o risco de ser sacrificado, n\u00e3o exatamente como acontecia literalmente com a Santa Inquisi\u00e7\u00e3o, mas, de certa forma, nos sentir\u00edamos condenados \u00e0 tortura do isolamento. \u00a0(Carlos Rossini \u00e9 direitor da TVUNA e editor de vitrine online)<\/strong><\/p>\n","protected":false},"excerpt":{"rendered":"<p>Vivemos tempos estranhos. A natureza est\u00e1 em ebuli\u00e7\u00e3o com tempestades devastadoras, vulc\u00f5es enfurecidos, temperaturas escandalosas, terremotos impiedosos. O homem dos<\/p>\n","protected":false},"author":1,"featured_media":36565,"comment_status":"open","ping_status":"open","sticky":false,"template":"","format":"standard","meta":[],"categories":[9],"tags":[],"yoast_head":"<!-- This site is optimized with the Yoast SEO plugin v15.8 - https:\/\/yoast.com\/wordpress\/plugins\/seo\/ -->\n<title>TEMPOS ESTRANHOS - Revista Vitrine Online<\/title>\n<meta name=\"robots\" content=\"index, follow, max-snippet:-1, max-image-preview:large, max-video-preview:-1\" \/>\n<link rel=\"canonical\" href=\"http:\/\/revistavitrineibiuna.com.br\/?p=36564\" \/>\n<meta property=\"og:locale\" content=\"pt_BR\" \/>\n<meta property=\"og:type\" content=\"article\" \/>\n<meta property=\"og:title\" content=\"TEMPOS ESTRANHOS - Revista Vitrine Online\" \/>\n<meta property=\"og:description\" content=\"Vivemos tempos estranhos. A natureza est\u00e1 em ebuli\u00e7\u00e3o com tempestades devastadoras, vulc\u00f5es enfurecidos, temperaturas escandalosas, terremotos impiedosos. O homem dos\" \/>\n<meta property=\"og:url\" content=\"http:\/\/revistavitrineibiuna.com.br\/?p=36564\" \/>\n<meta property=\"og:site_name\" content=\"Revista Vitrine Online\" \/>\n<meta property=\"article:published_time\" content=\"2026-09-06T15:39:14+00:00\" \/>\n<meta property=\"article:modified_time\" content=\"2026-09-06T16:00:57+00:00\" \/>\n<meta property=\"og:image\" content=\"https:\/\/revistavitrineibiuna.com.br\/wp-content\/uploads\/2026\/09\/foto-brasil-nasa.png\" \/>\n\t<meta property=\"og:image:width\" content=\"717\" \/>\n\t<meta property=\"og:image:height\" content=\"473\" \/>\n<meta name=\"twitter:card\" content=\"summary\" \/>\n<meta name=\"twitter:label1\" content=\"Est. reading time\">\n\t<meta name=\"twitter:data1\" content=\"2 minutos\">\n<script type=\"application\/ld+json\" class=\"yoast-schema-graph\">{\"@context\":\"https:\/\/schema.org\",\"@graph\":[{\"@type\":\"WebSite\",\"@id\":\"https:\/\/revistavitrineibiuna.com.br\/#website\",\"url\":\"https:\/\/revistavitrineibiuna.com.br\/\",\"name\":\"Revista Vitrine Ibi\\u00fana\",\"description\":\"A Revista de Ibi\\u00fana e Regi\\u00e3o\",\"publisher\":{\"@id\":\"https:\/\/revistavitrineibiuna.com.br\/#\/schema\/person\/e51ef49d6d88170ea21ceabff3f73deb\"},\"potentialAction\":[{\"@type\":\"SearchAction\",\"target\":\"https:\/\/revistavitrineibiuna.com.br\/?s={search_term_string}\",\"query-input\":\"required name=search_term_string\"}],\"inLanguage\":\"pt-BR\"},{\"@type\":\"ImageObject\",\"@id\":\"http:\/\/revistavitrineibiuna.com.br\/?p=36564#primaryimage\",\"inLanguage\":\"pt-BR\",\"url\":\"https:\/\/revistavitrineibiuna.com.br\/wp-content\/uploads\/2026\/09\/foto-brasil-nasa.png\",\"width\":717,\"height\":473},{\"@type\":\"WebPage\",\"@id\":\"http:\/\/revistavitrineibiuna.com.br\/?p=36564#webpage\",\"url\":\"http:\/\/revistavitrineibiuna.com.br\/?p=36564\",\"name\":\"TEMPOS ESTRANHOS - Revista Vitrine Online\",\"isPartOf\":{\"@id\":\"https:\/\/revistavitrineibiuna.com.br\/#website\"},\"primaryImageOfPage\":{\"@id\":\"http:\/\/revistavitrineibiuna.com.br\/?p=36564#primaryimage\"},\"datePublished\":\"2026-09-06T15:39:14+00:00\",\"dateModified\":\"2026-09-06T16:00:57+00:00\",\"breadcrumb\":{\"@id\":\"http:\/\/revistavitrineibiuna.com.br\/?p=36564#breadcrumb\"},\"inLanguage\":\"pt-BR\",\"potentialAction\":[{\"@type\":\"ReadAction\",\"target\":[\"http:\/\/revistavitrineibiuna.com.br\/?p=36564\"]}]},{\"@type\":\"BreadcrumbList\",\"@id\":\"http:\/\/revistavitrineibiuna.com.br\/?p=36564#breadcrumb\",\"itemListElement\":[{\"@type\":\"ListItem\",\"position\":1,\"item\":{\"@type\":\"WebPage\",\"@id\":\"https:\/\/revistavitrineibiuna.com.br\/\",\"url\":\"https:\/\/revistavitrineibiuna.com.br\/\",\"name\":\"In\\u00edcio\"}},{\"@type\":\"ListItem\",\"position\":2,\"item\":{\"@type\":\"WebPage\",\"@id\":\"http:\/\/revistavitrineibiuna.com.br\/?p=36564\",\"url\":\"http:\/\/revistavitrineibiuna.com.br\/?p=36564\",\"name\":\"TEMPOS ESTRANHOS\"}}]},{\"@type\":\"Article\",\"@id\":\"http:\/\/revistavitrineibiuna.com.br\/?p=36564#article\",\"isPartOf\":{\"@id\":\"http:\/\/revistavitrineibiuna.com.br\/?p=36564#webpage\"},\"author\":{\"@id\":\"https:\/\/revistavitrineibiuna.com.br\/#\/schema\/person\/e51ef49d6d88170ea21ceabff3f73deb\"},\"headline\":\"TEMPOS ESTRANHOS\",\"datePublished\":\"2026-09-06T15:39:14+00:00\",\"dateModified\":\"2026-09-06T16:00:57+00:00\",\"mainEntityOfPage\":{\"@id\":\"http:\/\/revistavitrineibiuna.com.br\/?p=36564#webpage\"},\"commentCount\":0,\"publisher\":{\"@id\":\"https:\/\/revistavitrineibiuna.com.br\/#\/schema\/person\/e51ef49d6d88170ea21ceabff3f73deb\"},\"image\":{\"@id\":\"http:\/\/revistavitrineibiuna.com.br\/?p=36564#primaryimage\"},\"articleSection\":\"Cultura\",\"inLanguage\":\"pt-BR\",\"potentialAction\":[{\"@type\":\"CommentAction\",\"name\":\"Comment\",\"target\":[\"http:\/\/revistavitrineibiuna.com.br\/?p=36564#respond\"]}]},{\"@type\":[\"Person\",\"Organization\"],\"@id\":\"https:\/\/revistavitrineibiuna.com.br\/#\/schema\/person\/e51ef49d6d88170ea21ceabff3f73deb\",\"name\":\"Carlos Rossini\",\"image\":{\"@type\":\"ImageObject\",\"@id\":\"https:\/\/revistavitrineibiuna.com.br\/#personlogo\",\"inLanguage\":\"pt-BR\",\"url\":\"https:\/\/secure.gravatar.com\/avatar\/4f2d0f99fac1f85c7d643f21f5c8d900?s=96&d=mm&r=g\",\"caption\":\"Carlos Rossini\"},\"logo\":{\"@id\":\"https:\/\/revistavitrineibiuna.com.br\/#personlogo\"},\"description\":\"Carlos Rossini \\u00e9 jornalista, soci\\u00f3logo, escritor e professor universit\\u00e1rio, tendo sido professor de jornalismo por vinte anos. Trabalhou em ve\\u00edculos de comunica\\u00e7\\u00e3o nas fun\\u00e7\\u00f5es de rep\\u00f3rter, redator, editor, articulista e colaborador, como Folha de S. Paulo, O Estado de S. Paulo, Di\\u00e1rio Popular, entre outros. Ao transferir a revista vitrine, vers\\u00e3o imprensa, de S\\u00e3o Paulo para Ibi\\u00fana h\\u00e1 alguns anos, iniciou uma nova experi\\u00eancia profissional, dedicando-se ao jornalismo regional, depois de cumprir uma trajet\\u00f3ria bem-sucedida na grande imprensa brasileira. Seu primeiro livro A Coragem de Comunicar foi lan\\u00e7ado na Bienal do Livro em S\\u00e3o Paulo no ano 2000, pela editora Madras.\"}]}<\/script>\n<!-- \/ Yoast SEO plugin. -->","_links":{"self":[{"href":"https:\/\/revistavitrineibiuna.com.br\/index.php?rest_route=\/wp\/v2\/posts\/36564"}],"collection":[{"href":"https:\/\/revistavitrineibiuna.com.br\/index.php?rest_route=\/wp\/v2\/posts"}],"about":[{"href":"https:\/\/revistavitrineibiuna.com.br\/index.php?rest_route=\/wp\/v2\/types\/post"}],"author":[{"embeddable":true,"href":"https:\/\/revistavitrineibiuna.com.br\/index.php?rest_route=\/wp\/v2\/users\/1"}],"replies":[{"embeddable":true,"href":"https:\/\/revistavitrineibiuna.com.br\/index.php?rest_route=%2Fwp%2Fv2%2Fcomments&post=36564"}],"version-history":[{"count":2,"href":"https:\/\/revistavitrineibiuna.com.br\/index.php?rest_route=\/wp\/v2\/posts\/36564\/revisions"}],"predecessor-version":[{"id":36567,"href":"https:\/\/revistavitrineibiuna.com.br\/index.php?rest_route=\/wp\/v2\/posts\/36564\/revisions\/36567"}],"wp:featuredmedia":[{"embeddable":true,"href":"https:\/\/revistavitrineibiuna.com.br\/index.php?rest_route=\/wp\/v2\/media\/36565"}],"wp:attachment":[{"href":"https:\/\/revistavitrineibiuna.com.br\/index.php?rest_route=%2Fwp%2Fv2%2Fmedia&parent=36564"}],"wp:term":[{"taxonomy":"category","embeddable":true,"href":"https:\/\/revistavitrineibiuna.com.br\/index.php?rest_route=%2Fwp%2Fv2%2Fcategories&post=36564"},{"taxonomy":"post_tag","embeddable":true,"href":"https:\/\/revistavitrineibiuna.com.br\/index.php?rest_route=%2Fwp%2Fv2%2Ftags&post=36564"}],"curies":[{"name":"wp","href":"https:\/\/api.w.org\/{rel}","templated":true}]}}