{"id":36568,"date":"2026-09-06T15:12:41","date_gmt":"2026-09-06T18:12:41","guid":{"rendered":"http:\/\/revistavitrineibiuna.com.br\/?p=36568"},"modified":"2026-09-06T15:36:29","modified_gmt":"2026-09-06T18:36:29","slug":"dr-borges-morre-aos-77-anos-no-rio-grande-do-sul","status":"publish","type":"post","link":"https:\/\/revistavitrineibiuna.com.br\/?p=36568","title":{"rendered":"DR. BORGES MORRE AOS 77 ANOS NO RIO GRANDE DO SUL"},"content":{"rendered":"\n<p class=\"has-drop-cap\"><strong>Conhecido como Dr. Borges, pessoa querida e respeitado profissional do direito, Dr. Jos\u00e9 Altemio Fernandes Borges morreu ontem (5) na cidade de Santa Cruz do Sul, no Rio Grande do Sul, onde visitava familiares.<\/strong><\/p>\n\n\n\n<p><strong>Dr. Borges foi um advogado com uma trajet\u00f3ria marcante na Comarca de Ibi\u00fana e regi\u00e3o. Deixa na mem\u00f3ria de todos que o conheceram a lembran\u00e7a de uma pessoa que cultivava um relacionamento social elegante, discreto e respeitoso.<\/strong><\/p>\n\n\n\n<p><strong>Foi vereador na legislatura de 1993 a 1996 e ocupou a Presid\u00eancia da C\u00e2mara Municipal.<\/strong><\/p>\n\n\n\n<p><strong>Disputou novamente o cargo nas elei\u00e7\u00f5es de 2000 e de 2012, tendo sido tamb\u00e9m candidato a prefeito de Ibi\u00fana.<\/strong><\/p>\n\n\n\n<p><strong>Fez parte da diretoria da OAB Ibi\u00fana 2004\/2006, atualmente presidida por sua filha, igualmente advogada, Dra. Mariangela Borges.<\/strong><\/p>\n\n\n\n<p><strong>Deixa 7 filhos, 11 netos e a vi\u00fava Sandra Pereira Borges.<\/strong><\/p>\n\n\n\n<p><strong>Dr. Borges nasceu na cidade de Espumoso, no Rio Grande do Sul, no dia 22 de outubro de 1949.<\/strong><\/p>\n\n\n\n<p><strong>Vitrine online manifesta seus sentimentos aos familiares e amigos.<\/strong><\/p>\n\n\n\n<p><strong>****<\/strong><\/p>\n\n\n\n<p><strong>A fam\u00edlia est\u00e1 cuidando dos tr\u00e2mites para o traslado do corpo para Ibi\u00fana. Assim que recebermos as informa\u00e7\u00f5es sobre o vel\u00f3rio e sepultamento faremos a divulga\u00e7\u00e3o.<\/strong><\/p>\n","protected":false},"excerpt":{"rendered":"<p>Conhecido como Dr. Borges, pessoa querida e respeitado profissional do direito, Dr. Jos\u00e9 Altemio Fernandes Borges morreu ontem (5) na<\/p>\n","protected":false},"author":1,"featured_media":36572,"comment_status":"open","ping_status":"open","sticky":false,"template":"","format":"standard","meta":[],"categories":[70],"tags":[],"yoast_head":"<!-- This site is optimized with the Yoast SEO plugin v15.8 - https:\/\/yoast.com\/wordpress\/plugins\/seo\/ -->\n<title>DR. BORGES MORRE AOS 77 ANOS NO RIO GRANDE DO SUL - Revista Vitrine Online<\/title>\n<meta name=\"robots\" content=\"index, follow, max-snippet:-1, max-image-preview:large, max-video-preview:-1\" \/>\n<link rel=\"canonical\" href=\"http:\/\/revistavitrineibiuna.com.br\/?p=36568\" \/>\n<meta property=\"og:locale\" content=\"pt_BR\" \/>\n<meta property=\"og:type\" content=\"article\" \/>\n<meta property=\"og:title\" content=\"DR. BORGES MORRE AOS 77 ANOS NO RIO GRANDE DO SUL - Revista Vitrine Online\" \/>\n<meta property=\"og:description\" content=\"Conhecido como Dr. Borges, pessoa querida e respeitado profissional do direito, Dr. Jos\u00e9 Altemio Fernandes Borges morreu ontem (5) na\" \/>\n<meta property=\"og:url\" content=\"http:\/\/revistavitrineibiuna.com.br\/?p=36568\" \/>\n<meta property=\"og:site_name\" content=\"Revista Vitrine Online\" \/>\n<meta property=\"article:published_time\" content=\"2026-09-06T18:12:41+00:00\" \/>\n<meta property=\"article:modified_time\" content=\"2026-09-06T18:36:29+00:00\" \/>\n<meta property=\"og:image\" content=\"https:\/\/revistavitrineibiuna.com.br\/wp-content\/uploads\/2026\/09\/borges-fotografia-agora.png\" \/>\n\t<meta property=\"og:image:width\" content=\"583\" \/>\n\t<meta property=\"og:image:height\" content=\"462\" \/>\n<meta name=\"twitter:card\" content=\"summary\" \/>\n<meta name=\"twitter:label1\" content=\"Est. reading time\">\n\t<meta name=\"twitter:data1\" content=\"1 minuto\">\n<script type=\"application\/ld+json\" class=\"yoast-schema-graph\">{\"@context\":\"https:\/\/schema.org\",\"@graph\":[{\"@type\":\"WebSite\",\"@id\":\"https:\/\/revistavitrineibiuna.com.br\/#website\",\"url\":\"https:\/\/revistavitrineibiuna.com.br\/\",\"name\":\"Revista Vitrine Ibi\\u00fana\",\"description\":\"A Revista de Ibi\\u00fana e Regi\\u00e3o\",\"publisher\":{\"@id\":\"https:\/\/revistavitrineibiuna.com.br\/#\/schema\/person\/e51ef49d6d88170ea21ceabff3f73deb\"},\"potentialAction\":[{\"@type\":\"SearchAction\",\"target\":\"https:\/\/revistavitrineibiuna.com.br\/?s={search_term_string}\",\"query-input\":\"required name=search_term_string\"}],\"inLanguage\":\"pt-BR\"},{\"@type\":\"ImageObject\",\"@id\":\"http:\/\/revistavitrineibiuna.com.br\/?p=36568#primaryimage\",\"inLanguage\":\"pt-BR\",\"url\":\"https:\/\/revistavitrineibiuna.com.br\/wp-content\/uploads\/2026\/09\/borges-fotografia-agora.png\",\"width\":583,\"height\":462},{\"@type\":\"WebPage\",\"@id\":\"http:\/\/revistavitrineibiuna.com.br\/?p=36568#webpage\",\"url\":\"http:\/\/revistavitrineibiuna.com.br\/?p=36568\",\"name\":\"DR. BORGES MORRE AOS 77 ANOS NO RIO GRANDE DO SUL - Revista Vitrine Online\",\"isPartOf\":{\"@id\":\"https:\/\/revistavitrineibiuna.com.br\/#website\"},\"primaryImageOfPage\":{\"@id\":\"http:\/\/revistavitrineibiuna.com.br\/?p=36568#primaryimage\"},\"datePublished\":\"2026-09-06T18:12:41+00:00\",\"dateModified\":\"2026-09-06T18:36:29+00:00\",\"breadcrumb\":{\"@id\":\"http:\/\/revistavitrineibiuna.com.br\/?p=36568#breadcrumb\"},\"inLanguage\":\"pt-BR\",\"potentialAction\":[{\"@type\":\"ReadAction\",\"target\":[\"http:\/\/revistavitrineibiuna.com.br\/?p=36568\"]}]},{\"@type\":\"BreadcrumbList\",\"@id\":\"http:\/\/revistavitrineibiuna.com.br\/?p=36568#breadcrumb\",\"itemListElement\":[{\"@type\":\"ListItem\",\"position\":1,\"item\":{\"@type\":\"WebPage\",\"@id\":\"https:\/\/revistavitrineibiuna.com.br\/\",\"url\":\"https:\/\/revistavitrineibiuna.com.br\/\",\"name\":\"In\\u00edcio\"}},{\"@type\":\"ListItem\",\"position\":2,\"item\":{\"@type\":\"WebPage\",\"@id\":\"http:\/\/revistavitrineibiuna.com.br\/?p=36568\",\"url\":\"http:\/\/revistavitrineibiuna.com.br\/?p=36568\",\"name\":\"DR. BORGES MORRE AOS 77 ANOS NO RIO GRANDE DO SUL\"}}]},{\"@type\":\"Article\",\"@id\":\"http:\/\/revistavitrineibiuna.com.br\/?p=36568#article\",\"isPartOf\":{\"@id\":\"http:\/\/revistavitrineibiuna.com.br\/?p=36568#webpage\"},\"author\":{\"@id\":\"https:\/\/revistavitrineibiuna.com.br\/#\/schema\/person\/e51ef49d6d88170ea21ceabff3f73deb\"},\"headline\":\"DR. BORGES MORRE AOS 77 ANOS NO RIO GRANDE DO SUL\",\"datePublished\":\"2026-09-06T18:12:41+00:00\",\"dateModified\":\"2026-09-06T18:36:29+00:00\",\"mainEntityOfPage\":{\"@id\":\"http:\/\/revistavitrineibiuna.com.br\/?p=36568#webpage\"},\"commentCount\":0,\"publisher\":{\"@id\":\"https:\/\/revistavitrineibiuna.com.br\/#\/schema\/person\/e51ef49d6d88170ea21ceabff3f73deb\"},\"image\":{\"@id\":\"http:\/\/revistavitrineibiuna.com.br\/?p=36568#primaryimage\"},\"articleSection\":\"Rapidinhas\",\"inLanguage\":\"pt-BR\",\"potentialAction\":[{\"@type\":\"CommentAction\",\"name\":\"Comment\",\"target\":[\"http:\/\/revistavitrineibiuna.com.br\/?p=36568#respond\"]}]},{\"@type\":[\"Person\",\"Organization\"],\"@id\":\"https:\/\/revistavitrineibiuna.com.br\/#\/schema\/person\/e51ef49d6d88170ea21ceabff3f73deb\",\"name\":\"Carlos Rossini\",\"image\":{\"@type\":\"ImageObject\",\"@id\":\"https:\/\/revistavitrineibiuna.com.br\/#personlogo\",\"inLanguage\":\"pt-BR\",\"url\":\"https:\/\/secure.gravatar.com\/avatar\/4f2d0f99fac1f85c7d643f21f5c8d900?s=96&d=mm&r=g\",\"caption\":\"Carlos Rossini\"},\"logo\":{\"@id\":\"https:\/\/revistavitrineibiuna.com.br\/#personlogo\"},\"description\":\"Carlos Rossini \\u00e9 jornalista, soci\\u00f3logo, escritor e professor universit\\u00e1rio, tendo sido professor de jornalismo por vinte anos. Trabalhou em ve\\u00edculos de comunica\\u00e7\\u00e3o nas fun\\u00e7\\u00f5es de rep\\u00f3rter, redator, editor, articulista e colaborador, como Folha de S. Paulo, O Estado de S. Paulo, Di\\u00e1rio Popular, entre outros. Ao transferir a revista vitrine, vers\\u00e3o imprensa, de S\\u00e3o Paulo para Ibi\\u00fana h\\u00e1 alguns anos, iniciou uma nova experi\\u00eancia profissional, dedicando-se ao jornalismo regional, depois de cumprir uma trajet\\u00f3ria bem-sucedida na grande imprensa brasileira. Seu primeiro livro A Coragem de Comunicar foi lan\\u00e7ado na Bienal do Livro em S\\u00e3o Paulo no ano 2000, pela editora Madras.\"}]}<\/script>\n<!-- \/ Yoast SEO plugin. -->","_links":{"self":[{"href":"https:\/\/revistavitrineibiuna.com.br\/index.php?rest_route=\/wp\/v2\/posts\/36568"}],"collection":[{"href":"https:\/\/revistavitrineibiuna.com.br\/index.php?rest_route=\/wp\/v2\/posts"}],"about":[{"href":"https:\/\/revistavitrineibiuna.com.br\/index.php?rest_route=\/wp\/v2\/types\/post"}],"author":[{"embeddable":true,"href":"https:\/\/revistavitrineibiuna.com.br\/index.php?rest_route=\/wp\/v2\/users\/1"}],"replies":[{"embeddable":true,"href":"https:\/\/revistavitrineibiuna.com.br\/index.php?rest_route=%2Fwp%2Fv2%2Fcomments&post=36568"}],"version-history":[{"count":1,"href":"https:\/\/revistavitrineibiuna.com.br\/index.php?rest_route=\/wp\/v2\/posts\/36568\/revisions"}],"predecessor-version":[{"id":36570,"href":"https:\/\/revistavitrineibiuna.com.br\/index.php?rest_route=\/wp\/v2\/posts\/36568\/revisions\/36570"}],"wp:featuredmedia":[{"embeddable":true,"href":"https:\/\/revistavitrineibiuna.com.br\/index.php?rest_route=\/wp\/v2\/media\/36572"}],"wp:attachment":[{"href":"https:\/\/revistavitrineibiuna.com.br\/index.php?rest_route=%2Fwp%2Fv2%2Fmedia&parent=36568"}],"wp:term":[{"taxonomy":"category","embeddable":true,"href":"https:\/\/revistavitrineibiuna.com.br\/index.php?rest_route=%2Fwp%2Fv2%2Fcategories&post=36568"},{"taxonomy":"post_tag","embeddable":true,"href":"https:\/\/revistavitrineibiuna.com.br\/index.php?rest_route=%2Fwp%2Fv2%2Ftags&post=36568"}],"curies":[{"name":"wp","href":"https:\/\/api.w.org\/{rel}","templated":true}]}}